{"id":633,"date":"2022-11-16T14:21:12","date_gmt":"2022-11-16T17:21:12","guid":{"rendered":"https:\/\/xn--tuvozdiasporaespaola-k7b.com\/?p=633"},"modified":"2022-11-16T14:25:33","modified_gmt":"2022-11-16T17:25:33","slug":"vamos-a-seguir-luchando-para-una-ley-de-nacionalidad-que-cubra-a-todos-los-descendientes","status":"publish","type":"post","link":"https:\/\/xn--tuvozdiasporaespaola-k7b.com\/page\/2\/vamos-a-seguir-luchando-para-una-ley-de-nacionalidad-que-cubra-a-todos-los-descendientes\/","title":{"rendered":"\u201cVamos a seguir luchando para una Ley de Nacionalidad que cubra a todos los descendientes\u201d"},"content":{"rendered":"\n<p>Entrevistada por Roberto San Mart\u00edn para el programa radial \u201cCenizas de Babilonia. Di\u00e1spora Espa\u00f1ola\u201d (AM570 Radio Argentina), Violeta Alonso, Presidenta del Consejo General Para la Ciudadan\u00eda Espa\u00f1ola en el Exterior, se refiri\u00f3, entre otros temas, a la nueva Ley de Memoria Democr\u00e1tica, al Voto Rogado, a la recuperaci\u00f3n de los viajes del imserso y a la agilizaci\u00f3n de las homologaciones de t\u00edtulos. \u201c<em>Hemos tenido la satisfacci\u00f3n de ver c\u00f3mo reivindicaciones hist\u00f3ricas, no s\u00f3lo del Consejo General, sino tambi\u00e9n de los CREs y de otras organizaciones, han ido viendo la luz despu\u00e9s de muchos a\u00f1os de lucha\u201d,<\/em> sostuvo durante la entrevista.<br \/><br \/>Tras largos meses de intenso trabajo se han creado, adem\u00e1s de las cuatro comisiones que tiene tradicionalmente el Consejo General (Derechos Civiles, Socio-laboral, Mujeres y J\u00f3venes, y Educaci\u00f3n, Cultura y Deportes) dos nuevas comisiones. \u201c<em>Una de Comunicaci\u00f3n y otra de normativa que lleva un trabajo muy intenso para proponer cambios para la nueva reglamentaci\u00f3n del Estatuto de la Ciudadan\u00eda Espa\u00f1ola en el Exterior. Hemos comenzado el trabajo para proponer algunos cambios de reforma en el Consejo General y en los Consejos de Residentes Espa\u00f1oles\u201d<\/em><br \/><br \/>En cuanto a la recepci\u00f3n de la aprobaci\u00f3n de la Ley de Memoria Democr\u00e1tica en el Consejo, Alonso asegur\u00f3 que \u201c<em>Ha llegado con mucha alegr\u00eda porque finalmente la instrucci\u00f3n de este disposici\u00f3n adicional octava ha incluido a muchos m\u00e1s descendientes de los que se esperaba y de los que en primera instancia hab\u00eda incluido el Ministerio de Justicia. Estamos muy contentos, aunque todav\u00eda hay casos que van a quedar fuera de esta ley. Desde el Consejo General vamos a seguir luchando para que haya una Ley de Nacionalidad que cubra a todos los descendientes y que no sea una ley que tenga ventanas temporales de dos a\u00f1os, sino que un descendiente siempre pueda solicitar la nacionalidad espa\u00f1ola\u201d.<\/em><\/p>\n\n\n\n<figure class=\"wp-block-image size-large\"><img fetchpriority=\"high\" decoding=\"async\" width=\"1600\" height=\"1200\" src=\"http:\/\/xn--tuvozdiasporaespaola-k7b.com\/wp-content\/uploads\/2022\/11\/img-20221115-wa01236703174386615273530.jpg?w=1024\" alt=\"\" class=\"wp-image-630\" srcset=\"https:\/\/xn--tuvozdiasporaespaola-k7b.com\/wp-content\/uploads\/2022\/11\/img-20221115-wa01236703174386615273530.jpg 1600w, https:\/\/xn--tuvozdiasporaespaola-k7b.com\/wp-content\/uploads\/2022\/11\/img-20221115-wa01236703174386615273530-300x225.jpg 300w, https:\/\/xn--tuvozdiasporaespaola-k7b.com\/wp-content\/uploads\/2022\/11\/img-20221115-wa01236703174386615273530-1024x768.jpg 1024w, https:\/\/xn--tuvozdiasporaespaola-k7b.com\/wp-content\/uploads\/2022\/11\/img-20221115-wa01236703174386615273530-768x576.jpg 768w, https:\/\/xn--tuvozdiasporaespaola-k7b.com\/wp-content\/uploads\/2022\/11\/img-20221115-wa01236703174386615273530-1568x1176.jpg 1568w\" sizes=\"(max-width: 1600px) 100vw, 1600px\" \/><figcaption class=\"wp-element-caption\">Informaci\u00f3n de CDEU en Argentina sobre ley de Nacionalidad.<\/figcaption><\/figure>\n\n\n\n<p>Dada la carencia actual de medios en los consulados y delegaciones diplom\u00e1ticas espa\u00f1olas, podr\u00edan aparecer algunos problemas de implementaci\u00f3n de la nueva ley. A este respecto la Presidenta del Consejo General Para la Ciudadan\u00eda Espa\u00f1ola en el Exterior afirm\u00f3 que \u201c<em>Lo que m\u00e1s nos preocupa es que con esta ventana de tiempo tan limitada, de dos a\u00f1os, ampliable a alguno m\u00e1s, hubiese gente en los pa\u00edses con mayor demanda de solicitudes que no pudiesen llegar a obtener una cita a tiempo y hacer los tr\u00e1mites en los consulados. Nos hemos reunido la semana pasada con el Director General de Consulados para ver c\u00f3mo se est\u00e1n aumentando las capacidades de los consulados en recursos.<\/em><\/p>\n\n\n\n<figure class=\"wp-block-image size-large\"><img decoding=\"async\" width=\"1200\" height=\"871\" src=\"http:\/\/xn--tuvozdiasporaespaola-k7b.com\/wp-content\/uploads\/2022\/11\/20220705073704926563458277083757197758.jpg?w=1024\" alt=\"\" class=\"wp-image-631\" srcset=\"https:\/\/xn--tuvozdiasporaespaola-k7b.com\/wp-content\/uploads\/2022\/11\/20220705073704926563458277083757197758.jpg 1200w, https:\/\/xn--tuvozdiasporaespaola-k7b.com\/wp-content\/uploads\/2022\/11\/20220705073704926563458277083757197758-300x218.jpg 300w, https:\/\/xn--tuvozdiasporaespaola-k7b.com\/wp-content\/uploads\/2022\/11\/20220705073704926563458277083757197758-1024x743.jpg 1024w, https:\/\/xn--tuvozdiasporaespaola-k7b.com\/wp-content\/uploads\/2022\/11\/20220705073704926563458277083757197758-768x557.jpg 768w\" sizes=\"(max-width: 1200px) 100vw, 1200px\" \/><\/figure>\n\n\n\n<p><em>Y algunos de los puntos de los que hemos hablado para intentar paliar estos problemas es, por una parte, la posibilidad de establecer tambi\u00e9n para la recepci\u00f3n de solicitudes algunos consulados itinerantes como en sitios como en Cuba, que adem\u00e1s de Argentina es uno de los pa\u00edses que m\u00e1s solicitudes tendr\u00e1. Se est\u00e1 trabajando tambi\u00e9n para que si los padres tienen que hacer la solicitud de nacionalidad, los hijos no tengan que esperar a que esta est\u00e9 tramitada y se pueda hacer una especie de solicitud al mismo tiempo. Y lo m\u00e1s importante es que en el transcurso de los meses, si los consulados est\u00e1n con mucha recarga y no logran ser capaces de atender en este per\u00edodo de tiempo todas las solicitudes, lo que se establecer\u00e1 son mecanismos para aplicar una especie de intenci\u00f3n de tramitaci\u00f3n; de tal manera que pueda quedar recogido en este periodo de dos a\u00f1os que la persona tiene intenci\u00f3n de iniciar este tr\u00e1mite, y aunque no est\u00e9 iniciado de facto con la entrega de todas las solicitudes, pues conste como tal para que nadie, por el per\u00edodo de dos a\u00f1os, quede fuera de hacer la tramitaci\u00f3n\u201d.<\/em><\/p>\n\n\n\n<p>Sobre la convalidaci\u00f3n de t\u00edtulos de espa\u00f1oles que han realizado sus carreras profesionales fuera de Espa\u00f1a, Alonso se\u00f1al\u00f3 que \u201c<em>Se ha publicado en el BOE un nuevo Real Decreto que establece m\u00e9todos de agilizaci\u00f3n para la homologaci\u00f3n y la declaraci\u00f3n de equivalencia de t\u00edtulos extranjeros. Hay mucha demanda en las homologaciones y este Real Decreto establece que todos los tramites pasar\u00e1n a hacerse de forma telem\u00e1tica a trav\u00e9s de la sede electr\u00f3nica del Ministerio de Universidades y la administraci\u00f3n tiene en total, desde que se inicia el procedimiento, seis meses para gestionar la solicitud y establecer la convalidaci\u00f3n de t\u00edtulos o desestimarla; con lo cual se van a agilizar los tiempos. La Comisi\u00f3n de Educaci\u00f3n, Cultura y Deporte estar\u00e1 pendiente de c\u00f3mo va la implantaci\u00f3n de este real decreto, de ver si realmente agiliza las homologaciones de t\u00edtulos. Y tambi\u00e9n de lo que se est\u00e1 ocupando ahora la comisi\u00f3n es en ver qu\u00e9 ocurre con las tramitaciones que ya se han iniciado previamente a la publicaci\u00f3n de este real decreto. Porque no se puede volver a iniciar la tramitaci\u00f3n y existe la preocupaci\u00f3n de que estas se demoren o que queden en el limbo. Entonces desde esta comisi\u00f3n se intentar\u00e1 tener una reuni\u00f3n con los responsables del Ministerio de Universidades. Por una parte para ver qu\u00e9 pasa con estas tramitaciones pendientes y tambi\u00e9n para ver c\u00f3mo va funcionando la implantaci\u00f3n de este nuevo real decreto\u201d.<\/em><\/p>\n\n\n\n<figure class=\"wp-block-image size-large\"><img decoding=\"async\" width=\"1024\" height=\"683\" src=\"http:\/\/xn--tuvozdiasporaespaola-k7b.com\/wp-content\/uploads\/2022\/11\/102138-1024x6837995255764213787879-1.jpg?w=1024\" alt=\"\" class=\"wp-image-635\" srcset=\"https:\/\/xn--tuvozdiasporaespaola-k7b.com\/wp-content\/uploads\/2022\/11\/102138-1024x6837995255764213787879-1.jpg 1024w, https:\/\/xn--tuvozdiasporaespaola-k7b.com\/wp-content\/uploads\/2022\/11\/102138-1024x6837995255764213787879-1-300x200.jpg 300w, https:\/\/xn--tuvozdiasporaespaola-k7b.com\/wp-content\/uploads\/2022\/11\/102138-1024x6837995255764213787879-1-768x512.jpg 768w\" sizes=\"(max-width: 1024px) 100vw, 1024px\" \/><figcaption class=\"wp-element-caption\">Reuni\u00f3n del Consejo General de la Ciudadan\u00eda Espa\u00f1ola en el Exterior <\/figcaption><\/figure>\n\n\n\n<p>En cuanto al procedimiento para inscribir a un menor adoptado por espa\u00f1oles en el extranjero, Presidenta del Consejo General Para la Ciudadan\u00eda Espa\u00f1ola en el Exterior afirm\u00f3 que \u201c<em>Si una pareja de espa\u00f1oles est\u00e1n viviendo en otro pa\u00eds y adoptan a un menor del pa\u00eds en el que residen, no se tratar\u00eda de una adopci\u00f3n internacional que funcionan de manera diferente, sino que los tr\u00e1mites de adopci\u00f3n se van a gestionar directamente con las autoridades locales competentes en esa demarcaci\u00f3n consular. Y a continuaci\u00f3n deber\u00e1n inscribir la adopci\u00f3n en el registro civil del consulado en donde est\u00e9n residiendo\u201d.<\/em><\/p>\n\n\n\n<p>Walter Medina,  Equipo de Redacci\u00f3n de Revista TU VOZ   Delegaci\u00f3n Argentina.<\/p>\n","protected":false},"excerpt":{"rendered":"<p>Entrevistada por Roberto San Mart\u00edn para el programa radial \u201cCenizas de Babilonia. Di\u00e1spora Espa\u00f1ola\u201d (AM570 Radio Argentina), Violeta Alonso, Presidenta del Consejo General Para &#8230; <\/p>\n<p class=\"read-more-container\"><a title=\"\u201cVamos a seguir luchando para una Ley de Nacionalidad que cubra a todos los descendientes\u201d\" class=\"read-more button\" href=\"https:\/\/xn--tuvozdiasporaespaola-k7b.com\/page\/2\/vamos-a-seguir-luchando-para-una-ley-de-nacionalidad-que-cubra-a-todos-los-descendientes\/#more-633\" aria-label=\"M\u00e1s en \u201cVamos a seguir luchando para una Ley de Nacionalidad que cubra a todos los descendientes\u201d\">Leer m\u00e1s<\/a><\/p>\n","protected":false},"author":222560522,"featured_media":0,"comment_status":"open","ping_status":"open","sticky":false,"template":"","format":"standard","meta":{"footnotes":""},"categories":[1771],"tags":[],"class_list":["post-633","post","type-post","status-publish","format-standard","hentry","category-sociales"],"_links":{"self":[{"href":"https:\/\/xn--tuvozdiasporaespaola-k7b.com\/page\/2\/wp-json\/wp\/v2\/posts\/633","targetHints":{"allow":["GET"]}}],"collection":[{"href":"https:\/\/xn--tuvozdiasporaespaola-k7b.com\/page\/2\/wp-json\/wp\/v2\/posts"}],"about":[{"href":"https:\/\/xn--tuvozdiasporaespaola-k7b.com\/page\/2\/wp-json\/wp\/v2\/types\/post"}],"author":[{"embeddable":true,"href":"https:\/\/xn--tuvozdiasporaespaola-k7b.com\/page\/2\/wp-json\/wp\/v2\/users\/222560522"}],"replies":[{"embeddable":true,"href":"https:\/\/xn--tuvozdiasporaespaola-k7b.com\/page\/2\/wp-json\/wp\/v2\/comments?post=633"}],"version-history":[{"count":0,"href":"https:\/\/xn--tuvozdiasporaespaola-k7b.com\/page\/2\/wp-json\/wp\/v2\/posts\/633\/revisions"}],"wp:attachment":[{"href":"https:\/\/xn--tuvozdiasporaespaola-k7b.com\/page\/2\/wp-json\/wp\/v2\/media?parent=633"}],"wp:term":[{"taxonomy":"category","embeddable":true,"href":"https:\/\/xn--tuvozdiasporaespaola-k7b.com\/page\/2\/wp-json\/wp\/v2\/categories?post=633"},{"taxonomy":"post_tag","embeddable":true,"href":"https:\/\/xn--tuvozdiasporaespaola-k7b.com\/page\/2\/wp-json\/wp\/v2\/tags?post=633"}],"curies":[{"name":"wp","href":"https:\/\/api.w.org\/{rel}","templated":true}]}}