{"id":625,"date":"2022-11-15T22:45:27","date_gmt":"2022-11-16T01:45:27","guid":{"rendered":"https:\/\/xn--tuvozdiasporaespaola-k7b.com\/?p=625"},"modified":"2022-11-16T11:36:46","modified_gmt":"2022-11-16T14:36:46","slug":"las-encuestas-nos-dan-la-entrada-en-las-cortes-de-castilla-la-mancha","status":"publish","type":"post","link":"https:\/\/xn--tuvozdiasporaespaola-k7b.com\/page\/2\/las-encuestas-nos-dan-la-entrada-en-las-cortes-de-castilla-la-mancha\/","title":{"rendered":"\u201cLas encuestas nos dan la entrada en las cortes de Castilla La Mancha\u00bb"},"content":{"rendered":"\n<p>Entrevista a Jos\u00e9 Luis Garc\u00eda Gasc\u00f3n.<\/p>\n\n\n\n<p>Jos\u00e9 Luis Garc\u00eda Gasc\u00f3n es Licenciado en Ciencias Ambientales por la Universidad de Granada, con una larga trayectoria pol\u00edtica. Desempe\u00f1\u00f3 varios cargos, siempre relacionados con la participaci\u00f3n ciudadana. Candidato a la presidencia de la Comunidad Aut\u00f3noma de Castilla La Mancha por Podemos, Garc\u00eda Gasc\u00f3n ha concedido una entrevista para el programa radial \u201cCenizas de Babilonia. Di\u00e1spora Espa\u00f1ola\u201d, presentado por Roberto San Mart\u00edn y Francisco L\u00f3pez, en la que se refiri\u00f3 a la situaci\u00f3n pol\u00edtica actual y a la posibilidad de la entrada en cortes de la agrupaci\u00f3n progresista a la que representa.&nbsp;<\/p>\n\n\n\n<figure class=\"wp-block-image size-large\"><img fetchpriority=\"high\" decoding=\"async\" width=\"1071\" height=\"718\" src=\"http:\/\/xn--tuvozdiasporaespaola-k7b.com\/wp-content\/uploads\/2022\/11\/screenshot_20221116-113529_telegram8980737504657986246.jpg?w=1024\" alt=\"\" class=\"wp-image-628\" srcset=\"https:\/\/xn--tuvozdiasporaespaola-k7b.com\/wp-content\/uploads\/2022\/11\/screenshot_20221116-113529_telegram8980737504657986246.jpg 1071w, https:\/\/xn--tuvozdiasporaespaola-k7b.com\/wp-content\/uploads\/2022\/11\/screenshot_20221116-113529_telegram8980737504657986246-300x201.jpg 300w, https:\/\/xn--tuvozdiasporaespaola-k7b.com\/wp-content\/uploads\/2022\/11\/screenshot_20221116-113529_telegram8980737504657986246-1024x686.jpg 1024w, https:\/\/xn--tuvozdiasporaespaola-k7b.com\/wp-content\/uploads\/2022\/11\/screenshot_20221116-113529_telegram8980737504657986246-768x515.jpg 768w\" sizes=\"(max-width: 1071px) 100vw, 1071px\" \/><figcaption class=\"wp-element-caption\">Jose Luis Garc\u00eda Gasc\u00f3n <\/figcaption><\/figure>\n\n\n\n<p><strong>\u00bfCu\u00e1l es el ambiente pol\u00edtico en tu \u00e1rea en Castilla La Mancha<\/strong>?<\/p>\n\n\n\n<p>Pues el ambiente pol\u00edtico en Castilla La Mancha es de ver que los tres partidos que est\u00e1n en las cortes de la regi\u00f3n ahora mismo, el Partido Socialista de Castilla La Mancha, de Emiliano Garc\u00eda Page; el Partido Popular y Ciudadanos, han venido compitiendo durante toda la legislatura para ver qui\u00e9n plantea medidas m\u00e1s de derechas. Page ha venido haciendo una pol\u00edtica en general muy a la derecha, similar y continuista en esta mayor\u00eda absoluta con la legislatura de Cospedal, con recortes, con privatizaciones, con agresiones al medioambiente, poni\u00e9ndose del lado de los fondos buitre, de las grandes empresas, de las 120 personas m\u00e1s ricas de Castilla La Mancha, de sus redes clientelares y de los bancos. <\/p>\n\n\n\n<p>Lo ha venido diciendo una y otra vez, y ha venido haciendo pol\u00edticas en ese sentido y dando la espalda a la gente de nuestra regi\u00f3n, a los derechos de las mujeres y a la mayor\u00eda social. Ha profundizado las privatizaciones en la sanidad p\u00fablica, tiene aparcada una pol\u00edtica serie de vivienda con la Ley de Vivienda en un caj\u00f3n, ha destruido la principal social de Castilla La Mancha que es el Ingreso M\u00ednimo de Solidaridad, y en plena crisis, ha recortado derechos de los animales en la Ley de Bienestar Animal Auton\u00f3mica y en la Estatal, poni\u00e9ndose del lado de los cazadores; con su damping fiscal a los residuos ha hecho que Castilla La Mancha se convierta en un macro vertedero; y con la moratoria limitada y parcial, siguen habiendo aumentos de nuevas instalaciones de macrograsas en Castilla La Mancha, siendo nuestra comunidad la que m\u00e1s contaminaci\u00f3n por nitratos tienen. Adem\u00e1s, neg\u00e1ndose al trasvase de tajo segura, ha hecho un trasvase interno en Castilla La Mancha, destruyendo nuevamente el ecosistema del r\u00edo Tajo en nuestra regi\u00f3n; aparte de que se ha opuesto al modelo de residencias humano de bedarra, apostando por las macroresidencias de los fondos buitre y la especulaci\u00f3n inmobiliaria. <\/p>\n\n\n\n<p>Entre otras cuestiones, conjuntamente con que no recupera y profundiza la precarizaci\u00f3n laboral del personal p\u00fablico, de los trabajadores y trabajadoras p\u00fablicas de Castilla La Mancha. Redundando en todo esto, Emiliano Garc\u00eda Page ha atacado a la izquierda, al gobierno de coalici\u00f3n progresista de Espa\u00f1a y adem\u00e1s ha venido se\u00f1alando su intenci\u00f3n de se\u00f1alar a grandes acuerdos para un gobierno de gran coalici\u00f3n entre el PSOE y el Partido Popular a nivel de Espa\u00f1a. Y esa es la principal amenaza que tenemos que evitar a nivel hist\u00f3rico en estas pr\u00f3ximas elecciones auton\u00f3micas en Castilla La Mancha, que ese proyecto de gran coalici\u00f3n no resurja desde Castilla La Mancha, evitando que Emiliano Garc\u00eda Page vuelva a ser presidente y consiguiendo que haya una mayor\u00eda de izquierda y un gobierno progresista sin \u00e9l.&nbsp;<\/p>\n\n\n\n<figure class=\"wp-block-image size-large\"><img decoding=\"async\" width=\"870\" height=\"1315\" src=\"http:\/\/xn--tuvozdiasporaespaola-k7b.com\/wp-content\/uploads\/2022\/11\/screenshot_20221115-114020_telegram4214170837248667223.jpg?w=677\" alt=\"\" class=\"wp-image-622\" srcset=\"https:\/\/xn--tuvozdiasporaespaola-k7b.com\/wp-content\/uploads\/2022\/11\/screenshot_20221115-114020_telegram4214170837248667223.jpg 870w, https:\/\/xn--tuvozdiasporaespaola-k7b.com\/wp-content\/uploads\/2022\/11\/screenshot_20221115-114020_telegram4214170837248667223-198x300.jpg 198w, https:\/\/xn--tuvozdiasporaespaola-k7b.com\/wp-content\/uploads\/2022\/11\/screenshot_20221115-114020_telegram4214170837248667223-677x1024.jpg 677w, https:\/\/xn--tuvozdiasporaespaola-k7b.com\/wp-content\/uploads\/2022\/11\/screenshot_20221115-114020_telegram4214170837248667223-768x1161.jpg 768w\" sizes=\"(max-width: 870px) 100vw, 870px\" \/><\/figure>\n\n\n\n<p><strong>En lo referente a la inmigraci\u00f3n, \u00bfhay alg\u00fan tipo de pol\u00edtica espec\u00edfica en tu comunidad aut\u00f3noma que englobe y afecte al inmigrante? Si las hay, \u00bfcu\u00e1les son estas medidas? Y, si no la hay, \u00bfhay alguna propuesta al respecto?<\/strong><\/p>\n\n\n\n<p>Acerca de esto lo primero que quiero decir es que tenemos una inmigraci\u00f3n de m\u00e1s de sesenta mil personas en el a\u00f1o 2021 en Castilla La Mancha, que es similar a los datos de la crisis de 2007, y que por tanto tenemos una situaci\u00f3n muy desfavorable en t\u00e9rminos poblacionales. En realidad estamos perdiendo poblaci\u00f3n permanentemente, aunque este \u00faltimo a\u00f1o hemos subido, pero es un dato que lleva a la confusi\u00f3n, porque en realidad todas las provincias est\u00e1n perdiendo poblaci\u00f3n, salvo Guadalajara y Toledo, por la llegada de personas del \u00e1rea metropolitana de Madrid que se est\u00e1 extendiendo por el corredor de La Sagra y el corredor del Henares. Por lo tanto tenemos un problema muy importante de emigraci\u00f3n de los ciudadanos y ciudadanas de Castilla La Mancha, que adem\u00e1s tiene mucho que ver con que nuestra comunidad aut\u00f3noma es la que peor tasa de emancipaci\u00f3n juvenil tiene, y esto lleva a que los j\u00f3venes salgan de sus casas directamente afuera de nuestra comunidad aut\u00f3noma. Es muy importante aumentar el \u00fanico programa que existe de pol\u00edticas p\u00fablicas que es el programa Retorno Joven que se inici\u00f3 en el a\u00f1o 2017, y en el que Podemos siempre ha tenido un papel destacado para su impulso, consiguiendo que retornen 478 personas, que hay que contrastarlas con las seis mil al a\u00f1o que se van de nuestra regi\u00f3n. Por eso hay que aumentar los fondos y las l\u00edneas de este programa de Retorno Joven, y sobre todo intentar facilitar que la gente tenga condiciones dignas en nuestra regi\u00f3n para que no se tengan que ir y para que quieran volver. Hablamos de hacer pol\u00edticas progresistas para aumentar los derechos de las mujeres, pol\u00edticas educativas, de educaci\u00f3n p\u00fablica, pol\u00edticas de juventud seria, de vivienda para facilitar su acceso, de refuerzos de la sanidad p\u00fablica y eliminar las privatizaciones de Page y de Cospedal, pol\u00edticas de derechos laborales y pol\u00edticas medioambientales que permitan que en Castilla La mancha haya una tierra, un aire y un agua que permita vivir y tener proyectos de vida e impulsar proyectos econ\u00f3micos con una econom\u00eda sostenible en nuestra regi\u00f3n, adem\u00e1s de que se garanticen los derechos de las mujeres cumpliendo la ley del aborto que Page quiere incumplir, por ejemplo.<br \/><br \/><\/p>\n\n\n\n<p><strong>El pr\u00f3ximo a\u00f1o es un a\u00f1o fuertemente electoral en Espa\u00f1a, con las municipales y las generales como los eventos m\u00e1s importantes, \u00bfcu\u00e1les son las perspectivas de Podemos en Castilla La Mancha?<\/strong><\/p>\n\n\n\n<p>Pues las perspectivas para las elecciones de mayo del a\u00f1o que viene son bastante positivas, porque la mayor\u00eda de las encuestas independientes, no las que est\u00e1n pagadas por los dos grandes partidos, nos han venido dando nuestra entrada en las cortes de Castilla La Mancha con un porcentaje de apoyos que es similar al que tuvimos en el a\u00f1o 2019 o incluso subiendo; lo cual para nosotros y nosotras, de confirmarse en las pr\u00f3ximas elecciones, pues ser\u00eda un muy buen resultado porque demostrar\u00eda que aun estando fuera de las instituciones de Castilla La Mancha hemos conseguido hacer un trabajo muy importante en la defensa de los derechos de la gente de nuestra regi\u00f3n. Las encuestas nos dan la entrada en las cortes de Castilla La Mancha, dan seguro que no se va a repetir una mayor\u00eda absoluta de Emiliano Garc\u00eda Page; la gente no aprueba el gobierno de Page y adem\u00e1s no quieren que se vuelva a repetir en mayor\u00eda absoluta; por tanto aumentar los apoyos y los votos al espacio de la confluencia de Podemos implica poder conseguir una mayor\u00eda de izquierdas y entrar\u00edamos con varios diputados y diputada, conseguir una mayor\u00eda de izquierda depende de la entrada de Unidas Podemos en las cortes de Castilla La Mancha. Hay que evitar, por tanto, que haya una mayor\u00eda de derechas y conseguir un gobierno progresista que haga pol\u00edticas para la mayor\u00eda social, para la mejora de los servicios p\u00fablicos, la educaci\u00f3n, la sanidad, la vivienda, las pol\u00edticas sociales, y que este gobierno de mayor\u00eda progresista de coalici\u00f3n, como el gobierno de Espa\u00f1a, en Castilla La Mancha, sea sin Emiliano Garc\u00eda Page que es la principal amenaza para que haya pol\u00edticas de izquierdas, por su trayectoria, por su voluntad pol\u00edtica de derechas, y por su intenci\u00f3n de pactar con el Partido Popular. Respecto a los ayuntamientos es muy importante se\u00f1alar que la pr\u00e1ctica desaparici\u00f3n de ciudadanos en la mayor\u00eda de los consistorios de nuestra regi\u00f3n implica que ahora mismo la \u00fanica posibilidad de pactar del Partido Socialista de Castilla La Mancha, en los ayuntamientos, va a ser con el espacio de la confluencia de Unidas Podemos y los proyectos municipalistas con los que confluyamos. Por tanto va a haber la posibilidad de conseguir muchas mayor\u00edas progresistas que consigan gobiernos de coalici\u00f3n progresista o de alternancia entre el Partido Socialista y las confluencias de Unidas Podemos en las principales ciudades y las capitales de Castilla La Mancha para el a\u00f1o 2023. Por lo tanto creo que nuestro espacio va a ser fundamental y va a conseguir que haya cambios de izquierdas en la mayor\u00eda de los municipios.<\/p>\n\n\n\n<figure class=\"wp-block-image size-large\"><img decoding=\"async\" width=\"1080\" height=\"979\" src=\"http:\/\/xn--tuvozdiasporaespaola-k7b.com\/wp-content\/uploads\/2022\/11\/screenshot_20221115-223906_google5391942710707753771.jpg?w=1024\" alt=\"\" class=\"wp-image-623\" srcset=\"https:\/\/xn--tuvozdiasporaespaola-k7b.com\/wp-content\/uploads\/2022\/11\/screenshot_20221115-223906_google5391942710707753771.jpg 1080w, https:\/\/xn--tuvozdiasporaespaola-k7b.com\/wp-content\/uploads\/2022\/11\/screenshot_20221115-223906_google5391942710707753771-300x272.jpg 300w, https:\/\/xn--tuvozdiasporaespaola-k7b.com\/wp-content\/uploads\/2022\/11\/screenshot_20221115-223906_google5391942710707753771-1024x928.jpg 1024w, https:\/\/xn--tuvozdiasporaespaola-k7b.com\/wp-content\/uploads\/2022\/11\/screenshot_20221115-223906_google5391942710707753771-768x696.jpg 768w\" sizes=\"(max-width: 1080px) 100vw, 1080px\" \/><\/figure>\n\n\n\n<p><strong>\u00bfC\u00f3mo es la relaci\u00f3n de Podemos con Izquierda Unida y con Sumar, la nueva plataforma de Yolanda D\u00edaz en Castilla La Mancha?<\/strong><\/p>\n\n\n\n<p>La relaci\u00f3n con Izquierda Unida es fluida. Hemos venido trabajando y comunicando con ellos y con ellas en esta nueva legislatura, y adem\u00e1s haciendo posici\u00f3n de fuerza y unidad en los principales elementos como fue nuestra propuesta y exigencia de que se aprobase y se pusiese en marcha la reforma del Estatuto de Autonom\u00eda para ganar en derechos, en competencias en Castilla La Mancha, y para poner a nuestra comunidad aut\u00f3noma en el futuro y no en el pasado porque tenemos un estatuto de autonom\u00eda sin tocar desde hace cuarenta a\u00f1os y somos de las pocas comunidades aut\u00f3nomas que no lo hemos reformado. Ah\u00ed estuvimos juntos y juntas, tambi\u00e9n en la proposici\u00f3n no de ley a nivel estatal para tirar atr\u00e1s el proyecto de recuperaci\u00f3n del cementerio nuclear en Castilla La Mancha. Pero hemos venido trabajando conjuntamente, comunicando y coordinando durante toda la legislatura y tenemos la base a nivel pol\u00edtico para una confluencia amplia, donde adem\u00e1s hemos venido comunicando tambi\u00e9n con otros actores, como Verdes Equo y el Partido Castellano. <\/p>\n\n\n\n<figure class=\"wp-block-image size-large\"><img loading=\"lazy\" decoding=\"async\" width=\"840\" height=\"872\" src=\"http:\/\/xn--tuvozdiasporaespaola-k7b.com\/wp-content\/uploads\/2022\/11\/screenshot_20221111-015647_telegram1697647246217204290.jpg?w=840\" alt=\"\" class=\"wp-image-624\" srcset=\"https:\/\/xn--tuvozdiasporaespaola-k7b.com\/wp-content\/uploads\/2022\/11\/screenshot_20221111-015647_telegram1697647246217204290.jpg 840w, https:\/\/xn--tuvozdiasporaespaola-k7b.com\/wp-content\/uploads\/2022\/11\/screenshot_20221111-015647_telegram1697647246217204290-289x300.jpg 289w, https:\/\/xn--tuvozdiasporaespaola-k7b.com\/wp-content\/uploads\/2022\/11\/screenshot_20221111-015647_telegram1697647246217204290-768x797.jpg 768w\" sizes=\"(max-width: 840px) 100vw, 840px\" \/><\/figure>\n\n\n\n<p>En esta confluencia tiene que estar incorporado todo el mundo que quiera trabajar para una regi\u00f3n de esperanza, progresista y de futuro, y adem\u00e1s hemos venido trabajando lo m\u00e1s importante, que es la base social de unidad de la izquierda, con los movimientos sociales y los colectivos que se han venido movilizando para revertir los recortes, las privatizaciones y las agresiones de Emiliano Garc\u00eda Page, y proponiendo medidas urgentes para mejorar nuestra regi\u00f3n. Esa es la base que nos va a permitir desarrollar una confluencia amplia en la que vamos a seguir trabajando.<\/p>\n\n\n\n<p>Walter Medina,  Equipo Redacci\u00f3n de Revista TU VOZ<\/p>\n\n\n\n<p><\/p>\n","protected":false},"excerpt":{"rendered":"<p>Entrevista a Jos\u00e9 Luis Garc\u00eda Gasc\u00f3n. Jos\u00e9 Luis Garc\u00eda Gasc\u00f3n es Licenciado en Ciencias Ambientales por la Universidad de Granada, con una larga trayectoria &#8230; <\/p>\n<p class=\"read-more-container\"><a title=\"\u201cLas encuestas nos dan la entrada en las cortes de Castilla La Mancha\u00bb\" class=\"read-more button\" href=\"https:\/\/xn--tuvozdiasporaespaola-k7b.com\/page\/2\/las-encuestas-nos-dan-la-entrada-en-las-cortes-de-castilla-la-mancha\/#more-625\" aria-label=\"M\u00e1s en \u201cLas encuestas nos dan la entrada en las cortes de Castilla La Mancha\u00bb\">Leer m\u00e1s<\/a><\/p>\n","protected":false},"author":222560522,"featured_media":0,"comment_status":"open","ping_status":"open","sticky":false,"template":"","format":"standard","meta":{"footnotes":""},"categories":[1771],"tags":[],"class_list":["post-625","post","type-post","status-publish","format-standard","hentry","category-sociales"],"_links":{"self":[{"href":"https:\/\/xn--tuvozdiasporaespaola-k7b.com\/page\/2\/wp-json\/wp\/v2\/posts\/625","targetHints":{"allow":["GET"]}}],"collection":[{"href":"https:\/\/xn--tuvozdiasporaespaola-k7b.com\/page\/2\/wp-json\/wp\/v2\/posts"}],"about":[{"href":"https:\/\/xn--tuvozdiasporaespaola-k7b.com\/page\/2\/wp-json\/wp\/v2\/types\/post"}],"author":[{"embeddable":true,"href":"https:\/\/xn--tuvozdiasporaespaola-k7b.com\/page\/2\/wp-json\/wp\/v2\/users\/222560522"}],"replies":[{"embeddable":true,"href":"https:\/\/xn--tuvozdiasporaespaola-k7b.com\/page\/2\/wp-json\/wp\/v2\/comments?post=625"}],"version-history":[{"count":0,"href":"https:\/\/xn--tuvozdiasporaespaola-k7b.com\/page\/2\/wp-json\/wp\/v2\/posts\/625\/revisions"}],"wp:attachment":[{"href":"https:\/\/xn--tuvozdiasporaespaola-k7b.com\/page\/2\/wp-json\/wp\/v2\/media?parent=625"}],"wp:term":[{"taxonomy":"category","embeddable":true,"href":"https:\/\/xn--tuvozdiasporaespaola-k7b.com\/page\/2\/wp-json\/wp\/v2\/categories?post=625"},{"taxonomy":"post_tag","embeddable":true,"href":"https:\/\/xn--tuvozdiasporaespaola-k7b.com\/page\/2\/wp-json\/wp\/v2\/tags?post=625"}],"curies":[{"name":"wp","href":"https:\/\/api.w.org\/{rel}","templated":true}]}}