{"id":614,"date":"2022-11-15T06:52:06","date_gmt":"2022-11-15T09:52:06","guid":{"rendered":"https:\/\/xn--tuvozdiasporaespaola-k7b.com\/?p=614"},"modified":"2022-11-15T06:52:07","modified_gmt":"2022-11-15T09:52:07","slug":"debilitar-a-podemos-andalucia-era-el-primer-paso-organico-de-sumar","status":"publish","type":"post","link":"https:\/\/xn--tuvozdiasporaespaola-k7b.com\/page\/2\/debilitar-a-podemos-andalucia-era-el-primer-paso-organico-de-sumar\/","title":{"rendered":"\u00bfDebilitar a Podemos Andaluc\u00eda era el primer paso org\u00e1nico de Sumar?"},"content":{"rendered":"\n<p>&nbsp;El 14 de noviembre de 2022 ,&nbsp;La Voz del Sur en Andaluc\u00eda&nbsp; publico un&nbsp; Art\u00edculo del cual les compartimos algunos p\u00e1rrafos que nos parecen importantes:<\/p>\n\n\n\n<p>Comienza el art\u00edculo asi, \u00ab<em>Yolanda D\u00edaz accedi\u00f3 sin querer, eso dijo(&#8230;). Designada para liderar Unidas Podemos pod\u00eda no haber aceptado, de facto no lo ha hecho. \u201cEn lugar de sumar resto\u201d.<\/em><\/p>\n\n\n\n<p>El ataque brutal contra Iglesias y su familia es implacable desde 2015, en las elecciones madrile\u00f1as se recrudeci\u00f3 con la colaboraci\u00f3n inicial de las fuerzas adyacentes.<\/p>\n\n\n\n<figure class=\"wp-block-image size-large\"><img fetchpriority=\"high\" decoding=\"async\" width=\"3000\" height=\"1350\" src=\"http:\/\/xn--tuvozdiasporaespaola-k7b.com\/wp-content\/uploads\/2022\/11\/20221106_1432371924080008962525480.jpg?w=1024\" alt=\"\" class=\"wp-image-617\" srcset=\"https:\/\/xn--tuvozdiasporaespaola-k7b.com\/wp-content\/uploads\/2022\/11\/20221106_1432371924080008962525480.jpg 3000w, https:\/\/xn--tuvozdiasporaespaola-k7b.com\/wp-content\/uploads\/2022\/11\/20221106_1432371924080008962525480-300x135.jpg 300w, https:\/\/xn--tuvozdiasporaespaola-k7b.com\/wp-content\/uploads\/2022\/11\/20221106_1432371924080008962525480-1024x461.jpg 1024w, https:\/\/xn--tuvozdiasporaespaola-k7b.com\/wp-content\/uploads\/2022\/11\/20221106_1432371924080008962525480-768x346.jpg 768w, https:\/\/xn--tuvozdiasporaespaola-k7b.com\/wp-content\/uploads\/2022\/11\/20221106_1432371924080008962525480-1568x706.jpg 1568w\" sizes=\"(max-width: 3000px) 100vw, 3000px\" \/><\/figure>\n\n\n\n<p>\u00ab<em>Yolanda D\u00edaz casi destruye su potencial liderazgo si la reforma laboral no sale; lo confes\u00f3 a \u00c9vole antes de la votaci\u00f3n. Dej\u00f3 la negociaci\u00f3n parlamentaria en manos del PSOE y abandon\u00f3 a ERC oyendo a la CEOE y a cierto centralismo sindical. Sali\u00f3 de chamba. Espa\u00f1a es plurinacional tambi\u00e9n en demandas laborales y especificidades territoriales(&#8230;)habla siempre de su propuesta de escucha con un discurso antipartidos. Todo el mundo sabe a qui\u00e9n beneficia el discurso antipartidos. Denostar lo que te ha aupado es m\u00e1s restar que sumar(&#8230;) no ejerce funci\u00f3n coordinadora en la cuota de gobierno de Unidas Podemos, cinco ministerios. Meses sin articular un discurso pol\u00edtico consensuado con los representantes ministeriales de los partidos por los cuales es vicepresidenta, meses alejada de una foto con sus ministras. Guerra de Ucrania, S\u00e1hara, cumbre de la OTAN, audios de Ferreras, momentos para manifestar posici\u00f3n clara y r\u00e1pida han resultado momentos de alineamiento belicista, elusi\u00f3n del choque con la posici\u00f3n de S\u00e1nchez o demora en la opini\u00f3n\u00bb.<\/em><\/p>\n\n\n\n<p> Sobre Andaluc\u00eda &nbsp; LA VOZ&nbsp; del Sur continua:<\/p>\n\n\n\n<p><em>\u00abLlegaron las elecciones andaluzas(&#8230;), Vimos con estupor la foto de la Feria de Abril. El discurso antipartidos de Yolanda D\u00edaz signific\u00f3 que todos los partidos eran necesarios menos Podemos Andaluc\u00eda. Apartar del escenario la opci\u00f3n cuya militancia, contabilizada por seis miles, hab\u00eda celebrado primarias para elegir candidatura son\u00f3 a desprecio colonial\u00bb.<\/em><\/p>\n\n\n\n<figure class=\"wp-block-image size-large\"><img decoding=\"async\" width=\"1034\" height=\"776\" src=\"http:\/\/xn--tuvozdiasporaespaola-k7b.com\/wp-content\/uploads\/2022\/11\/diaz-y-garzon449366310558130199.jpg?w=1024\" alt=\"\" class=\"wp-image-616\" srcset=\"https:\/\/xn--tuvozdiasporaespaola-k7b.com\/wp-content\/uploads\/2022\/11\/diaz-y-garzon449366310558130199.jpg 1034w, https:\/\/xn--tuvozdiasporaespaola-k7b.com\/wp-content\/uploads\/2022\/11\/diaz-y-garzon449366310558130199-300x225.jpg 300w, https:\/\/xn--tuvozdiasporaespaola-k7b.com\/wp-content\/uploads\/2022\/11\/diaz-y-garzon449366310558130199-1024x768.jpg 1024w, https:\/\/xn--tuvozdiasporaespaola-k7b.com\/wp-content\/uploads\/2022\/11\/diaz-y-garzon449366310558130199-768x576.jpg 768w\" sizes=\"(max-width: 1034px) 100vw, 1034px\" \/><figcaption class=\"wp-element-caption\">M\u00e1s Andalucia, Izquierda Unida y Yolanda D\u00edaz <\/figcaption><\/figure>\n\n\n\n<p>&nbsp;\u00ab<em>Las maniobras durante la Feria de Sevilla constataron que en las bambalinas de la escucha estaba la intenci\u00f3n de debilitar a Podemos, no as\u00ed a IU ni a M\u00e1s Madrid. El nuevo carmenismo de Estado tropez\u00f3 en Andaluc\u00eda, como lo hizo M\u00e1s Pa\u00eds en 2019.&nbsp; cantos de sirena de la capital del reino\u00bb&nbsp;&nbsp;<\/em><\/p>\n\n\n\n<p>&nbsp;Seguro que sus patrocinadores del PSOE o M\u00e1s Madrid y tal vez las \u00e9lites Medi\u00e1ticas le dijeron las instrucciones precisas \u00a1al\u00e9jate de Podemos y ser\u00e1s grande!<\/p>\n\n\n\n<p>\u00ab<em>No hay pol\u00edtica sin territorio, ni pol\u00edtica sin partidos, la pol\u00edtica es tomar partido. Yolanda D\u00edaz quiere formar una organizaci\u00f3n. Est\u00e1 bien, es democr\u00e1tico. En Espa\u00f1a hay territorios regionales y territorios nacionales, Andaluc\u00eda es un territorio nacional desde el 4 de diciembre de 1977. Debilitar a Podemos Andaluc\u00eda era el primer paso org\u00e1nico de Sumar antes de nacer, sali\u00f3 muy mal. Achicar el espacio de Podemos en el estado era achicarlo en Andaluc\u00eda, una cuesti\u00f3n cuantitativa. El pacto andaluz de Yolanda D\u00edaz se fragu\u00f3 en Madrid, Andaluc\u00eda para el PCE, Madrid para M\u00e1s Madrid a cambio de encabezar la provincia que alberga la capital andaluza, Sevilla. Muy pocos de fuera en la izquierda entienden Andaluc\u00eda, en Galicia menos.\u00bb<\/em> Continua\u00a0 La Voz del sur.<\/p>\n\n\n\n<figure class=\"wp-block-image size-large\"><img decoding=\"async\" width=\"736\" height=\"552\" src=\"http:\/\/xn--tuvozdiasporaespaola-k7b.com\/wp-content\/uploads\/2022\/11\/kqjwhdlgscfs4ilmctpnlwcdqa6410762310810177729.jpg?w=736\" alt=\"\" class=\"wp-image-615\" srcset=\"https:\/\/xn--tuvozdiasporaespaola-k7b.com\/wp-content\/uploads\/2022\/11\/kqjwhdlgscfs4ilmctpnlwcdqa6410762310810177729.jpg 736w, https:\/\/xn--tuvozdiasporaespaola-k7b.com\/wp-content\/uploads\/2022\/11\/kqjwhdlgscfs4ilmctpnlwcdqa6410762310810177729-300x225.jpg 300w\" sizes=\"(max-width: 736px) 100vw, 736px\" \/><figcaption class=\"wp-element-caption\">Yolanda Diaz junto a IU y PSOE<\/figcaption><\/figure>\n\n\n\n<p>\u00ab<em>El proyecto de Yolanda D\u00edaz pasaba, ya no puede, por negociar con Comprom\u00eds en el Pa\u00eds Valenci\u00e1 (la foto de Valencia), apoyarse en Los Comunes en Catalu\u00f1a (la foto de Barcelona), entregar Madrid a M\u00e1s Madrid y debilitar mortalmente a Podemos entregando Andaluc\u00eda al PCE (la foto de la Feria de Sevilla). El D\u00eda de Galicia dijo que no llegaba para las municipales y auton\u00f3micas de mayo de 2023, taponando la fuerza de un proyecto de transformaci\u00f3n del estado y la visibilidad de sus posibles liderazgos (la foto del 8J en Madrid)\u00bb.<\/em><\/p>\n\n\n\n<p>Los n\u00fameros de la \u00faltima encuesta del CIS, publicados por 20 Minutos en un art\u00edculo titulado As\u00ed retrata el CIS a la izquierda del PSOE: el 41% de los votantes se declara de Podemos, el 34% de UP, el 17% de Sumar y el 6% de IU, significan lo siguiente: Los porcentajes de Podemos y UP son votos podemitas, suman el 75%.\u00bb<\/p>\n\n\n\n<p>Resumiendo PODEMOS es la \u00fanica fuerza que tiene capacidad de cambiar las cosas y ser parte activa de un Frente Amplio con todes los partidos dentro sin renunciar a sus ra\u00edces BNG, COMPROMIS,IU, MAS MADRID&nbsp; En COMUN PODEM, SUMAR, BILDU y como pieza angular PODEMOS con implantaci\u00f3n en todo territorio de Espa\u00f1a.<\/p>\n\n\n\n<p>\u00ab<em>En este contexto cobra valor que Podemos refuerce su propia l\u00ednea de horizonte estrat\u00e9gico, piense en su organizaci\u00f3n en t\u00e9rminos plurinacionales, y siga definiendo un proyecto propio de profundizaci\u00f3n democr\u00e1tica y desmantelamiento de las estructuras franquistas incrustadas en el r\u00e9gimen del 78(&#8230;) Ojal\u00e1 haya unidad, y lealtad, con respeto, lo dej\u00f3 escrito Iv\u00e1n Redondo en La Vanguardia el 23 de mayo de este a\u00f1o: \u201cSus electores duermen a la espera del \u201creencuentro\u201d con Yolanda D\u00edaz y a la vez del reconocimiento de la vicepresidenta de que el coche tendr\u00e1 motor Podemos o no saldr\u00e1 del box.\u201d<\/em> y termina diciendo:<\/p>\n\n\n\n<p>\u00ab<em>Lo importante de las diferencias entre Yolanda D\u00edaz y Podemos no est\u00e1 en ning\u00fan problema personal de la primera con Pablo Iglesias, como interesadamente dicen la mayor\u00eda de los analistas de la derecha, de la progres\u00eda y hasta de la izquierda, el asunto es pol\u00edtico y de fondo ideol\u00f3gico: continuismo o avance democr\u00e1tico, replegarse al bipartidismo del 78 o ser leales al \u201cno nos representan\u201d de 2011&#8243;.<\/em><\/p>\n\n\n\n<figure class=\"wp-block-image size-large\"><img loading=\"lazy\" decoding=\"async\" width=\"3000\" height=\"2250\" src=\"http:\/\/xn--tuvozdiasporaespaola-k7b.com\/wp-content\/uploads\/2022\/11\/20221104_2029502997804571674421343.jpg?w=1024\" alt=\"\" class=\"wp-image-618\" srcset=\"https:\/\/xn--tuvozdiasporaespaola-k7b.com\/wp-content\/uploads\/2022\/11\/20221104_2029502997804571674421343.jpg 3000w, https:\/\/xn--tuvozdiasporaespaola-k7b.com\/wp-content\/uploads\/2022\/11\/20221104_2029502997804571674421343-300x225.jpg 300w, https:\/\/xn--tuvozdiasporaespaola-k7b.com\/wp-content\/uploads\/2022\/11\/20221104_2029502997804571674421343-1024x768.jpg 1024w, https:\/\/xn--tuvozdiasporaespaola-k7b.com\/wp-content\/uploads\/2022\/11\/20221104_2029502997804571674421343-768x576.jpg 768w, https:\/\/xn--tuvozdiasporaespaola-k7b.com\/wp-content\/uploads\/2022\/11\/20221104_2029502997804571674421343-1568x1176.jpg 1568w\" sizes=\"(max-width: 3000px) 100vw, 3000px\" \/><figcaption class=\"wp-element-caption\">Uni de oto\u00f1o la reafirmaci\u00f3n de la militancia de Podemos y sus bases <\/figcaption><\/figure>\n\n\n\n<p>Excelente Art\u00edculo el cual les compartimos en Revista TU VOZ para que la di\u00e1spora espa\u00f1ola en Latinoam\u00e9rica y en el exterior este al tanto de lo que acontece en Espa\u00f1a con respecto a SUMAR&nbsp; y Yolanda Diaz.<\/p>\n\n\n\n<p>Redacci\u00f3n Revista TU VOZ Latinoam\u00e9rica.<\/p>\n\n\n\n<p>Delegaci\u00f3n Argentina.<\/p>\n\n\n\n<p>FUENTE : La voz del Sur.<\/p>\n","protected":false},"excerpt":{"rendered":"<p>&nbsp;El 14 de noviembre de 2022 ,&nbsp;La Voz del Sur en Andaluc\u00eda&nbsp; publico un&nbsp; Art\u00edculo del cual les compartimos algunos p\u00e1rrafos que nos parecen &#8230; <\/p>\n<p class=\"read-more-container\"><a title=\"\u00bfDebilitar a Podemos Andaluc\u00eda era el primer paso org\u00e1nico de Sumar?\" class=\"read-more button\" href=\"https:\/\/xn--tuvozdiasporaespaola-k7b.com\/page\/2\/debilitar-a-podemos-andalucia-era-el-primer-paso-organico-de-sumar\/#more-614\" aria-label=\"M\u00e1s en \u00bfDebilitar a Podemos Andaluc\u00eda era el primer paso org\u00e1nico de Sumar?\">Leer m\u00e1s<\/a><\/p>\n","protected":false},"author":222560522,"featured_media":0,"comment_status":"open","ping_status":"open","sticky":false,"template":"","format":"standard","meta":{"footnotes":""},"categories":[1771],"tags":[],"class_list":["post-614","post","type-post","status-publish","format-standard","hentry","category-sociales"],"_links":{"self":[{"href":"https:\/\/xn--tuvozdiasporaespaola-k7b.com\/page\/2\/wp-json\/wp\/v2\/posts\/614","targetHints":{"allow":["GET"]}}],"collection":[{"href":"https:\/\/xn--tuvozdiasporaespaola-k7b.com\/page\/2\/wp-json\/wp\/v2\/posts"}],"about":[{"href":"https:\/\/xn--tuvozdiasporaespaola-k7b.com\/page\/2\/wp-json\/wp\/v2\/types\/post"}],"author":[{"embeddable":true,"href":"https:\/\/xn--tuvozdiasporaespaola-k7b.com\/page\/2\/wp-json\/wp\/v2\/users\/222560522"}],"replies":[{"embeddable":true,"href":"https:\/\/xn--tuvozdiasporaespaola-k7b.com\/page\/2\/wp-json\/wp\/v2\/comments?post=614"}],"version-history":[{"count":0,"href":"https:\/\/xn--tuvozdiasporaespaola-k7b.com\/page\/2\/wp-json\/wp\/v2\/posts\/614\/revisions"}],"wp:attachment":[{"href":"https:\/\/xn--tuvozdiasporaespaola-k7b.com\/page\/2\/wp-json\/wp\/v2\/media?parent=614"}],"wp:term":[{"taxonomy":"category","embeddable":true,"href":"https:\/\/xn--tuvozdiasporaespaola-k7b.com\/page\/2\/wp-json\/wp\/v2\/categories?post=614"},{"taxonomy":"post_tag","embeddable":true,"href":"https:\/\/xn--tuvozdiasporaespaola-k7b.com\/page\/2\/wp-json\/wp\/v2\/tags?post=614"}],"curies":[{"name":"wp","href":"https:\/\/api.w.org\/{rel}","templated":true}]}}