{"id":609,"date":"2022-11-11T22:20:42","date_gmt":"2022-11-12T01:20:42","guid":{"rendered":"https:\/\/xn--tuvozdiasporaespaola-k7b.com\/?p=609"},"modified":"2022-11-11T22:21:17","modified_gmt":"2022-11-12T01:21:17","slug":"inflacion-internacional-y-recesion-inducida","status":"publish","type":"post","link":"https:\/\/xn--tuvozdiasporaespaola-k7b.com\/page\/2\/inflacion-internacional-y-recesion-inducida\/","title":{"rendered":"\u00bfInflaci\u00f3n internacional y recesi\u00f3n inducida?"},"content":{"rendered":"\n<p>Preparar nuestra econom\u00eda para los vientos huracanados. Fortalecer nuestra producci\u00f3n local, y cuidar el tema de la deuda p\u00fablica y el sector financiero exigiendo alta capitalizaci\u00f3n y fortaleza patrimonial, es la mejor manera de resistir una fuerte recesi\u00f3n en EEUU. Dicen los analistas estadounidenses.<\/p>\n\n\n\n<figure class=\"wp-block-image size-large\"><img fetchpriority=\"high\" decoding=\"async\" width=\"793\" height=\"552\" src=\"http:\/\/xn--tuvozdiasporaespaola-k7b.com\/wp-content\/uploads\/2022\/11\/screenshot_20221111-014730_google6082446720687381682.jpg?w=793\" alt=\"\" class=\"wp-image-610\" srcset=\"https:\/\/xn--tuvozdiasporaespaola-k7b.com\/wp-content\/uploads\/2022\/11\/screenshot_20221111-014730_google6082446720687381682.jpg 793w, https:\/\/xn--tuvozdiasporaespaola-k7b.com\/wp-content\/uploads\/2022\/11\/screenshot_20221111-014730_google6082446720687381682-300x209.jpg 300w, https:\/\/xn--tuvozdiasporaespaola-k7b.com\/wp-content\/uploads\/2022\/11\/screenshot_20221111-014730_google6082446720687381682-768x535.jpg 768w\" sizes=\"(max-width: 793px) 100vw, 793px\" \/><\/figure>\n\n\n\n<p>Las \u00faltimas decisiones de la Reserva Federal de EEUU (FED) llevar\u00e1n a una recesi\u00f3n de la mayor econom\u00eda mundial. Lo que hay que determinar es la amplitud de esa recesi\u00f3n. El impacto global de una recesi\u00f3n en EEUU impactar\u00e1 a todas las econom\u00edas del mundo, interconectadas con la econom\u00eda norteamericana. En particular, Am\u00e9rica Latina y El Caribe, ser\u00e1 impactada de manera directa por una recesi\u00f3n en Estados Unidos. \u00bfPara combatir la creciente inflaci\u00f3n en EEUU era necesario inducir a una recesi\u00f3n tan amplia como se prev\u00e9?.<br>El Comit\u00e9 de Mercados Abiertos de la FED elev\u00f3 las tasas de Pol\u00edtica Monetaria de 2,50% a 3,25%, para 75 puntos b\u00e1sicos de aumento en su \u00faltima reuni\u00f3n de mediados de septiembre de 2022. Igualmente en conferencia de prensa, el pasado 21 de septiembre, Jerome Powell, Presidente de la FED, dej\u00f3 impl\u00edcito que habr\u00e1 antes de fin de a\u00f1o otros incrementos que podr\u00edan llevar la tasa de referencia hasta 4,5% en el primer trimestre de 2023. El Presidente de la FED lo dej\u00f3 expl\u00edcito en sus declaraciones del pasado 21 de septiembre citadas, que no es descartable, que esas medidas monetarias produzcan una recesi\u00f3n econ\u00f3mica para 2023.<\/p>\n\n\n\n<figure class=\"wp-block-image size-large\"><img decoding=\"async\" width=\"719\" height=\"405\" src=\"http:\/\/xn--tuvozdiasporaespaola-k7b.com\/wp-content\/uploads\/2022\/11\/eeuu-inflacion2645957971122071203.png?w=719\" alt=\"\" class=\"wp-image-605\" srcset=\"https:\/\/xn--tuvozdiasporaespaola-k7b.com\/wp-content\/uploads\/2022\/11\/eeuu-inflacion2645957971122071203.png 719w, https:\/\/xn--tuvozdiasporaespaola-k7b.com\/wp-content\/uploads\/2022\/11\/eeuu-inflacion2645957971122071203-300x169.png 300w\" sizes=\"(max-width: 719px) 100vw, 719px\" \/><\/figure>\n\n\n\n<p>Los EEUU llevan ya m\u00e1s de dos trimestres con crecimiento negativo, lo que lleva al pa\u00eds a un decrecimiento continuo, s\u00edntoma de una recesi\u00f3n econ\u00f3mica. Seg\u00fan los economistas norteamericanos y anglosajones, y el consenso internacional, dos o m\u00e1s trimestres de ca\u00edda de la actividad econ\u00f3mica conlleva la tipificaci\u00f3n de una recesi\u00f3n econ\u00f3mica. Es decir, el Banco Central de los EEUU est\u00e1 apostando a una recesi\u00f3n general para parar y reducir a niveles \u201caceptables\u201d la inflaci\u00f3n desbordada ya a m\u00e1s de 8%, la m\u00e1s alta en los \u00faltimos 40 a\u00f1os.<br \/><\/p>\n\n\n\n<p>Seg\u00fan el conocido economista, y ex Presidente del Comit\u00e9 de Asesores Econ\u00f3micos de la Casa Blanca bajo la presidencia de Bill Clinton, Joseph Stiglitz\u00a0\u201c\u2026.<em>se anticip\u00f3 que podr\u00eda haber algunas escaseces cuando la econom\u00eda volviera a abrirse despu\u00e9s de los confinamientos de la COVID-19, estas han demostrado ser m\u00e1s extendidas, y menos transitorias, de lo que se hab\u00eda pensado. En una econom\u00eda de mercado gobernada al menos en parte por las leyes de la oferta y la demanda, uno espera que las escaseces se reflejan en los precios. Y cuando los aumentos de precios individuales se agrupan, lo llamamos inflaci\u00f3n, que hoy est\u00e1 en niveles que no se hab\u00edan visto en muchos a\u00f1os\u201d<\/em><\/p>\n\n\n\n<figure class=\"wp-block-image size-large\"><img decoding=\"async\" width=\"751\" height=\"1024\" src=\"http:\/\/xn--tuvozdiasporaespaola-k7b.com\/wp-content\/uploads\/2022\/11\/joseph-stiglitz-13185722190826653188.jpg?w=751\" alt=\"\" class=\"wp-image-606\" srcset=\"https:\/\/xn--tuvozdiasporaespaola-k7b.com\/wp-content\/uploads\/2022\/11\/joseph-stiglitz-13185722190826653188.jpg 751w, https:\/\/xn--tuvozdiasporaespaola-k7b.com\/wp-content\/uploads\/2022\/11\/joseph-stiglitz-13185722190826653188-220x300.jpg 220w\" sizes=\"(max-width: 751px) 100vw, 751px\" \/><figcaption class=\"wp-element-caption\">Joseph Stiglitz<br \/><br \/><\/figcaption><\/figure>\n\n\n\n<p><br>\u201c<em>De todos modos mi mayor preocupaci\u00f3n es que\u00a0los bancos centrales reaccionen de manera exagerada, aumentando las tasas de inter\u00e9s en exceso y obstaculizando la recuperaci\u00f3n incipiente. Como siempre, quienes est\u00e1n en la base de la escala de ingresos ser\u00edan los m\u00e1s afectados en este escenario\u201d <\/em>(Stliglitz, \u201cUna respuesta equilibrada a la inflaci\u00f3n\u201d. Febrero 2022)<\/p>\n\n\n\n<p>Por su parte, el \u201cgur\u00fa\u201d que previ\u00f3 el estallido de la burbuja inmobiliaria de 2007\/2008 y que amenaz\u00f3 con arrasar la econom\u00eda norteamericana y la \u00a0econom\u00eda mundial, Nouriel Roubini, afirm\u00f3 a fines de septiembre de este a\u00f1o 2022 una\u00a0\u201c<em><strong>larga y fea recesi\u00f3n en EEUU y el mundo a fines de 2022&#8243;<\/strong><\/em>. (Bloomberg, septiembre de 2022)\u00a0y que podr\u00eda abarcar todo el 2023, que causar\u00eda una fuerte correcci\u00f3n del Standard &amp; Poor (S&amp;P 500).\u00a0\u201c<strong><em>Incluso en una recesi\u00f3n simple, el S&amp;P 500 puede caer un 30%\u201d<\/em><\/strong>\u00a0dijo Roubini. El S&amp;P 500 agrupa las 500 empresas industriales m\u00e1s importantes de los EEUU. A su juicio, quienes esperan una recesi\u00f3n poco profunda en EEUU deber\u00edan fijarse en los\u00a0elevados ratios (coeficientes) de endeudamiento\u00a0de empresas y gobiernos.\u201c<strong><em>Mientras las tasas de inter\u00e9s suben y los costes del servicio de la deuda aumenten, empresas, bancos, bancos en la sombra y pa\u00edses zombis, van a morir. As\u00ed que veremos qui\u00e9n est\u00e1 nadando sin protecci\u00f3n\u201d<\/em><\/strong><\/p>\n\n\n\n<p>Roubini, que ha advertido que los niveles de deuda mundial arrastrar\u00e1n a las acciones, dijo que lograr una tasa de inflaci\u00f3n de 2% sin un aterrizaje forzoso va a ser una\u00a0\u201c<strong><em>misi\u00f3n imposible&#8217;<\/em><\/strong>&#8216; para la Reserva Federal de EEUU. El economista espera un alza de 50 a 75 puntos b\u00e1sicos, tanto en noviembre como en diciembre. Esto har\u00eda que la tasa de inter\u00e9s de los fondos de la FED se sit\u00faen a finales de a\u00f1o entre 4 a 4,25%\u201d<\/p>\n\n\n\n<figure class=\"wp-block-image size-large\"><img loading=\"lazy\" decoding=\"async\" width=\"600\" height=\"400\" src=\"http:\/\/xn--tuvozdiasporaespaola-k7b.com\/wp-content\/uploads\/2022\/11\/600x400_roubini-acto2022-bloomberg5003549583430516454.jpg?w=600\" alt=\"\" class=\"wp-image-607\" srcset=\"https:\/\/xn--tuvozdiasporaespaola-k7b.com\/wp-content\/uploads\/2022\/11\/600x400_roubini-acto2022-bloomberg5003549583430516454.jpg 600w, https:\/\/xn--tuvozdiasporaespaola-k7b.com\/wp-content\/uploads\/2022\/11\/600x400_roubini-acto2022-bloomberg5003549583430516454-300x200.jpg 300w\" sizes=\"(max-width: 600px) 100vw, 600px\" \/><figcaption class=\"wp-element-caption\">Nouriel Roubini,<br \/><br \/><\/figcaption><\/figure>\n\n\n\n<p>Sin embargo, la persistencia de la inflaci\u00f3n especialmente en los salarios y en el sector servicios har\u00e1 que la Reserva Federal\u00a0\u201c<strong><em>probablemente no tenga m\u00e1s remedio que subir la tasa de inter\u00e9s y que se acerque a 5%\u201d<\/em><\/strong>.\u00a0Adem\u00e1s, las perturbaciones negativas de la oferta derivadas de la pandemia, el conflicto en Rusia y Ucrania y la pol\u00edtica de tolerancia cero de China en materia de COVID-19 traer\u00e1n consigo mayores costos y menor crecimiento econ\u00f3mico\u00a0(un periodo prolongado de escaso crecimiento y aumento del desempleo para frenar la inflaci\u00f3n).<\/p>\n\n\n\n<p>En ese contexto de la econom\u00eda m\u00e1s importante del mundo y de lejos de la que m\u00e1s dependemos en Rep\u00fablica Dominicana y toda la zona norte de Am\u00e9rica Latina, el impacto en nuestro pa\u00eds podr\u00eda ser a\u00fan m\u00e1s dram\u00e1tico. Una econom\u00eda norteamericana en recesi\u00f3n prolongada ser\u00e1 una bomba de relojer\u00eda para nuestro turismo, las exportaciones industriales de zonas francas, y para las remesas de los emigrantes dominicanos en ese pa\u00eds. Y ni hablar de Europa cuyo contagio ser\u00eda a\u00fan mayor.<\/p>\n\n\n\n<figure class=\"wp-block-image size-large\"><img loading=\"lazy\" decoding=\"async\" width=\"624\" height=\"385\" src=\"http:\/\/xn--tuvozdiasporaespaola-k7b.com\/wp-content\/uploads\/2022\/11\/bolsa-efe-kzxg-u180555572796rmc-624x38540rc4707436879039731057..jpg?w=624\" alt=\"\" class=\"wp-image-608\" srcset=\"https:\/\/xn--tuvozdiasporaespaola-k7b.com\/wp-content\/uploads\/2022\/11\/bolsa-efe-kzxg-u180555572796rmc-624x38540rc4707436879039731057..jpg 624w, https:\/\/xn--tuvozdiasporaespaola-k7b.com\/wp-content\/uploads\/2022\/11\/bolsa-efe-kzxg-u180555572796rmc-624x38540rc4707436879039731057.-300x185.jpg 300w\" sizes=\"(max-width: 624px) 100vw, 624px\" \/><\/figure>\n\n\n\n<p>\u00bfQu\u00e9 hacer entonces? La pol\u00edtica monetaria del Banco Central est\u00e1 en la primera fila para luchar contra un impacto muy negativo. Sin embargo, no todo debe quedar en manos del Banco Central. La pol\u00edtica de financiamiento es esencial. Un crecimiento m\u00e1s all\u00e1 de lo previsto de nuestros compromisos de deuda p\u00fablica, tanto externa como interna, pueden ser catastr\u00f3ficos. Con el incremento de la Tasa de Pol\u00edtica Monetaria hasta un 8,50% la deuda p\u00fablica en moneda nacional se har\u00e1 m\u00e1s pesada, tanto para el Tesoro como para refinanciar el stock de deuda del BC. Preparar nuestra econom\u00eda para los vientos huracanados. Fortalecer nuestra producci\u00f3n local, y cuidar el tema de la deuda p\u00fablica y el sector financiero exigiendo alta capitalizaci\u00f3n y fortaleza patrimonial, es la mejor manera de resistir una fuerte recesi\u00f3n en EEUU<\/p>\n\n\n\n<p>Por Julio Ortega Tous,  Redacci\u00f3n Revista TU VOZ , Podemos Rep\u00fablica Dominicana.<\/p>\n","protected":false},"excerpt":{"rendered":"<p>Preparar nuestra econom\u00eda para los vientos huracanados. Fortalecer nuestra producci\u00f3n local, y cuidar el tema de la deuda p\u00fablica y el sector financiero exigiendo &#8230; <\/p>\n<p class=\"read-more-container\"><a title=\"\u00bfInflaci\u00f3n internacional y recesi\u00f3n inducida?\" class=\"read-more button\" href=\"https:\/\/xn--tuvozdiasporaespaola-k7b.com\/page\/2\/inflacion-internacional-y-recesion-inducida\/#more-609\" aria-label=\"M\u00e1s en \u00bfInflaci\u00f3n internacional y recesi\u00f3n inducida?\">Leer m\u00e1s<\/a><\/p>\n","protected":false},"author":222560522,"featured_media":0,"comment_status":"open","ping_status":"open","sticky":false,"template":"","format":"standard","meta":{"footnotes":""},"categories":[1771],"tags":[],"class_list":["post-609","post","type-post","status-publish","format-standard","hentry","category-sociales"],"_links":{"self":[{"href":"https:\/\/xn--tuvozdiasporaespaola-k7b.com\/page\/2\/wp-json\/wp\/v2\/posts\/609","targetHints":{"allow":["GET"]}}],"collection":[{"href":"https:\/\/xn--tuvozdiasporaespaola-k7b.com\/page\/2\/wp-json\/wp\/v2\/posts"}],"about":[{"href":"https:\/\/xn--tuvozdiasporaespaola-k7b.com\/page\/2\/wp-json\/wp\/v2\/types\/post"}],"author":[{"embeddable":true,"href":"https:\/\/xn--tuvozdiasporaespaola-k7b.com\/page\/2\/wp-json\/wp\/v2\/users\/222560522"}],"replies":[{"embeddable":true,"href":"https:\/\/xn--tuvozdiasporaespaola-k7b.com\/page\/2\/wp-json\/wp\/v2\/comments?post=609"}],"version-history":[{"count":0,"href":"https:\/\/xn--tuvozdiasporaespaola-k7b.com\/page\/2\/wp-json\/wp\/v2\/posts\/609\/revisions"}],"wp:attachment":[{"href":"https:\/\/xn--tuvozdiasporaespaola-k7b.com\/page\/2\/wp-json\/wp\/v2\/media?parent=609"}],"wp:term":[{"taxonomy":"category","embeddable":true,"href":"https:\/\/xn--tuvozdiasporaespaola-k7b.com\/page\/2\/wp-json\/wp\/v2\/categories?post=609"},{"taxonomy":"post_tag","embeddable":true,"href":"https:\/\/xn--tuvozdiasporaespaola-k7b.com\/page\/2\/wp-json\/wp\/v2\/tags?post=609"}],"curies":[{"name":"wp","href":"https:\/\/api.w.org\/{rel}","templated":true}]}}