{"id":599,"date":"2022-11-10T21:28:03","date_gmt":"2022-11-11T00:28:03","guid":{"rendered":"https:\/\/xn--tuvozdiasporaespaola-k7b.com\/?p=599"},"modified":"2022-11-10T21:28:33","modified_gmt":"2022-11-11T00:28:33","slug":"la-pobreza-de-la-poblacion-en-la-ue","status":"publish","type":"post","link":"https:\/\/xn--tuvozdiasporaespaola-k7b.com\/page\/2\/la-pobreza-de-la-poblacion-en-la-ue\/","title":{"rendered":"LA POBREZA DE LA POBLACI\u00d3N EN LA UE"},"content":{"rendered":"\n<p>Uno de cada 4 europeos afirma encontrarse en una situaci\u00f3n financiera \u00abprecaria\u00bb, revela la encuesta realizada por la compa\u00f1\u00eda de investigaci\u00f3n Ipsos que public\u00f3 la organizaci\u00f3n no gubernamental francesa Secours Populaire.<\/p>\n\n\n\n<figure class=\"wp-block-image size-large\"><img fetchpriority=\"high\" decoding=\"async\" width=\"946\" height=\"714\" src=\"http:\/\/xn--tuvozdiasporaespaola-k7b.com\/wp-content\/uploads\/2022\/11\/screenshot_20221111-010856_drive8058655723333483374.jpg?w=946\" alt=\"\" class=\"wp-image-601\" srcset=\"https:\/\/xn--tuvozdiasporaespaola-k7b.com\/wp-content\/uploads\/2022\/11\/screenshot_20221111-010856_drive8058655723333483374.jpg 946w, https:\/\/xn--tuvozdiasporaespaola-k7b.com\/wp-content\/uploads\/2022\/11\/screenshot_20221111-010856_drive8058655723333483374-300x226.jpg 300w, https:\/\/xn--tuvozdiasporaespaola-k7b.com\/wp-content\/uploads\/2022\/11\/screenshot_20221111-010856_drive8058655723333483374-768x580.jpg 768w\" sizes=\"(max-width: 946px) 100vw, 946px\" \/><\/figure>\n\n\n\n<p>El estudio se realiz\u00f3 en Alemania, Italia, Francia, Grecia, Polonia y el Reino Unido sobre la base de las respuestas de 6.000 personas recogidas por IPSOS: \u00abResultados del 1er Bar\u00f3metro de la pobreza y precariedad\u00bb<br>Revel\u00f3 que m\u00e1s de la mitad de los encuestados (54 %) siente una disminuci\u00f3n en su poder adquisitivo. Los ciudadanos m\u00e1s afectados en ese sentido son los de Grecia (68 %) y Francia (63 %).<br>Adem\u00e1s, la mayor\u00eda de los encuestados (55%) consideran que est\u00e1n en riesgo de<br>encontrarse en una situaci\u00f3n de inestabilidad financiera en los pr\u00f3ximos meses, mientras<br>que casi uno de cada cinco (17 %) describi\u00f3 esa amenaza como \u00abmuy significativa\u00bb.<br>En los \u00faltimos seis meses, diversas restricciones han afectado a 80 % de los europeos. <\/p>\n\n\n\n<p>Los principales rubros afectados han sido los viajes, la ?alefacci\u00f3n y la atenci\u00f3n m\u00e9dica.<br>Muchos se han visto obligados a buscar ayuda de familiares o incluso a combinar varios<br>empleos o trabajos. A pesar de que la imposibilidad de viajar es el reclamo m\u00e1s frecuente (62 %), el 47 % dijo que no pod\u00eda encender la calefacci\u00f3n en sus hogares y el 34 % tuvo que prescindir de tratamiento m\u00e9dico cuando su salud lo requer\u00eda.<\/p>\n\n\n\n<figure class=\"wp-block-image size-large\"><img decoding=\"async\" width=\"996\" height=\"560\" src=\"http:\/\/xn--tuvozdiasporaespaola-k7b.com\/wp-content\/uploads\/2022\/11\/15712075739952689262286554193003.jpg?w=996\" alt=\"\" class=\"wp-image-600\" srcset=\"https:\/\/xn--tuvozdiasporaespaola-k7b.com\/wp-content\/uploads\/2022\/11\/15712075739952689262286554193003.jpg 996w, https:\/\/xn--tuvozdiasporaespaola-k7b.com\/wp-content\/uploads\/2022\/11\/15712075739952689262286554193003-300x169.jpg 300w, https:\/\/xn--tuvozdiasporaespaola-k7b.com\/wp-content\/uploads\/2022\/11\/15712075739952689262286554193003-768x432.jpg 768w\" sizes=\"(max-width: 996px) 100vw, 996px\" \/><\/figure>\n\n\n\n<p>Casi la mitad de los padres (48 %) de los seis pa\u00edses destacaron que han tenido que<br>recortar regularmente su propia alimentaci\u00f3n para dar de comer a sus hijos, mientras que<br>66 % dijo que se han visto obligados a limitar las actividades de sus hijos, incluidas las<br>salidas y las vacaciones.<br>Adem\u00e1s dos tercios no saben a qu\u00e9 otras maniobras pueden recurrir, ya que, seg\u00fan dijeron, \u00abhan reducido ya todo lo que pod\u00edan\u00bb. Entre las causas de la crisis, el 89 % cita el aumento de los precios, el incremento de los impuestos (31%) y la disminuci\u00f3n de los ingresos o la asistencia social.<br>Mientras tanto, la inflaci\u00f3n en la eurozona se dispara a un nuevo r\u00e9cord. El crecimiento de<br>los precios para el consumidor en los 19 pa\u00edses que comparten la divisa europea se aceler\u00f3 hasta llegar a 10,7% en octubre, frente al 9,9% del mes anterior. Este aumento estar\u00eda<br>impulsado por un astron\u00f3mico crecimiento en los costes de la energ\u00eda. <\/p>\n\n\n\n<p>Por tal motivo, se intensifican las protestas en Europa contra la inflaci\u00f3n y los altos precios de la energ\u00eda.<br>Grandes manifestaciones han tenido lugar recientemente en Praga, Varsovia, y en pa\u00edses<br>como Alemania y Reino Unido.<br>Paralelamente el Reino Unido se precipita hacia la recesi\u00f3n m\u00e1s larga en un siglo. El<br>Banco de Inglaterra prev\u00e9 que dure hasta el 2024, mientras aumenta los tipos de inter\u00e9s.<\/p>\n\n\n\n<figure class=\"wp-block-image size-large\"><img decoding=\"async\" width=\"840\" height=\"615\" src=\"http:\/\/xn--tuvozdiasporaespaola-k7b.com\/wp-content\/uploads\/2022\/11\/screenshot_20221111-011720_google436361276879808709.jpg?w=840\" alt=\"\" class=\"wp-image-602\" srcset=\"https:\/\/xn--tuvozdiasporaespaola-k7b.com\/wp-content\/uploads\/2022\/11\/screenshot_20221111-011720_google436361276879808709.jpg 840w, https:\/\/xn--tuvozdiasporaespaola-k7b.com\/wp-content\/uploads\/2022\/11\/screenshot_20221111-011720_google436361276879808709-300x220.jpg 300w, https:\/\/xn--tuvozdiasporaespaola-k7b.com\/wp-content\/uploads\/2022\/11\/screenshot_20221111-011720_google436361276879808709-768x562.jpg 768w\" sizes=\"(max-width: 840px) 100vw, 840px\" \/><\/figure>\n\n\n\n<p>El Banco de Inglaterra anunci\u00f3 este jueves su mayor subida de tipos de inter\u00e9s desde 1989<br>para combatir una inflaci\u00f3n desorbitada que, seg\u00fan advirti\u00f3, est\u00e1 empujando al Reino Unido a una recesi\u00f3n que durar\u00e1 hasta mediados del 2024.<br>Tras una reuni\u00f3n ordinaria, el Banco de Inglaterra dijo que iba a elevar los costes de los pr\u00e9stamos en 0,75 puntos porcentuales, hasta el 3%, el nivel m\u00e1s alto desde la crisis<br>financiera mundial del 2008, para combatir la inflaci\u00f3n, que considera que alcanzar\u00e1 en<br>breve el m\u00e1ximo en cuatro d\u00e9cadas, cercano al 11%.<\/p>\n\n\n\n<p>Juan L\u00f3pez , Redacci\u00f3n de Tevista TU VOZ, delegaci\u00f3n  Argentina.<\/p>\n","protected":false},"excerpt":{"rendered":"<p>Uno de cada 4 europeos afirma encontrarse en una situaci\u00f3n financiera \u00abprecaria\u00bb, revela la encuesta realizada por la compa\u00f1\u00eda de investigaci\u00f3n Ipsos que public\u00f3 &#8230; <\/p>\n<p class=\"read-more-container\"><a title=\"LA POBREZA DE LA POBLACI\u00d3N EN LA UE\" class=\"read-more button\" href=\"https:\/\/xn--tuvozdiasporaespaola-k7b.com\/page\/2\/la-pobreza-de-la-poblacion-en-la-ue\/#more-599\" aria-label=\"M\u00e1s en LA POBREZA DE LA POBLACI\u00d3N EN LA UE\">Leer m\u00e1s<\/a><\/p>\n","protected":false},"author":222560522,"featured_media":0,"comment_status":"open","ping_status":"open","sticky":false,"template":"","format":"standard","meta":{"footnotes":""},"categories":[1771],"tags":[],"class_list":["post-599","post","type-post","status-publish","format-standard","hentry","category-sociales"],"_links":{"self":[{"href":"https:\/\/xn--tuvozdiasporaespaola-k7b.com\/page\/2\/wp-json\/wp\/v2\/posts\/599","targetHints":{"allow":["GET"]}}],"collection":[{"href":"https:\/\/xn--tuvozdiasporaespaola-k7b.com\/page\/2\/wp-json\/wp\/v2\/posts"}],"about":[{"href":"https:\/\/xn--tuvozdiasporaespaola-k7b.com\/page\/2\/wp-json\/wp\/v2\/types\/post"}],"author":[{"embeddable":true,"href":"https:\/\/xn--tuvozdiasporaespaola-k7b.com\/page\/2\/wp-json\/wp\/v2\/users\/222560522"}],"replies":[{"embeddable":true,"href":"https:\/\/xn--tuvozdiasporaespaola-k7b.com\/page\/2\/wp-json\/wp\/v2\/comments?post=599"}],"version-history":[{"count":0,"href":"https:\/\/xn--tuvozdiasporaespaola-k7b.com\/page\/2\/wp-json\/wp\/v2\/posts\/599\/revisions"}],"wp:attachment":[{"href":"https:\/\/xn--tuvozdiasporaespaola-k7b.com\/page\/2\/wp-json\/wp\/v2\/media?parent=599"}],"wp:term":[{"taxonomy":"category","embeddable":true,"href":"https:\/\/xn--tuvozdiasporaespaola-k7b.com\/page\/2\/wp-json\/wp\/v2\/categories?post=599"},{"taxonomy":"post_tag","embeddable":true,"href":"https:\/\/xn--tuvozdiasporaespaola-k7b.com\/page\/2\/wp-json\/wp\/v2\/tags?post=599"}],"curies":[{"name":"wp","href":"https:\/\/api.w.org\/{rel}","templated":true}]}}