{"id":595,"date":"2022-11-09T10:01:23","date_gmt":"2022-11-09T13:01:23","guid":{"rendered":"https:\/\/xn--tuvozdiasporaespaola-k7b.com\/?p=595"},"modified":"2022-11-09T10:01:34","modified_gmt":"2022-11-09T13:01:34","slug":"elecciones-en-eeuu","status":"publish","type":"post","link":"https:\/\/xn--tuvozdiasporaespaola-k7b.com\/page\/2\/elecciones-en-eeuu\/","title":{"rendered":"Elecciones en EEUU"},"content":{"rendered":"\n<p>Good evening, friends!<\/p>\n\n\n\n<p>Por fin lleg\u00f3 el d\u00eda m\u00e1s importante de 2022 para EEUU, el de las elecciones generales de medio ciclo. En estos momentos las urnas han cerrado o est\u00e1n a punto de cerrar en los estados de la costa este pero a\u00fan siguen abiertas en la costa oeste y en Haw\u00e1i. Los resultados totales no se sabr\u00e1n hasta bien entrada la noche, eso si es que no hay acusaciones de fraude por parte de candidates perdedores del partido Republicano. Yo no s\u00e9 todav\u00eda si atiborrarme de caf\u00e9 y quedarme despierta a ver qu\u00e9 pasa o si tomarme una pastilla para dormir y enfrentarme a la realidad por la ma\u00f1ana.&nbsp;<\/p>\n\n\n\n<p>\u00a1Qu\u00e9 nervios, chiquilla!<\/p>\n\n\n\n<p>Hace dos semanas os dije que, por lo general, las elecciones de medio ciclo tienen una menor participaci\u00f3n que las presidenciales porque se suelen considerar menos importantes. Pero las de hoy son excepcionalmente importantes.&nbsp;<\/p>\n\n\n\n<p>Y si no me cre\u00e9is a m\u00ed, seguro que creer\u00e9is a Barak Obama, que la semana pasada dijo que, si les candidates republicanes ganan en Arizona, puede que la democracia tal como la conocemos no sobreviva en ese estado. \u00bfPor qu\u00e9? Pues porque la gobernadora, uno de los dos senadores, el secretario de estado y el procurador general ser\u00edan lo que se conoce aqu\u00ed como election deniers, negacionistas de las elecciones. Es decir, piensan que Joe Biden no gan\u00f3 en 2020. De ser elegidas, estas cuatro personas podr\u00edan simplemente anular el resultado de cualquier elecci\u00f3n en Arizona. Y negacionistas como ellas hay unas 300 a lo largo y ancho del pa\u00eds que pueden hacer mucho da\u00f1o.<\/p>\n\n\n\n<p>El presidente Biden tambi\u00e9n ha hecho declaraciones similares, m\u00e1s recientemente la semana pasada. Os traduzco unas oraciones y voy a poner un acento m\u00e1s fino para que quede claro que no son mis palabras: \u201cEsta es la lucha en la que nos encontramos: una lucha por la democracia, una lucha por la prosperidad y el progreso, una lucha por el alma misma de los Estados Unidos. No os equivoqu\u00e9is \u2013 la democracia es una de las opciones en estas elecciones para todes nosotres\u201d. Bueno, \u00e9l probablemente no dir\u00eda \u201ctodes nosotres\u201d si hablara espa\u00f1ol porque seguro que pensar\u00eda que esa es una forma boba de expresarse. Ni tampoco dijo \u201cEstados Unidos\u201d, sino \u201cAm\u00e9rica\u201d, pero eso me parece incorrecto como poco, ignorante como bastante y ofensivo como mucho. Pero vamos, la esencia la ten\u00e9is: la democracia est\u00e1 en juego hoy.<\/p>\n\n\n\n<p>Y da la impresi\u00f3n de que una mayor\u00eda de la poblaci\u00f3n estadounidense est\u00e1 de acuerdo con lo que dicen Obama y Biden. Tambi\u00e9n la semana pasada, el Washington Post public\u00f3 los resultados de una encuesta en la que el 88% de encuestades dijo que le preocupaba mucho o bastante el aumento de la violencia pol\u00edtica. Este estudio se llev\u00f3 a cabo despu\u00e9s de que tuviera lugar un ataque que ha dejado horrorizada a la mayor\u00eda de las personas con una mijita de humanidad. Os explico, por si no segu\u00eds paso a paso los intr\u00edngulis del imperio:&nbsp;<\/p>\n\n\n\n<p>A finales de octubre, de madrugada, un hombre de 42 a\u00f1os rompi\u00f3 el cristal de una puerta trasera de la casa de Paul Pelosi, de 82, y lo atac\u00f3 con un martillo. Aunque le fractur\u00f3 el cr\u00e1neo y le hiri\u00f3 los brazos, Paul no era la v\u00edctima que iba buscando. El asaltante entr\u00f3 en la casa gritando \u201c\u00bfD\u00f3nde est\u00e1 Nancy?\u201d, refiri\u00e9ndose a la mujer de Pelosi, que es una diputada Dem\u00f3crata y Speaker of the House, portavoz de la C\u00e1mara Baja del Congreso, tambi\u00e9n de 82 a\u00f1os. Ella no estaba all\u00ed porque, claro, trabaja en Washington. Pero el asaltante no lo sab\u00eda y quer\u00eda hacerla prisionera, interrogarla y romperle las r\u00f3tulas si no le gustaba lo que le respond\u00eda.&nbsp;<\/p>\n\n\n\n<p>Aunque este incidente es inusual, incluso para este pa\u00eds que todav\u00eda parece estar viviendo en el far west, no se puede decir que sea del todo inesperado. Porque Trump y los neonazis que lo siguen han estado fomentando el odio y la violencia hacia esta mujer, que, como portavoz de la C\u00e1mara Baja, es la persona en la que recaer\u00eda la presidencia si les pasara algo al presidente Biden y a la vicepresidenta Harris. Y si hab\u00e9is visto escenas del asalto al Capitolio en enero de 2021, a lo mejor hab\u00e9is visto a algunos de los energ\u00famenos que iban hacia su despacho gritando \u201c\u00bfD\u00f3nde est\u00e1s, Nancy? Te estamos buscando\u201d. Como en una pel\u00edcula de terror.&nbsp;<\/p>\n\n\n\n<p>Antes de Trump, un incidente de este tipo habr\u00eda causado una reacci\u00f3n generalizada de rechazo. Pero en las circunstancias de violencia neonazi normalizada que vivimos gracias a \u00e9l y sus secuaces, ha habido voces en el partido Republicano que han difundido bulos sobre la veracidad del ataque. Y hasta ha habido personas, como Elon Musk, que han sugerido que el atacante quiz\u00e1s fuera un prostituto contratado por el se\u00f1or Pelosi, y no lo que es en realidad: una persona radicalizada por ideas conspiranoicas, mis\u00f3ginas, antisem\u00edticas y racistas. Un individuo que se cree atacado por minor\u00edas, a pesar de que su privilegio ha quedado recientemente confirmado: aunque es un inmigrante indocumentado que lleva m\u00e1s de 20 a\u00f1os en EEUU sin permiso de residencia, su presencia aqu\u00ed no ha sido cuestionada nunca, probablemente porque es un canadiense blanco.<\/p>\n\n\n\n<figure class=\"wp-block-image size-large\"><img fetchpriority=\"high\" decoding=\"async\" width=\"960\" height=\"1280\" src=\"http:\/\/xn--tuvozdiasporaespaola-k7b.com\/wp-content\/uploads\/2022\/11\/img_20221109_134211_4055789920746022570529.jpg?w=768\" alt=\"\" class=\"wp-image-594\" srcset=\"https:\/\/xn--tuvozdiasporaespaola-k7b.com\/wp-content\/uploads\/2022\/11\/img_20221109_134211_4055789920746022570529.jpg 960w, https:\/\/xn--tuvozdiasporaespaola-k7b.com\/wp-content\/uploads\/2022\/11\/img_20221109_134211_4055789920746022570529-225x300.jpg 225w, https:\/\/xn--tuvozdiasporaespaola-k7b.com\/wp-content\/uploads\/2022\/11\/img_20221109_134211_4055789920746022570529-768x1024.jpg 768w\" sizes=\"(max-width: 960px) 100vw, 960px\" \/><\/figure>\n\n\n\n<p>Y para terminar os cuento algo personal, un ejemplo de los efectos psicol\u00f3gicos que tiene el ambiente t\u00f3xico en que vivimos en el pa\u00eds de la libertad.\u00a0<br><br><br>El jueves fui de voluntaria para hacer lo que aqu\u00ed se llama canvassing. Aunque hay distintos tipos de canvassing, lo que yo ten\u00eda que hacer es ir a las casas de votantes dem\u00f3cratas y dejar un folleto para recordarles que votaran el martes y a qui\u00e9n ten\u00edan que votar. Nada problem\u00e1tico.\u00a0<br><br><br>Pero cuando llegu\u00e9 al vecindario que me toc\u00f3, que parec\u00eda de clase m\u00e1s bien media\/baja, me encontr\u00e9 con un mont\u00f3n de carteles pinchados en el c\u00e9sped o colgados de vallas a favor de Trump (aunque \u00e9l no es candidato esta vez). Y las calles no ten\u00edan espacio para aparcar, as\u00ed que tendr\u00eda que aparcar en el c\u00e9sped de alguna casa, preferiblemente una que no tuviera cartel. Pero aun as\u00ed ten\u00eda miedo de elegir mal y que el due\u00f1o o la due\u00f1a saliera con una escopeta y me pegara un tiro, algo que en el estado de Florida es perfectamente posible. As\u00ed que di vueltas durante 10 minutos y al final localic\u00e9, a varias cuadras, un aparcamiento en una residencia de ancianes y aparqu\u00e9 all\u00ed.<br><br>Pero antes de bajarme del coche, me quit\u00e9 la etiqueta con mi nombre que me dieron en la sede del partido y guard\u00e9 los folletos en mi mochila, para que nadie pudiera si quiera sospechar que iba de parte del partido Dem\u00f3crata.\u00a0<br><br>Y no termina todo aqu\u00ed. Cuando dejaba los folletos en los pomos de las puertas (eran como los carteles de no molestar que tienen en los hoteles), me aseguraba de que no hubiera nada visible que pudiera identificar a las personas de la casa como dem\u00f3cratas, no fuera que las estuviera sacando del armario en ese vecindario republicano y las pusiera en peligro.<br>En fin, que creo que me estoy volviendo paranoica tambi\u00e9n.<br>Bueno, lo dejo aqu\u00ed.\u00a0<br>Como dicen que dijo Julio C\u00e9sar, alea jacta est, la suerte est\u00e1 echada.\u00a0<\/p>\n\n\n\n<figure class=\"wp-block-image size-large\"><img decoding=\"async\" width=\"1025\" height=\"1076\" src=\"http:\/\/xn--tuvozdiasporaespaola-k7b.com\/wp-content\/uploads\/2022\/11\/screenshot_20221109-135032_gallery4139678631017085016.jpg?w=975\" alt=\"\" class=\"wp-image-596\" srcset=\"https:\/\/xn--tuvozdiasporaespaola-k7b.com\/wp-content\/uploads\/2022\/11\/screenshot_20221109-135032_gallery4139678631017085016.jpg 1025w, https:\/\/xn--tuvozdiasporaespaola-k7b.com\/wp-content\/uploads\/2022\/11\/screenshot_20221109-135032_gallery4139678631017085016-286x300.jpg 286w, https:\/\/xn--tuvozdiasporaespaola-k7b.com\/wp-content\/uploads\/2022\/11\/screenshot_20221109-135032_gallery4139678631017085016-975x1024.jpg 975w, https:\/\/xn--tuvozdiasporaespaola-k7b.com\/wp-content\/uploads\/2022\/11\/screenshot_20221109-135032_gallery4139678631017085016-768x806.jpg 768w\" sizes=\"(max-width: 1025px) 100vw, 1025px\" \/><\/figure>\n\n\n\n<p>Celeste Delgado Librero,EEUU.<\/p>\n\n\n\n<p> Redacci\u00f3n Revista TU VOZ.<\/p>\n","protected":false},"excerpt":{"rendered":"<p>Good evening, friends! Por fin lleg\u00f3 el d\u00eda m\u00e1s importante de 2022 para EEUU, el de las elecciones generales de medio ciclo. En estos &#8230; <\/p>\n<p class=\"read-more-container\"><a title=\"Elecciones en EEUU\" class=\"read-more button\" href=\"https:\/\/xn--tuvozdiasporaespaola-k7b.com\/page\/2\/elecciones-en-eeuu\/#more-595\" aria-label=\"M\u00e1s en Elecciones en EEUU\">Leer m\u00e1s<\/a><\/p>\n","protected":false},"author":222560522,"featured_media":0,"comment_status":"open","ping_status":"open","sticky":false,"template":"","format":"standard","meta":{"footnotes":""},"categories":[1771],"tags":[],"class_list":["post-595","post","type-post","status-publish","format-standard","hentry","category-sociales"],"_links":{"self":[{"href":"https:\/\/xn--tuvozdiasporaespaola-k7b.com\/page\/2\/wp-json\/wp\/v2\/posts\/595","targetHints":{"allow":["GET"]}}],"collection":[{"href":"https:\/\/xn--tuvozdiasporaespaola-k7b.com\/page\/2\/wp-json\/wp\/v2\/posts"}],"about":[{"href":"https:\/\/xn--tuvozdiasporaespaola-k7b.com\/page\/2\/wp-json\/wp\/v2\/types\/post"}],"author":[{"embeddable":true,"href":"https:\/\/xn--tuvozdiasporaespaola-k7b.com\/page\/2\/wp-json\/wp\/v2\/users\/222560522"}],"replies":[{"embeddable":true,"href":"https:\/\/xn--tuvozdiasporaespaola-k7b.com\/page\/2\/wp-json\/wp\/v2\/comments?post=595"}],"version-history":[{"count":0,"href":"https:\/\/xn--tuvozdiasporaespaola-k7b.com\/page\/2\/wp-json\/wp\/v2\/posts\/595\/revisions"}],"wp:attachment":[{"href":"https:\/\/xn--tuvozdiasporaespaola-k7b.com\/page\/2\/wp-json\/wp\/v2\/media?parent=595"}],"wp:term":[{"taxonomy":"category","embeddable":true,"href":"https:\/\/xn--tuvozdiasporaespaola-k7b.com\/page\/2\/wp-json\/wp\/v2\/categories?post=595"},{"taxonomy":"post_tag","embeddable":true,"href":"https:\/\/xn--tuvozdiasporaespaola-k7b.com\/page\/2\/wp-json\/wp\/v2\/tags?post=595"}],"curies":[{"name":"wp","href":"https:\/\/api.w.org\/{rel}","templated":true}]}}