{"id":592,"date":"2022-11-07T23:50:42","date_gmt":"2022-11-08T02:50:42","guid":{"rendered":"https:\/\/xn--tuvozdiasporaespaola-k7b.com\/2022\/11\/07\/las-mentiras-de-feijoo-en-argentina-sobre-voto-rogado-y-memoria-democratica\/"},"modified":"2022-11-08T07:40:37","modified_gmt":"2022-11-08T10:40:37","slug":"las-mentiras-de-feijoo-en-argentina-sobre-voto-rogado-y-memoria-democratica","status":"publish","type":"post","link":"https:\/\/xn--tuvozdiasporaespaola-k7b.com\/page\/2\/las-mentiras-de-feijoo-en-argentina-sobre-voto-rogado-y-memoria-democratica\/","title":{"rendered":"Las  MENTIRAS de  FEIJ\u00d3O en ARGENTINA sobre  VOTO ROGADO y MEMORIA DEMOCR\u00c1TICA."},"content":{"rendered":"\n<p>La descripci\u00f3n de Feij\u00f3o de la Guerra Civil: \u201cHace 80 a\u00f1os nuestros abuelos y bisabuelos se pelearon\u201d<\/p>\n\n\n\n<p>Con ese argumento nos preguntamos <strong>\u00bfPor eso hay que olvidar?.  <\/strong>Hoy nos hemos enterado de que Feij\u00f3o se ha paseado por la feria de las colectividades de Buenos Aires&nbsp; y ha dicho que la Memoria Democr\u00e1tica es uno de los mayores errores que ha podido cometer el gobierno progresista de Espa\u00f1a.( <strong>Gracias a Podemos PSOE y otras fuerzas pol\u00edticas pudo salir adelante).<\/strong><br \/><br \/>Pues mire, no compartimos esa apreciaci\u00f3n ya que consideramos que se ha hecho justicia a tantos a\u00f1os de olvido, indudablemente \u00e9l desde su perspectiva de derecha heredada del Franquismo&nbsp; nunca ha sufrido lo que han sufrido la otra parte que perdi\u00f3 la guerra, seguro que pudo enterrar a sus muertos, que su viudas pudieron cobrar las pensiones, que sus hijos pudieron tener garantizados los colegios y la alimentaci\u00f3n, que muchos de sus nieto pudieron seguir estudiando en Espa\u00f1a. <strong>\u00a1Pues eso&nbsp; desgraciadamente&nbsp; no sucedi\u00f3 en el bando republicano perdedor!<\/strong>. Much\u00edsima gente tuvo que emigrar de Espa\u00f1a por motivos pol\u00edticos o por motivos simplemente de justicia social buscando una mejor perspectiva de vida por que las pol\u00edticas excluyentes y de clase Fascistas  que les imped\u00edan ejercer y crecer para salir de la miseria.<\/p>\n\n\n\n<figure class=\"wp-block-image size-large\"><img fetchpriority=\"high\" decoding=\"async\" width=\"1024\" height=\"546\" src=\"http:\/\/xn--tuvozdiasporaespaola-k7b.com\/wp-content\/uploads\/2022\/11\/screenshot_2021-04-16-home-encuentro-por-la-memoria-1024x5464030165927836114539-1.png?w=1024\" alt=\"\" class=\"wp-image-582\" srcset=\"https:\/\/xn--tuvozdiasporaespaola-k7b.com\/wp-content\/uploads\/2022\/11\/screenshot_2021-04-16-home-encuentro-por-la-memoria-1024x5464030165927836114539-1.png 1024w, https:\/\/xn--tuvozdiasporaespaola-k7b.com\/wp-content\/uploads\/2022\/11\/screenshot_2021-04-16-home-encuentro-por-la-memoria-1024x5464030165927836114539-1-300x160.png 300w, https:\/\/xn--tuvozdiasporaespaola-k7b.com\/wp-content\/uploads\/2022\/11\/screenshot_2021-04-16-home-encuentro-por-la-memoria-1024x5464030165927836114539-1-768x410.png 768w\" sizes=\"(max-width: 1024px) 100vw, 1024px\" \/><\/figure>\n\n\n\n<p><br \/><br \/>Hoy con esta ley de memoria democr\u00e1tica se hace justicia a tantas y tantas barbaridades que se hicieron durante el r\u00e9gimen franquista. Yo me preguntar\u00eda lo siguiente c\u00f3mo se sentir\u00eda el Partido Popular sus miembros, sus integrantes si cada vez que fueran andando por las calles se encontrar\u00e1n con una foto o el nombre de una Avenida, del verdugo de su padre, de su madre o su hermano.<br \/><br \/>C\u00f3mo se sentir\u00edan si cada vez que fueran a Visitar&nbsp; una iglesia se encontrar\u00e1n enterrado a un asesino de 45.000 seres humano en la Bas\u00edlica o visitando el Valle de los Ca\u00eddos ( como les gusta&nbsp; llamarlo a la derecha), sabiendo que sus padres est\u00e1n ah\u00ed nunca pudieron darle cristiana sepultura, etc\u2026&nbsp;<\/p>\n\n\n\n<figure class=\"wp-block-image size-large\"><img decoding=\"async\" width=\"1080\" height=\"1307\" src=\"http:\/\/xn--tuvozdiasporaespaola-k7b.com\/wp-content\/uploads\/2022\/11\/screenshot_20221108-023505_chrome5449752943798948076.jpg?w=846\" alt=\"\" class=\"wp-image-583\" srcset=\"https:\/\/xn--tuvozdiasporaespaola-k7b.com\/wp-content\/uploads\/2022\/11\/screenshot_20221108-023505_chrome5449752943798948076.jpg 1080w, https:\/\/xn--tuvozdiasporaespaola-k7b.com\/wp-content\/uploads\/2022\/11\/screenshot_20221108-023505_chrome5449752943798948076-248x300.jpg 248w, https:\/\/xn--tuvozdiasporaespaola-k7b.com\/wp-content\/uploads\/2022\/11\/screenshot_20221108-023505_chrome5449752943798948076-846x1024.jpg 846w, https:\/\/xn--tuvozdiasporaespaola-k7b.com\/wp-content\/uploads\/2022\/11\/screenshot_20221108-023505_chrome5449752943798948076-768x929.jpg 768w\" sizes=\"(max-width: 1080px) 100vw, 1080px\" \/><\/figure>\n\n\n\n<p>Indudablemente pondr\u00edan el grito en el cielo la prueba lo hemos visto con ETA&nbsp; y su odio acumulado y nos hablan de <strong>OLVIDO,<\/strong> cuando a\u00fan&nbsp; abandonando las armas,&nbsp; por parte de ellos nunca se ha concedido el perd\u00f3n ni se ha cerrado una gran grieta que han establecido y alimentado para  provecho electoralista.&nbsp;<\/p>\n\n\n\n<p>&nbsp;Hay que considerar que esta ley de memoria democr\u00e1tica devuelve la nacionalidad a miles y miles de espa\u00f1oles,&nbsp; que por derecho le pertenece la Nacionalidad Espa\u00f1ola y que por unos u otros motivos el gobierno de Franco le no les permiti\u00f3 tenerla a\u00fan no siendo republicanos del Exilio. (ejemplo de una Mujer simplemente porque se casaba con un ciudadano argentino o un ciudadano venezolano&nbsp; ten\u00eda que renunciar a la ciudadan\u00eda espa\u00f1ola,&nbsp; o casos de que Espa\u00f1oles que por ser mayores&nbsp; de edad en la LEY de Memoria Democr\u00e1tica que aprob\u00f3 el Gobierno de Zapatero no pudieron acceder a ella).&nbsp;<\/p>\n\n\n\n<p>&nbsp;Estos casos por poner un ejemplo:<\/p>\n\n\n\n<figure class=\"wp-block-image size-large\"><img decoding=\"async\" width=\"800\" height=\"533\" src=\"http:\/\/xn--tuvozdiasporaespaola-k7b.com\/wp-content\/uploads\/2022\/11\/rajoy42263717426882911621.jpeg?w=800\" alt=\"\" class=\"wp-image-585\" srcset=\"https:\/\/xn--tuvozdiasporaespaola-k7b.com\/wp-content\/uploads\/2022\/11\/rajoy42263717426882911621.jpeg 800w, https:\/\/xn--tuvozdiasporaespaola-k7b.com\/wp-content\/uploads\/2022\/11\/rajoy42263717426882911621-300x200.jpeg 300w, https:\/\/xn--tuvozdiasporaespaola-k7b.com\/wp-content\/uploads\/2022\/11\/rajoy42263717426882911621-768x512.jpeg 768w\" sizes=\"(max-width: 800px) 100vw, 800px\" \/><figcaption class=\"wp-element-caption\">El PP nunca hizo nada para acceder a la Nacionalidad  Espa\u00f1ola  y gobern\u00f3 15 a\u00f1os.<br \/> <\/figcaption><\/figure>\n\n\n\n<p><strong>\u00bf Es dar ahora la ciudadan\u00eda a solo una Parte o Bando como quiere hacernos creer a la Di\u00e1spora&nbsp; Espa\u00f1ola?.<\/strong><\/p>\n\n\n\n<p><strong>&nbsp;\u00bf Por qu\u00e9 el Gobierno del PP de Aznar o de Mariano Rajoy &nbsp; no aprobaron una ley de Nacionalidad?.<\/strong><\/p>\n\n\n\n<figure class=\"wp-block-pullquote\"><blockquote><p>&nbsp;&nbsp;MENTIROSOS&nbsp; USTEDES NUNCA &nbsp; HICIERON NADA<\/p><cite>Y gobernar\u00f3n 15 A\u00f1os<\/cite><\/blockquote><\/figure>\n\n\n\n<p>Esta Ley cubre el 90 % de los&nbsp; espa\u00f1oles que lo solicitan, no s\u00f3lo la de un bando como dicen .<\/p>\n\n\n\n<p>Para derogar la Ley,&nbsp; nuestra ley,&nbsp; la de los Espa\u00f1oles, <strong>\u00a1No&nbsp; lo&nbsp; permitiremos quitar  estas conquistas de la Di\u00e1spora Espa\u00f1ola!. <\/strong><\/p>\n\n\n\n<p>Se\u00f1or fijo le\u00a0 queremos recordar\u00a0 nuevamente c\u00f3mo se sentir\u00eda usted si fuera a la inversa. Nos gustar\u00eda que rectificara sus declaraciones ya que son derechos  que le corresponde a much\u00edsimos espa\u00f1oles que est\u00e1n fuera,  como es el derecho a la nacionalidad y a recuperar la Memoria Democr\u00e1tica para  poder traer una verdadera reconciliaci\u00f3n.<\/p>\n\n\n\n<p>Otra justicia, que le corresponde a muchos espa\u00f1oles que est\u00e1n dentro de Espa\u00f1a es que puedan ser enterrados por sus seres queridos, por sus&nbsp; Hijes, Nietos o sus Bisnietos,  que reclaman la justicia que en un momento de la vida  por el hecho de perder una guerra se le prohibi\u00f3.<\/p>\n\n\n\n<figure class=\"wp-block-image size-large\"><img loading=\"lazy\" decoding=\"async\" width=\"1080\" height=\"1888\" src=\"http:\/\/xn--tuvozdiasporaespaola-k7b.com\/wp-content\/uploads\/2022\/11\/screenshot_20221108-023748_chrome1967824102245911056.jpg?w=586\" alt=\"\" class=\"wp-image-586\" srcset=\"https:\/\/xn--tuvozdiasporaespaola-k7b.com\/wp-content\/uploads\/2022\/11\/screenshot_20221108-023748_chrome1967824102245911056.jpg 1080w, https:\/\/xn--tuvozdiasporaespaola-k7b.com\/wp-content\/uploads\/2022\/11\/screenshot_20221108-023748_chrome1967824102245911056-172x300.jpg 172w, https:\/\/xn--tuvozdiasporaespaola-k7b.com\/wp-content\/uploads\/2022\/11\/screenshot_20221108-023748_chrome1967824102245911056-586x1024.jpg 586w, https:\/\/xn--tuvozdiasporaespaola-k7b.com\/wp-content\/uploads\/2022\/11\/screenshot_20221108-023748_chrome1967824102245911056-768x1343.jpg 768w\" sizes=\"(max-width: 1080px) 100vw, 1080px\" \/><figcaption class=\"wp-element-caption\">Rueda de prensa de Podemos  anunciando en acuerdo. <\/figcaption><\/figure>\n\n\n\n<p>Es&nbsp; <strong>JUSTICIA<\/strong>&nbsp; ustedes no estuvieron que sufrir esas consecuencias y hablan libremente de enterrar y dejar todo en el pasado, pero no predican&nbsp; ustedes&nbsp; con ejemplo, ni lo hacen de igual manera como reclaman.<\/p>\n\n\n\n<figure class=\"wp-block-pullquote\"><blockquote><p>Solo&nbsp; hay que ver como acusan&nbsp; a Podemos de extrema Izquierda&nbsp; o como acusan a Partido Socialista o al gobierno en general&nbsp; progresista de sociocomunista, mientras ustedes pactan con la Extrema Derecha Defensores de Holocausto Alem\u00e1n,&nbsp; de Mussolini o Franco \u00a1<strong>CINICOS<\/strong>!.<\/p><\/blockquote><\/figure>\n\n\n\n<p>Ustedes dirigentes del PP siembran el odio, el rencor y&nbsp; la invitaci\u00f3n a la violencia.<\/p>\n\n\n\n<p>Ustedes no quieren enterrar nada, a ustedes les interesa recuperarlo porque mientras haya&nbsp; Grieta tendr\u00e1 justificaci\u00f3n para atacar progresismo en Espa\u00f1a, Europa y&nbsp; Latinoam\u00e9rica.<\/p>\n\n\n\n<p>En&nbsp; Argentina se par\u00f3 el ALCA con la frase de Al Carajo al presidente de EEUU por Hugo Chavez , aqu\u00ed se par\u00f3 ese acuerdo del Mercosur-Union Europea&nbsp; que solo buscan empobrecer al Pueblo Latinoam\u00e9ricano y destruir su desarrollo saqueando minerales, petr\u00f3leo, granos y materias primas.<\/p>\n\n\n\n<figure class=\"wp-block-image size-large\"><img loading=\"lazy\" decoding=\"async\" width=\"1080\" height=\"1657\" src=\"http:\/\/xn--tuvozdiasporaespaola-k7b.com\/wp-content\/uploads\/2022\/11\/screenshot_20221108-021715_chrome8057178450714396310.jpg?w=667\" alt=\"\" class=\"wp-image-587\" srcset=\"https:\/\/xn--tuvozdiasporaespaola-k7b.com\/wp-content\/uploads\/2022\/11\/screenshot_20221108-021715_chrome8057178450714396310.jpg 1080w, https:\/\/xn--tuvozdiasporaespaola-k7b.com\/wp-content\/uploads\/2022\/11\/screenshot_20221108-021715_chrome8057178450714396310-196x300.jpg 196w, https:\/\/xn--tuvozdiasporaespaola-k7b.com\/wp-content\/uploads\/2022\/11\/screenshot_20221108-021715_chrome8057178450714396310-667x1024.jpg 667w, https:\/\/xn--tuvozdiasporaespaola-k7b.com\/wp-content\/uploads\/2022\/11\/screenshot_20221108-021715_chrome8057178450714396310-768x1178.jpg 768w\" sizes=\"(max-width: 1080px) 100vw, 1080px\" \/><figcaption class=\"wp-element-caption\">CORRUPCI\u00d3N OCULTADA POR LOS MEDIOS ESPA\u00d1OLES PARA CHANTAJEAR A UN FEIJ\u00d3O MARIONETA DE LAS ELITES OLIGARCAS. <\/figcaption><\/figure>\n\n\n\n<p>En Argentina 460.000 espa\u00f1oles y 260.000 m\u00e1s que tendr\u00e1n Nacionalidad&nbsp; ser\u00e1 la trinchera de resistencia a sus pol\u00edticas Neoliberales&nbsp; y recortes de derechos ( El PP junto al PSOE establecieron la&nbsp; LOREG para rogar el voto Exterior, solo con la presencia de Podemos en el Gobierno el PSOE cambi\u00f3 su tendencia).<br \/><br \/>En ese contexto, los propios promotores de la reforma electoral de 2011 se fueron desmarcando, especialmente el&nbsp;PSOE, CiU.<\/p>\n\n\n\n<figure class=\"wp-block-image size-large\"><img loading=\"lazy\" decoding=\"async\" width=\"880\" height=\"495\" src=\"http:\/\/xn--tuvozdiasporaespaola-k7b.com\/wp-content\/uploads\/2022\/11\/5f24e0eb-c628-464d-9022-b123ecac8c1a_16-9-aspect-ratio_default_04542615304972045637.jpg?w=880\" alt=\"\" class=\"wp-image-588\" srcset=\"https:\/\/xn--tuvozdiasporaespaola-k7b.com\/wp-content\/uploads\/2022\/11\/5f24e0eb-c628-464d-9022-b123ecac8c1a_16-9-aspect-ratio_default_04542615304972045637.jpg 880w, https:\/\/xn--tuvozdiasporaespaola-k7b.com\/wp-content\/uploads\/2022\/11\/5f24e0eb-c628-464d-9022-b123ecac8c1a_16-9-aspect-ratio_default_04542615304972045637-300x169.jpg 300w, https:\/\/xn--tuvozdiasporaespaola-k7b.com\/wp-content\/uploads\/2022\/11\/5f24e0eb-c628-464d-9022-b123ecac8c1a_16-9-aspect-ratio_default_04542615304972045637-768x432.jpg 768w\" sizes=\"(max-width: 880px) 100vw, 880px\" \/><figcaption class=\"wp-element-caption\">MACRI y FEIJ\u00d3O <\/figcaption><\/figure>\n\n\n\n<p>Todo los intentos de rectificar se han visto frustrados. En octubre de 2013, el Grupo Popular rechaz\u00f3 en el Congreso una iniciativa del PSOE para revocar el voto rogado alegando que es la f\u00f3rmula menos da\u00f1ina para evitar el fraude.<\/p>\n\n\n\n<p>&nbsp;\u00a1<strong>GRACIAS PP, GRACIAS FEIJ\u00d3O!,<\/strong> desde entonces la iniciativa&nbsp;sigui\u00f3 bloqueada en la C\u00e1mara, sin que se permitiera presentar enmiendas. Solo la llegada de PODEMOS y otras fuerzas progresista junto al PSOE&nbsp; hizo posible&nbsp; que se pudieran sortear los obst\u00e1culos del PP.<\/p>\n\n\n\n<p>&nbsp;<\/p>\n\n\n\n<figure class=\"wp-block-pullquote\"><blockquote><p>\u00a1MEMORIA ACTIVA ESPA\u00d1OLES DEL EXTERIOR! Una vez m\u00e1s tenemos un FEIJ\u00d3O MENTIROSO<\/p><\/blockquote><\/figure>\n\n\n\n<figure class=\"wp-block-image size-large\"><img loading=\"lazy\" decoding=\"async\" width=\"962\" height=\"557\" src=\"http:\/\/xn--tuvozdiasporaespaola-k7b.com\/wp-content\/uploads\/2022\/11\/screenshot_20221108-021852_chrome3396649996271282716.jpg?w=962\" alt=\"\" class=\"wp-image-589\" srcset=\"https:\/\/xn--tuvozdiasporaespaola-k7b.com\/wp-content\/uploads\/2022\/11\/screenshot_20221108-021852_chrome3396649996271282716.jpg 962w, https:\/\/xn--tuvozdiasporaespaola-k7b.com\/wp-content\/uploads\/2022\/11\/screenshot_20221108-021852_chrome3396649996271282716-300x174.jpg 300w, https:\/\/xn--tuvozdiasporaespaola-k7b.com\/wp-content\/uploads\/2022\/11\/screenshot_20221108-021852_chrome3396649996271282716-768x445.jpg 768w\" sizes=\"(max-width: 962px) 100vw, 962px\" \/><\/figure>\n\n\n\n<p>Muchos espa\u00f1oles&nbsp; est\u00e1n condenados a un exilio en la di\u00e1spora gracias a sus pol\u00edticas neoliberales a partir de los gobiernos de Mariano Rajoy, ya con anterioridad su edici\u00f3n lo mismo  con pol\u00edticas de una dictadura franquista que evit\u00f3 una Espa\u00f1a de derecho, de justicia social y de democracia. Esperemos que pueda rectificar con el paso del tiempo y que no nos prive de todo esto cuando llegue al poder si alg\u00fan d\u00eda llega el Partido Popular.<br \/><br \/>&nbsp;Se sinti\u00f3 Orgulloso&nbsp; se\u00f1or FEIJ\u00d3O de decirlo delante delante de los de los gobiernos neoliberales que hay en la ciudad de Buenos Aires al igual que el Madrid con Ayuso ( que ya le marca el camino&nbsp; de la puerta de salida del PP&nbsp; si no se&nbsp; negaba a firmar la renovaci\u00f3n del&nbsp; Tribunal Supremo)<\/p>\n\n\n\n<figure class=\"wp-block-image size-large\"><img loading=\"lazy\" decoding=\"async\" width=\"1080\" height=\"1382\" src=\"http:\/\/xn--tuvozdiasporaespaola-k7b.com\/wp-content\/uploads\/2022\/11\/screenshot_20221108-031119_chrome5261050801122878159.jpg?w=800\" alt=\"\" class=\"wp-image-590\" srcset=\"https:\/\/xn--tuvozdiasporaespaola-k7b.com\/wp-content\/uploads\/2022\/11\/screenshot_20221108-031119_chrome5261050801122878159.jpg 1080w, https:\/\/xn--tuvozdiasporaespaola-k7b.com\/wp-content\/uploads\/2022\/11\/screenshot_20221108-031119_chrome5261050801122878159-234x300.jpg 234w, https:\/\/xn--tuvozdiasporaespaola-k7b.com\/wp-content\/uploads\/2022\/11\/screenshot_20221108-031119_chrome5261050801122878159-800x1024.jpg 800w, https:\/\/xn--tuvozdiasporaespaola-k7b.com\/wp-content\/uploads\/2022\/11\/screenshot_20221108-031119_chrome5261050801122878159-768x983.jpg 768w\" sizes=\"(max-width: 1080px) 100vw, 1080px\" \/><figcaption class=\"wp-element-caption\">Un FEIJ\u00d3O  en decadencia sin personalidad y sin Rumbo con trayectorias corrupci\u00f3n y mentiras contrastadas. <\/figcaption><\/figure>\n\n\n\n<figure class=\"wp-block-pullquote\"><blockquote><p>PERSONALIDAD NINGUNA&nbsp; SOLO UN FEIJ\u00d3O&nbsp; T\u00cdTERE DE AYUSO Y DEL PODER MEDI\u00c1TICO QUE LE MARCA EL CAMINO<\/p><\/blockquote><\/figure>\n\n\n\n<p>Por ocultar sus trapos sucios y corruptelas usted ceder\u00e1 en todo siendo t\u00edtere de Fondos Buitres y prensas Medi\u00e1ticas  junto a la corrupciones del poder de lo que el PP es buen alumno y profesor.<\/p>\n\n\n\n<p>(Teniendo esa informaci\u00f3n de sus manejos mafiosos y corruptos en Galicia y en el Exterior&nbsp; tienen el control de sus Voluntades).<\/p>\n\n\n\n<p>Sus Pol\u00edticas son muy similares a las de MACRI&nbsp; o las que promueve MILLEI o el propio VOX,&nbsp; por que las siembran&nbsp; los Fondos Buitres las grandes empresas y los poderes medi\u00e1ticos&nbsp; estas pol\u00edticas&nbsp; solamente siembran el odio y el rencor en&nbsp; la ciudadan\u00eda Espa\u00f1ola.<\/p>\n\n\n\n<p>Esperemos que no llegue nunca al poder para que no nos&nbsp; arrebate&nbsp; de estas conquistas que por fin despu\u00e9s de treinta y cinco a\u00f1os de democracia verdaderamente se cumplir\u00e1 con la ley como se establece y que todo el mundo tiene derecho a tener una historia y a cubrir su historia y a saldar su historia.<\/p>\n\n\n\n<figure class=\"wp-block-image size-large\"><img loading=\"lazy\" decoding=\"async\" width=\"900\" height=\"599\" src=\"http:\/\/xn--tuvozdiasporaespaola-k7b.com\/wp-content\/uploads\/2022\/11\/63497ef2872587500490628847706112.jpeg?w=900\" alt=\"\" class=\"wp-image-591\" srcset=\"https:\/\/xn--tuvozdiasporaespaola-k7b.com\/wp-content\/uploads\/2022\/11\/63497ef2872587500490628847706112.jpeg 900w, https:\/\/xn--tuvozdiasporaespaola-k7b.com\/wp-content\/uploads\/2022\/11\/63497ef2872587500490628847706112-300x200.jpeg 300w, https:\/\/xn--tuvozdiasporaespaola-k7b.com\/wp-content\/uploads\/2022\/11\/63497ef2872587500490628847706112-768x511.jpeg 768w\" sizes=\"(max-width: 900px) 100vw, 900px\" \/><figcaption class=\"wp-element-caption\">Hay Acuerdo, la derecha Franquista se entienden <\/figcaption><\/figure>\n\n\n\n<p>Con todo resto  \u00bftendr\u00e1 el valor el Se\u00f1or FEIJ\u00d3O  de continuar  mintiendo a la Di\u00e1spora Espa\u00f1ola , sobre Ley de Memoria Democr\u00e1tica y la Ley de Nacionalidad o Nietos, Derogaci\u00f3n de Voto Rogado, etc&#8230;? y \u00bfsobre sus responsabilidades  en dejarnos sin estos derechos y mentir sistematicamente  para traer su Corrupci\u00f3n a Latinoam\u00e9rica?<\/p>\n\n\n\n<p><strong>REFLEXION , MEMORIA  y REFLEJO EN EL VOTO<\/strong>.<\/p>\n\n\n\n<p>Equipo de Redacci\u00f3n de Revista TU VOZ , Argentina.<\/p>\n","protected":false},"excerpt":{"rendered":"<p>La descripci\u00f3n de Feij\u00f3o de la Guerra Civil: \u201cHace 80 a\u00f1os nuestros abuelos y bisabuelos se pelearon\u201d Con ese argumento nos preguntamos \u00bfPor eso &#8230; <\/p>\n<p class=\"read-more-container\"><a title=\"Las  MENTIRAS de  FEIJ\u00d3O en ARGENTINA sobre  VOTO ROGADO y MEMORIA DEMOCR\u00c1TICA.\" class=\"read-more button\" href=\"https:\/\/xn--tuvozdiasporaespaola-k7b.com\/page\/2\/las-mentiras-de-feijoo-en-argentina-sobre-voto-rogado-y-memoria-democratica\/#more-592\" aria-label=\"M\u00e1s en Las  MENTIRAS de  FEIJ\u00d3O en ARGENTINA sobre  VOTO ROGADO y MEMORIA DEMOCR\u00c1TICA.\">Leer m\u00e1s<\/a><\/p>\n","protected":false},"author":222560522,"featured_media":0,"comment_status":"open","ping_status":"open","sticky":false,"template":"","format":"standard","meta":{"footnotes":""},"categories":[1771],"tags":[],"class_list":["post-592","post","type-post","status-publish","format-standard","hentry","category-sociales"],"_links":{"self":[{"href":"https:\/\/xn--tuvozdiasporaespaola-k7b.com\/page\/2\/wp-json\/wp\/v2\/posts\/592","targetHints":{"allow":["GET"]}}],"collection":[{"href":"https:\/\/xn--tuvozdiasporaespaola-k7b.com\/page\/2\/wp-json\/wp\/v2\/posts"}],"about":[{"href":"https:\/\/xn--tuvozdiasporaespaola-k7b.com\/page\/2\/wp-json\/wp\/v2\/types\/post"}],"author":[{"embeddable":true,"href":"https:\/\/xn--tuvozdiasporaespaola-k7b.com\/page\/2\/wp-json\/wp\/v2\/users\/222560522"}],"replies":[{"embeddable":true,"href":"https:\/\/xn--tuvozdiasporaespaola-k7b.com\/page\/2\/wp-json\/wp\/v2\/comments?post=592"}],"version-history":[{"count":0,"href":"https:\/\/xn--tuvozdiasporaespaola-k7b.com\/page\/2\/wp-json\/wp\/v2\/posts\/592\/revisions"}],"wp:attachment":[{"href":"https:\/\/xn--tuvozdiasporaespaola-k7b.com\/page\/2\/wp-json\/wp\/v2\/media?parent=592"}],"wp:term":[{"taxonomy":"category","embeddable":true,"href":"https:\/\/xn--tuvozdiasporaespaola-k7b.com\/page\/2\/wp-json\/wp\/v2\/categories?post=592"},{"taxonomy":"post_tag","embeddable":true,"href":"https:\/\/xn--tuvozdiasporaespaola-k7b.com\/page\/2\/wp-json\/wp\/v2\/tags?post=592"}],"curies":[{"name":"wp","href":"https:\/\/api.w.org\/{rel}","templated":true}]}}