{"id":5907,"date":"2024-06-25T12:04:39","date_gmt":"2024-06-25T15:04:39","guid":{"rendered":"https:\/\/xn--tuvozdiasporaespaola-k7b.com\/page\/2\/?p=5907"},"modified":"2024-06-25T12:04:39","modified_gmt":"2024-06-25T15:04:39","slug":"geopolitica-entre-moscu-y-pyongyang","status":"publish","type":"post","link":"https:\/\/xn--tuvozdiasporaespaola-k7b.com\/page\/2\/geopolitica-entre-moscu-y-pyongyang\/","title":{"rendered":"Geopol\u00edtica entre Mosc\u00fa y Pyongyang."},"content":{"rendered":"\n<p>Por Jes\u00fas Rivero, Revista TU VOZ,  Rosario,  Argentina <\/p>\n\n\n\n<p>El mandatario de la Federaci\u00f3n rusa, Vladimir Putin, volvi\u00f3 a escena luego del acuerdo diplom\u00e1tico con su par norcoreano Kim Jong Un.<\/p>\n\n\n\n<p>Una exhibici\u00f3n medi\u00e1tica fuera del foco del conflicto con Ucrania que exaspera a la comunidad internacional, sobre todo a China y Estados Unidos, que miran de reojo. El 21 de junio el viceministro de Asuntos Exteriores de Se\u00fal, Kim Hong Kyun, convoc\u00f3 al embajador ruso, Georgy Zinoviev, para protestar por el acuerdo entre Vladimir Putin y Kim Jong Un.Y, es que el 19 de junio el mandatario ruso Vladimir Putin firm\u00f3 el Acuerdo Integral de Asociaci\u00f3n Estrat\u00e9gica; un pacto que incluye una cl\u00e1usula de defensa mutua, bajo la cual cada pa\u00eds acepta ayudar al otro a repeler una eventual agresi\u00f3n externa.<\/p>\n\n\n\n<figure class=\"wp-block-gallery has-nested-images columns-default is-cropped wp-block-gallery-1 is-layout-flex wp-block-gallery-is-layout-flex\">\n<figure class=\"wp-block-image size-large\"><img fetchpriority=\"high\" decoding=\"async\" width=\"640\" height=\"360\" data-id=\"5910\" src=\"https:\/\/xn--tuvozdiasporaespaola-k7b.com\/wp-content\/uploads\/2024\/06\/80af8cd0-2e4e-11ef-90e4-c12a7cf45ebe.jpg.webp\" alt=\"\" class=\"wp-image-5910\" srcset=\"https:\/\/xn--tuvozdiasporaespaola-k7b.com\/wp-content\/uploads\/2024\/06\/80af8cd0-2e4e-11ef-90e4-c12a7cf45ebe.jpg.webp 640w, https:\/\/xn--tuvozdiasporaespaola-k7b.com\/wp-content\/uploads\/2024\/06\/80af8cd0-2e4e-11ef-90e4-c12a7cf45ebe.jpg-300x169.webp 300w\" sizes=\"(max-width: 640px) 100vw, 640px\" \/><\/figure>\n<\/figure>\n\n\n\n<p>Aunque Mosc\u00fa ni Pyongyang divulgaron como proceder\u00eda esa cooperaci\u00f3n mutua en caso de activar la cl\u00e1usula de defensa, Kim Jong Un subray\u00f3 que el pacto \u201cse convertir\u00eda en una fuerza motriz que acelere la creaci\u00f3n de un nuevo mundo multipolar\u201d.<\/p>\n\n\n\n<p>El nuevo pacto entre Mosc\u00fa y Pyongyang fue anunciado en momentos en donde crecen las preocupaciones entre los aliados occidentales, Jap\u00f3n y Corea del Sur, por un presunto acuerdo armament\u00edstica el cual Corea del Norte proporciona a Rusia en el conflicto con Ucrania y la OTAN (Organizaci\u00f3n del Tratado del Atl\u00e1ntico Norte), a cambio de financiamiento econ\u00f3mico para fortalecer el programa nuclear-tecnol\u00f3gico.<\/p>\n\n\n\n<p>Si subsist\u00edan dudas para los aliados han quedado despejadas tras la firma del nuevo pacto, lo que lleva a Se\u00fal a tomar medidas.El diplom\u00e1tico surcoreano subray\u00f3 que cualquier cooperaci\u00f3n directa o indirecta a su pa\u00eds lim\u00edtrofe del norte para desarrollar sus capacidades militares violar\u00eda las resoluciones del Consejo de Seguridad de las Naciones Unidas y ser\u00eda una amenaza para su naci\u00f3n. <\/p>\n\n\n\n<p>Por tanto, advirti\u00f3 de sus efectos geopol\u00edticos para con Mosc\u00fa.Pero lejos de presionar a Rusia por sus acciones, el embajador Zinoviev se mostr\u00f3 desafiante al se\u00f1alar a los funcionarios coreanos que \u201ccualquier intento de amenazar a su pa\u00eds es inaceptable\u201d. <\/p>\n\n\n\n<p>Adem\u00e1s, destac\u00f3 que el acuerdo entre el Kremlin y Corea del Norte no est\u00e1 dirigido a terceros pa\u00edses espec\u00edficos.Putin aumento sus amenazas luego de que el pasado 30 de mayo Washington autorizar\u00e1 al Ej\u00e9rcito de Ucrania a emplear el armamento que le entregan para atacar territorio ruso.<\/p>\n\n\n\n<figure class=\"wp-block-gallery has-nested-images columns-default is-cropped wp-block-gallery-2 is-layout-flex wp-block-gallery-is-layout-flex\">\n<figure class=\"wp-block-image size-large\"><img decoding=\"async\" width=\"1024\" height=\"576\" data-id=\"5911\" src=\"https:\/\/xn--tuvozdiasporaespaola-k7b.com\/wp-content\/uploads\/2024\/06\/1080x608_cmsv2_45c576c7-ddfc-5203-9ee6-6869f14f7ca0-7783014-1024x576.webp\" alt=\"\" class=\"wp-image-5911\" srcset=\"https:\/\/xn--tuvozdiasporaespaola-k7b.com\/wp-content\/uploads\/2024\/06\/1080x608_cmsv2_45c576c7-ddfc-5203-9ee6-6869f14f7ca0-7783014-1024x576.webp 1024w, https:\/\/xn--tuvozdiasporaespaola-k7b.com\/wp-content\/uploads\/2024\/06\/1080x608_cmsv2_45c576c7-ddfc-5203-9ee6-6869f14f7ca0-7783014-300x169.webp 300w, https:\/\/xn--tuvozdiasporaespaola-k7b.com\/wp-content\/uploads\/2024\/06\/1080x608_cmsv2_45c576c7-ddfc-5203-9ee6-6869f14f7ca0-7783014-768x432.webp 768w, https:\/\/xn--tuvozdiasporaespaola-k7b.com\/wp-content\/uploads\/2024\/06\/1080x608_cmsv2_45c576c7-ddfc-5203-9ee6-6869f14f7ca0-7783014.webp 1080w\" sizes=\"(max-width: 1024px) 100vw, 1024px\" \/><\/figure>\n<\/figure>\n\n\n\n<p>Medida a la que posteriormente se sumaron Alemania y Francia, lo que elev\u00f3 la furia del Kremlin.Todo mientras las tensiones fronterizas siguen aumentando con amenazas vagas e incursiones breves.<\/p>\n","protected":false},"excerpt":{"rendered":"<p>Por Jes\u00fas Rivero, Revista TU VOZ, Rosario, Argentina El mandatario de la Federaci\u00f3n rusa, Vladimir Putin, volvi\u00f3 a escena luego del acuerdo diplom\u00e1tico con &#8230; <\/p>\n<p class=\"read-more-container\"><a title=\"Geopol\u00edtica entre Mosc\u00fa y Pyongyang.\" class=\"read-more button\" href=\"https:\/\/xn--tuvozdiasporaespaola-k7b.com\/page\/2\/geopolitica-entre-moscu-y-pyongyang\/#more-5907\" aria-label=\"M\u00e1s en Geopol\u00edtica entre Mosc\u00fa y Pyongyang.\">Leer m\u00e1s<\/a><\/p>\n","protected":false},"author":222560522,"featured_media":5912,"comment_status":"open","ping_status":"open","sticky":false,"template":"","format":"standard","meta":{"footnotes":""},"categories":[121869],"tags":[],"class_list":["post-5907","post","type-post","status-publish","format-standard","has-post-thumbnail","hentry","category-internaciones","resize-featured-image"],"_links":{"self":[{"href":"https:\/\/xn--tuvozdiasporaespaola-k7b.com\/page\/2\/wp-json\/wp\/v2\/posts\/5907","targetHints":{"allow":["GET"]}}],"collection":[{"href":"https:\/\/xn--tuvozdiasporaespaola-k7b.com\/page\/2\/wp-json\/wp\/v2\/posts"}],"about":[{"href":"https:\/\/xn--tuvozdiasporaespaola-k7b.com\/page\/2\/wp-json\/wp\/v2\/types\/post"}],"author":[{"embeddable":true,"href":"https:\/\/xn--tuvozdiasporaespaola-k7b.com\/page\/2\/wp-json\/wp\/v2\/users\/222560522"}],"replies":[{"embeddable":true,"href":"https:\/\/xn--tuvozdiasporaespaola-k7b.com\/page\/2\/wp-json\/wp\/v2\/comments?post=5907"}],"version-history":[{"count":2,"href":"https:\/\/xn--tuvozdiasporaespaola-k7b.com\/page\/2\/wp-json\/wp\/v2\/posts\/5907\/revisions"}],"predecessor-version":[{"id":5913,"href":"https:\/\/xn--tuvozdiasporaespaola-k7b.com\/page\/2\/wp-json\/wp\/v2\/posts\/5907\/revisions\/5913"}],"wp:featuredmedia":[{"embeddable":true,"href":"https:\/\/xn--tuvozdiasporaespaola-k7b.com\/page\/2\/wp-json\/wp\/v2\/media\/5912"}],"wp:attachment":[{"href":"https:\/\/xn--tuvozdiasporaespaola-k7b.com\/page\/2\/wp-json\/wp\/v2\/media?parent=5907"}],"wp:term":[{"taxonomy":"category","embeddable":true,"href":"https:\/\/xn--tuvozdiasporaespaola-k7b.com\/page\/2\/wp-json\/wp\/v2\/categories?post=5907"},{"taxonomy":"post_tag","embeddable":true,"href":"https:\/\/xn--tuvozdiasporaespaola-k7b.com\/page\/2\/wp-json\/wp\/v2\/tags?post=5907"}],"curies":[{"name":"wp","href":"https:\/\/api.w.org\/{rel}","templated":true}]}}