{"id":5896,"date":"2024-06-24T20:57:21","date_gmt":"2024-06-24T23:57:21","guid":{"rendered":"https:\/\/xn--tuvozdiasporaespaola-k7b.com\/page\/2\/?p=5896"},"modified":"2024-06-24T20:59:49","modified_gmt":"2024-06-24T23:59:49","slug":"desde-refugio-humano-hacemos-mucha-pedagogia","status":"publish","type":"post","link":"https:\/\/xn--tuvozdiasporaespaola-k7b.com\/page\/2\/desde-refugio-humano-hacemos-mucha-pedagogia\/","title":{"rendered":"\u201cDESDE REFUGIO HUMANO HACEMOS MUCHA PEDAGOG\u00cdA\u201d"},"content":{"rendered":"\n<p>Por Walter C. Medina<\/p>\n\n\n\n<p>ENTREVISTA A CRISTIAN MART\u00cdNEZ<\/p>\n\n\n\n<p> Nacido en Colombia, nacionalizado espa\u00f1ol y exiliado en Argentina en 2016 por razones pol\u00edticas relacionadas con los Cuerdos de La Habana, el referente y fundador de Refugio Humano Internacional, Cristian Mart\u00ednez, dialog\u00f3 con Francisco L\u00f3pez en el bloque La Entrevista del programa radial \u201cCenizas de Babilonia. Di\u00e1spora Espa\u00f1ola\u201d, que emite AM830 Radio del Pueblo.<\/p>\n\n\n\n<figure class=\"wp-block-gallery has-nested-images columns-default is-cropped wp-block-gallery-1 is-layout-flex wp-block-gallery-is-layout-flex\">\n<figure class=\"wp-block-image size-large\"><img fetchpriority=\"high\" decoding=\"async\" width=\"1024\" height=\"1024\" data-id=\"5905\" src=\"https:\/\/xn--tuvozdiasporaespaola-k7b.com\/wp-content\/uploads\/2024\/06\/Screenshot_20230618_223937_Gallery-1024x1024.jpg\" alt=\"\" class=\"wp-image-5905\" srcset=\"https:\/\/xn--tuvozdiasporaespaola-k7b.com\/wp-content\/uploads\/2024\/06\/Screenshot_20230618_223937_Gallery-1024x1024.jpg 1024w, https:\/\/xn--tuvozdiasporaespaola-k7b.com\/wp-content\/uploads\/2024\/06\/Screenshot_20230618_223937_Gallery-300x300.jpg 300w, https:\/\/xn--tuvozdiasporaespaola-k7b.com\/wp-content\/uploads\/2024\/06\/Screenshot_20230618_223937_Gallery-150x150.jpg 150w, https:\/\/xn--tuvozdiasporaespaola-k7b.com\/wp-content\/uploads\/2024\/06\/Screenshot_20230618_223937_Gallery-768x768.jpg 768w, https:\/\/xn--tuvozdiasporaespaola-k7b.com\/wp-content\/uploads\/2024\/06\/Screenshot_20230618_223937_Gallery.jpg 1080w\" sizes=\"(max-width: 1024px) 100vw, 1024px\" \/><\/figure>\n<\/figure>\n\n\n\n<p><strong>El 20 de junio se celebr\u00f3 el D\u00eda Internacional del Refugiado, \u00bfqu\u00e9 consideras t\u00fa que a\u00fan puede estar pendiente de resoluci\u00f3n, y cu\u00e1les son los temas que a\u00fan no se han podido solucionar para garantizar los derechos de los refugiados?<\/strong><\/p>\n\n\n\n<p> Un refugiado es una persona que como consecuencia de la guerra en su pa\u00eds, o de un ataque externo de un pa\u00eds hacia otro, o por persecuciones pol\u00edticas, de g\u00e9nero, de ideolog\u00eda o de religi\u00f3n, se ve obligada a irse de su tierra natal porque siente temor por su vida. Su pa\u00eds de origen deja de garantizar la seguridad, y esta persona se ve obligada a salir de su pa\u00eds. <\/p>\n\n\n\n<p>Yo lo viv\u00ed en carne propia y en ese momento M\u00e9xico y Argentina fueron los dos pa\u00edses que se me vinieron a la cabeza, porque en tema de refugiados est\u00e1n a la bandera. <\/p>\n\n\n\n<p>Termin\u00e9 optando por Argentina, en ese momento estaba Mauricio Macri en la presidencia, as\u00ed que su pol\u00edtica no era muy receptora, no era de brazos abiertos, iba m\u00e1s bien en la l\u00ednea Trump, la de levantar muros. Fue dif\u00edcil en ese momento pero luego con el gobierno de Alberto Fern\u00e1ndez la cosa se puso un poco m\u00e1s flexible.<\/p>\n\n\n\n<p>A nivel mundial a esta agenda la viene marcando la Uni\u00f3n Europea, que en marzo aprob\u00f3 un nuevo pacto de migraci\u00f3n y asilo, el cual no permite un mecanismo pleno de solidaridad, sino que \u2013seg\u00fan ellos- establece un reparto m\u00e1s equitativo de la responsabilidad de cada pa\u00eds, y permite que los procedimientos para expulsar a las personas que necesitan refugio sean m\u00e1s acelerados, sin contar con el debido proceso, y permite que las detenciones en las fronteras crezcan exponencialmente, poniendo en grave riesgo a miles de refugiados en el Mediterr\u00e1neo. <\/p>\n\n\n\n<p>Esto impacta en Am\u00e9rica Latina porque si los pa\u00edses no pueden sostener a sus propios ciudadanos, mucho menos a quienes huyen por cuestiones econ\u00f3micas de sus pa\u00edses. <\/p>\n\n\n\n<p>Desde Refugio Humanos hacemos mucha pedagog\u00eda de que por ejemplo Brasil, en septiembre del a\u00f1o pasado aprob\u00f3 por ley una semana de los migrantes; entonces cada a\u00f1o, entre el 19 y el 23 de junio se celebra en Brasil la Semana del Migrante Refugiado, en donde se realizan asambleas y eventos para discutir los fen\u00f3menos migratorios y para humanizarlos desde diferentes perspectivas, para promover y defender los derechos, las libertades y las obligaciones y garant\u00edas de los migrantes, fomentar el debate y la propuesta de pol\u00edticas p\u00fablicas.<\/p>\n\n\n\n<figure class=\"wp-block-gallery has-nested-images columns-default is-cropped wp-block-gallery-2 is-layout-flex wp-block-gallery-is-layout-flex\">\n<figure class=\"wp-block-image size-large\"><img decoding=\"async\" width=\"1024\" height=\"575\" data-id=\"5902\" src=\"https:\/\/xn--tuvozdiasporaespaola-k7b.com\/wp-content\/uploads\/2024\/06\/29Ramsey-Sanchez-Garzoli1-videoSixteenByNineJumbo1600-1024x575.jpg\" alt=\"\" class=\"wp-image-5902\" srcset=\"https:\/\/xn--tuvozdiasporaespaola-k7b.com\/wp-content\/uploads\/2024\/06\/29Ramsey-Sanchez-Garzoli1-videoSixteenByNineJumbo1600-1024x575.jpg 1024w, https:\/\/xn--tuvozdiasporaespaola-k7b.com\/wp-content\/uploads\/2024\/06\/29Ramsey-Sanchez-Garzoli1-videoSixteenByNineJumbo1600-300x169.jpg 300w, https:\/\/xn--tuvozdiasporaespaola-k7b.com\/wp-content\/uploads\/2024\/06\/29Ramsey-Sanchez-Garzoli1-videoSixteenByNineJumbo1600-768x432.jpg 768w, https:\/\/xn--tuvozdiasporaespaola-k7b.com\/wp-content\/uploads\/2024\/06\/29Ramsey-Sanchez-Garzoli1-videoSixteenByNineJumbo1600-1536x863.jpg 1536w, https:\/\/xn--tuvozdiasporaespaola-k7b.com\/wp-content\/uploads\/2024\/06\/29Ramsey-Sanchez-Garzoli1-videoSixteenByNineJumbo1600.jpg 1600w\" sizes=\"(max-width: 1024px) 100vw, 1024px\" \/><\/figure>\n<\/figure>\n\n\n\n<p><strong>\u00bfQu\u00e9 acciones realizan como ONG y en qu\u00e9 pa\u00edses tiene presencia Refugio Humano Internacional?<\/strong><\/p>\n\n\n\n<p>Ahora mismo estamos instalados de lleno en Colombia porque aqu\u00ed el tema con nuestros hermanos colombianos est\u00e1 muy fuerte. Sin embargo hay que decir que este gobierno ha avanzado much\u00edsimo en materia de darle derechos a los migrantes venezolanos. <\/p>\n\n\n\n<p>La Canciller\u00eda colombiana lo que hizo fue presentar un proyecto decreto para darles un permiso especial de permanencia y regularizar a tutores de menores de edad de la poblaci\u00f3n venezolana que viven en Colombia. <\/p>\n\n\n\n<p>Hemos estado acompa\u00f1ando a Migraci\u00f3n, desde nuestra organizaci\u00f3n con otras muchas organizaciones, y hemos estado haciendo pedagog\u00eda desde ese punto, y a su vez recibimos muchas llamadas para asesoramiento, de Argentina y de Colombia, principalmente, y sobre todo de hermanos venezolanos.<\/p>\n\n\n\n<p><strong>Tu tambien integras el Consejo de Coordinaci\u00f3n de la Red de C\u00edrculos de Podemos Am\u00e9rica como representante de Podemos Colombia del cual eres coordinador y en d\u00edas pasados habeis denunciado una detenci\u00f3n ilegal en Chile de Daniel Jadue pertenecientes al partido comunista chileno alcalde de Recoleta,  \u00bfQue denuciais?<\/strong><\/p>\n\n\n\n<p>Gracias por darnos el espacio para transmitir esta denuncia p\u00fablica en defensa de Daniel Jadue la misma dice as\u00ed:<\/p>\n\n\n\n<p>\u00ab<em>Desde la Red de C\u00edrculos Americanos Podemos Exterior manifestamos toda nuestra solidaridad con el compa\u00f1ero Daniel Jadue, hoy preso pol\u00edtico en el hermano pa\u00eds de Chile a mano de un poder judicial c\u00f3mplice de la mafia industrial-farmac\u00e9utica. \u00bfSu presunto delito? Darles acceso a medicamentos baratos a la ciudadan\u00eda. Desde el 2015 que inaugur\u00f3 la primera farmacia popular de Chile.<\/em><\/p>\n\n\n\n<figure class=\"wp-block-gallery has-nested-images columns-default is-cropped wp-block-gallery-3 is-layout-flex wp-block-gallery-is-layout-flex\">\n<figure class=\"wp-block-image size-large\"><img decoding=\"async\" width=\"639\" height=\"319\" data-id=\"5901\" src=\"https:\/\/xn--tuvozdiasporaespaola-k7b.com\/wp-content\/uploads\/2024\/06\/665f7ad5981a982f2f79549b.jpg\" alt=\"\" class=\"wp-image-5901\" srcset=\"https:\/\/xn--tuvozdiasporaespaola-k7b.com\/wp-content\/uploads\/2024\/06\/665f7ad5981a982f2f79549b.jpg 639w, https:\/\/xn--tuvozdiasporaespaola-k7b.com\/wp-content\/uploads\/2024\/06\/665f7ad5981a982f2f79549b-300x150.jpg 300w\" sizes=\"(max-width: 639px) 100vw, 639px\" \/><\/figure>\n<\/figure>\n\n\n\n<p><em>Daniel, militante del partido comunista de origen palestino, es un s\u00edmbolo de lucha y resistencia en Latinoam\u00e9rica. Es por esto que reivindicamos su aporte no solo al pueblo chileno sino al resto de Hispanoam\u00e9rica, quienes vemos en el compa\u00f1ero, hoy preso injustamente, un ejemplo de hacer pol\u00edtica y llevar adelante una digna batalla contra el monopolio de la salud, contra los mercaderes de la vida.<\/em><\/p>\n\n\n\n<p><em>Rechazamos la prisi\u00f3n preventiva que la Corte de Apelaciones de Santiago ha confirmado el pasado mi\u00e9rcoles 12 de junio. Todo nuestro apoyo para con Daniel y su justa causa que ha tocado los intereses ruines y mafiosos de las grandes farmacias. \u00c1nimo y fuerza para el compa\u00f1ero, los espa\u00f1oles en Am\u00e9rica Latina lo acompa\u00f1amos y abrazamos su buena causa.<\/em>\u00ab<\/p>\n","protected":false},"excerpt":{"rendered":"<p>Por Walter C. Medina ENTREVISTA A CRISTIAN MART\u00cdNEZ Nacido en Colombia, nacionalizado espa\u00f1ol y exiliado en Argentina en 2016 por razones pol\u00edticas relacionadas con &#8230; <\/p>\n<p class=\"read-more-container\"><a title=\"\u201cDESDE REFUGIO HUMANO HACEMOS MUCHA PEDAGOG\u00cdA\u201d\" class=\"read-more button\" href=\"https:\/\/xn--tuvozdiasporaespaola-k7b.com\/page\/2\/desde-refugio-humano-hacemos-mucha-pedagogia\/#more-5896\" aria-label=\"M\u00e1s en \u201cDESDE REFUGIO HUMANO HACEMOS MUCHA PEDAGOG\u00cdA\u201d\">Leer m\u00e1s<\/a><\/p>\n","protected":false},"author":222560522,"featured_media":5903,"comment_status":"open","ping_status":"open","sticky":false,"template":"","format":"standard","meta":{"footnotes":""},"categories":[1771],"tags":[],"class_list":["post-5896","post","type-post","status-publish","format-standard","has-post-thumbnail","hentry","category-sociales","resize-featured-image"],"_links":{"self":[{"href":"https:\/\/xn--tuvozdiasporaespaola-k7b.com\/page\/2\/wp-json\/wp\/v2\/posts\/5896","targetHints":{"allow":["GET"]}}],"collection":[{"href":"https:\/\/xn--tuvozdiasporaespaola-k7b.com\/page\/2\/wp-json\/wp\/v2\/posts"}],"about":[{"href":"https:\/\/xn--tuvozdiasporaespaola-k7b.com\/page\/2\/wp-json\/wp\/v2\/types\/post"}],"author":[{"embeddable":true,"href":"https:\/\/xn--tuvozdiasporaespaola-k7b.com\/page\/2\/wp-json\/wp\/v2\/users\/222560522"}],"replies":[{"embeddable":true,"href":"https:\/\/xn--tuvozdiasporaespaola-k7b.com\/page\/2\/wp-json\/wp\/v2\/comments?post=5896"}],"version-history":[{"count":3,"href":"https:\/\/xn--tuvozdiasporaespaola-k7b.com\/page\/2\/wp-json\/wp\/v2\/posts\/5896\/revisions"}],"predecessor-version":[{"id":5906,"href":"https:\/\/xn--tuvozdiasporaespaola-k7b.com\/page\/2\/wp-json\/wp\/v2\/posts\/5896\/revisions\/5906"}],"wp:featuredmedia":[{"embeddable":true,"href":"https:\/\/xn--tuvozdiasporaespaola-k7b.com\/page\/2\/wp-json\/wp\/v2\/media\/5903"}],"wp:attachment":[{"href":"https:\/\/xn--tuvozdiasporaespaola-k7b.com\/page\/2\/wp-json\/wp\/v2\/media?parent=5896"}],"wp:term":[{"taxonomy":"category","embeddable":true,"href":"https:\/\/xn--tuvozdiasporaespaola-k7b.com\/page\/2\/wp-json\/wp\/v2\/categories?post=5896"},{"taxonomy":"post_tag","embeddable":true,"href":"https:\/\/xn--tuvozdiasporaespaola-k7b.com\/page\/2\/wp-json\/wp\/v2\/tags?post=5896"}],"curies":[{"name":"wp","href":"https:\/\/api.w.org\/{rel}","templated":true}]}}