{"id":5883,"date":"2024-06-24T13:12:48","date_gmt":"2024-06-24T16:12:48","guid":{"rendered":"https:\/\/xn--tuvozdiasporaespaola-k7b.com\/page\/2\/?p=5883"},"modified":"2024-06-24T13:23:21","modified_gmt":"2024-06-24T16:23:21","slug":"podemos-en-espana-realiza-una-denuncia-publica-y-reclama-soluciones","status":"publish","type":"post","link":"https:\/\/xn--tuvozdiasporaespaola-k7b.com\/page\/2\/podemos-en-espana-realiza-una-denuncia-publica-y-reclama-soluciones\/","title":{"rendered":"Podemos en Espa\u00f1a realiza una denuncia p\u00fablica y reclama soluciones."},"content":{"rendered":"\n<p>Podemos en Espa\u00f1a realizo distintas denuncias p\u00fablicas, reclamos y consideraciones referentes a: Ley para ilegalizar y castigar penalmente a las bandas fascistas de \u201cdesokupaci\u00f3n\u201d; Bajada al 0% del IVA en el aceite de oliva; Renovaci\u00f3n del CGPJPSOE-PP; La Masacre de Melilla que a dia de hoy sigue la impunidad; La medalla concedida a Milei ( que significo una afrenta al pueblo argentino que sufre recortes y la represi\u00f3n de un gobierno fascistas y neoliberal), y terminar con la no menos bochornosa actitud del gobierno Sionista de Israel respecto a el genocidio en Gaza.<\/p>\n\n\n\n<p><strong> Ley para ilegalizar y castigar penalmente a las bandas fascistas de \u201cdesokupaci\u00f3n\u201d.<\/strong><\/p>\n\n\n\n<p>Este fin de semana ha sido quemado el local del Sindicato de Inquilinas de Tenerife, horas despu\u00e9s de haber sido amenazados por fascistas. Enviamos todo nuestro apoyo y solidaridad a los atacados y atacadas. Los escuadristas fascistas quieren con acciones as\u00ed sembrar el miedo entre la poblaci\u00f3n y lanzar el mensaje de que cualquier persona que luche en defensa de los derechos de todos y todas, est\u00e1 en su punto de mira y corre peligro. <\/p>\n\n\n\n<p>Pero los dem\u00f3cratas somos m\u00e1s, y ni su odio, ni su violencia, van a conseguir que la gente se siga organizando en defensa del derecho a la vivienda, y para denunciar los abusos que cometen los especuladores que financia a estos fascistas.<\/p>\n\n\n\n<figure class=\"wp-block-gallery has-nested-images columns-default is-cropped wp-block-gallery-1 is-layout-flex wp-block-gallery-is-layout-flex\">\n<figure class=\"wp-block-image size-large\"><img fetchpriority=\"high\" decoding=\"async\" width=\"690\" height=\"518\" data-id=\"5888\" src=\"https:\/\/xn--tuvozdiasporaespaola-k7b.com\/wp-content\/uploads\/2024\/06\/fotonoticia_20230525203207_690.webp\" alt=\"\" class=\"wp-image-5888\" srcset=\"https:\/\/xn--tuvozdiasporaespaola-k7b.com\/wp-content\/uploads\/2024\/06\/fotonoticia_20230525203207_690.webp 690w, https:\/\/xn--tuvozdiasporaespaola-k7b.com\/wp-content\/uploads\/2024\/06\/fotonoticia_20230525203207_690-300x225.webp 300w\" sizes=\"(max-width: 690px) 100vw, 690px\" \/><\/figure>\n<\/figure>\n\n\n\n<p>Empresas como Desokupa son el germen de aut\u00e9nticos grup\u00fasculos parapoliciales de car\u00e1cter terrorista, y extienden la violencia y la aporofobia por todo nuestro territorio. Eso es democr\u00e1ticamente intolerable. <\/p>\n\n\n\n<p>Es urgente actuar ya para ilegalizar y castigar penalmente de una vez a esta gentuza que se lucra persiguiendo y aterrorizando a personas vulnerables.Por ello, esta semana vamos a volver a registrar una Ley para ilegalizar y perseguir penalmente a estas falsas empresas que son realidad organizaciones criminales encubiertas, una Ley que vincule su violenta actividad con los delitos de odio y coacciones.<\/p>\n\n\n\n<p>La ley impulsar\u00e1 la modificaci\u00f3n de los art\u00edculos 510, 510 bis y 515 del C\u00f3digo Penal para que dichas actividades sean consideradas como delitos de odio y para que las propias empresas sean declaradas asociaciones il\u00edcitas, acabando as\u00ed con la impunidad actual. <\/p>\n\n\n\n<p>Ojal\u00e1 el Gobierno apoye la propuesta y no vuelva a quedarse, una vez m\u00e1s, de brazos cruzados ante algo tan grave como es la existencia legal de estas peligrosas bandas de escuadristas fascistas que est\u00e1n llenando de violencia y de odio todo nuestro pa\u00eds.<\/p>\n\n\n\n<p><strong> Bajada al 0% del IVA en el aceite de oliva<\/strong><\/p>\n\n\n\n<p>\u00bfAl servicio de qui\u00e9n est\u00e1 este Gobierno, de la gente trabajadora o de Mercadona? Como ha denunciado FACUA con datos publicados por el Ministerio de Agricultura, en los \u00faltimos 18 meses el litro de aceite de oliva virgen extra ha subido 2,45 c\u00e9ntimos en origen. <\/p>\n\n\n\n<p>En los supermercados, el incremento ha representado una media 6,71 euros. Esto es, en un a\u00f1o y medio el precio ha subido en los puntos de venta casi el triple que en origen. Pretender que esa especulaci\u00f3n y ese robo a la ciudadan\u00eda se puede combatir con una bajada del IVA al 0%, es pr\u00e1cticamente un insulto a la ciudadan\u00eda que sufre los precios. <\/p>\n\n\n\n<p>Como bien sabemos, con este tipo de medidas no solo no bajan los precios de forma significativa, sino que a menudo son usadas por los supermercados para mantener los mismos precios, o para hacer bajadas inferiores a los que se ahorran por el impuesto, y aumentar as\u00ed sus ganancias mientras la gente sigue sufriendo en sus bolsillos los precios.<\/p>\n\n\n\n<figure class=\"wp-block-gallery has-nested-images columns-default is-cropped wp-block-gallery-2 is-layout-flex wp-block-gallery-is-layout-flex\">\n<figure class=\"wp-block-image size-large\"><img decoding=\"async\" width=\"644\" height=\"362\" data-id=\"5889\" src=\"https:\/\/xn--tuvozdiasporaespaola-k7b.com\/wp-content\/uploads\/2024\/06\/DEWGK5SOQRGVRFOBJMODOEBL2A.jpg\" alt=\"\" class=\"wp-image-5889\" srcset=\"https:\/\/xn--tuvozdiasporaespaola-k7b.com\/wp-content\/uploads\/2024\/06\/DEWGK5SOQRGVRFOBJMODOEBL2A.jpg 644w, https:\/\/xn--tuvozdiasporaespaola-k7b.com\/wp-content\/uploads\/2024\/06\/DEWGK5SOQRGVRFOBJMODOEBL2A-300x169.jpg 300w\" sizes=\"(max-width: 644px) 100vw, 644px\" \/><\/figure>\n<\/figure>\n\n\n\n<p>Lo que le pedimos al Gobierno es que act\u00fae de una vez para frenar la especulaci\u00f3n y proteger a la ciudadan\u00eda, especialmente a la m\u00e1s vulnerable y que m\u00e1s dificultades tiene para poder llenar el carro de la compra de productos b\u00e1sicos y necesarios. <\/p>\n\n\n\n<p>Pedimos que se establezca de una vez un tope de precios y que se limiten as\u00ed las ganancias de r\u00e9cord que est\u00e1n teniendo en los \u00faltimos a\u00f1os las grandes cadenas de supermercados. Igualmente pedimos que se investiguen y se sancionen las subidas ilegales de precios y las pr\u00e1cticas cartelarias que han venido llevando estos grandes supermercados con algunos productos, como es por ejemplo el caso, seg\u00fan denuncia tambi\u00e9n FACUA, del propio aceite.<\/p>\n\n\n\n<p><strong> Renovaci\u00f3n del CGPJ<\/strong><strong>PSOE-PP<\/strong><\/p>\n\n\n\n<p>El PSOE pretende renovar el CGPJ cerrando un pacto con el PP cuyo remedio vendr\u00eda ser peor que la enfermedad. El PSOE est\u00e1 dispuesto a permitir que sean los propios jueces fachas los que elijan a otros jueces fachas para copar el CGPJ. Es intolerable.<\/p>\n\n\n\n<p>Con ello se estar\u00eda avalando y normalizando el lawfare. Ni uno solo de los jueces fachas que han acometido la guerra jur\u00eddica, al servicio de la derecha y la extrema derecha, contra adversarios pol\u00edticos, se ver\u00eda perjudicado con esta reforma. El PSOE estar\u00eda as\u00ed siendo c\u00f3mplice de esta guerra judicial que casi logra tumbar al propio Presidente del Gobierno.<\/p>\n\n\n\n<p>Lo que el PSOE debe hacer es llevar a cabo la renovaci\u00f3n del CGPJ de la mano de la mayor\u00eda democr\u00e1tica y plurinacional existente en el Congreso. Echarse en brazos del PP es permitir que la justicia siga estando secuestrada por la extrema derecha pol\u00edtica y judicial, es convertirse en c\u00f3mplice del lawfare y del golpismo judicial contra la democracia.<\/p>\n\n\n\n<figure class=\"wp-block-gallery has-nested-images columns-default is-cropped wp-block-gallery-3 is-layout-flex wp-block-gallery-is-layout-flex\">\n<figure class=\"wp-block-image size-full\"><img decoding=\"async\" width=\"639\" height=\"341\" data-id=\"5892\" src=\"https:\/\/xn--tuvozdiasporaespaola-k7b.com\/wp-content\/uploads\/2024\/06\/renovacion-del-cgpj.jpg\" alt=\"\" class=\"wp-image-5892\" srcset=\"https:\/\/xn--tuvozdiasporaespaola-k7b.com\/wp-content\/uploads\/2024\/06\/renovacion-del-cgpj.jpg 639w, https:\/\/xn--tuvozdiasporaespaola-k7b.com\/wp-content\/uploads\/2024\/06\/renovacion-del-cgpj-300x160.jpg 300w\" sizes=\"(max-width: 639px) 100vw, 639px\" \/><\/figure>\n<\/figure>\n\n\n\n<p>Una reforma que establezca la doble condici\u00f3n de la elecci\u00f3n por mayor\u00eda absoluta y que cuente con el apoyo de, al menos, la mitad del grupos de la C\u00e1mara, ser\u00eda soluci\u00f3n inmediata para la situaci\u00f3n que se lleva arrastrando cinco a\u00f1os, siendo adem\u00e1s una reforma que no dejar\u00eda el futuro de la justicia en manos de los mismos jueces fachas que la usan para ir contra todo aquello que no sea del agrado pol\u00edtico del Bloque reaccionario<\/p>\n\n\n\n<p><strong>Se cumplen dos a\u00f1os de la Masacre de Melilla, sigue la impunidad<\/strong><\/p>\n\n\n\n<p>Hoy se cumplen dos a\u00f1os desde aquel 24 de junio de 2022 en el que alrededor 2.000 personas trataron de cruzar la frontera entre Espa\u00f1a y Marruecos. A ambos lados, las fuerzas policiales y de seguridad reprimieron y golpearon a las personas migrantes. La intervenci\u00f3n provoc\u00f3, seg\u00fan organizaciones de Derechos Humanos, la muerte de -al menos- 27 personas y la desaparici\u00f3n de otras 70.<\/p>\n\n\n\n<p>Amnist\u00eda Internacional sostiene que la masacre de Melilla podr\u00eda haber causado m\u00e1s de 100 fallecidos. Seg\u00fan la organizaci\u00f3n, la polic\u00eda espa\u00f1ola devolvi\u00f3 al menos a 470 personas de forma sumaria y sin garant\u00edas a Marruecos.<\/p>\n\n\n\n<figure class=\"wp-block-gallery has-nested-images columns-default is-cropped wp-block-gallery-4 is-layout-flex wp-block-gallery-is-layout-flex\">\n<figure class=\"wp-block-image size-large\"><img loading=\"lazy\" decoding=\"async\" width=\"1024\" height=\"683\" data-id=\"5890\" src=\"https:\/\/xn--tuvozdiasporaespaola-k7b.com\/wp-content\/uploads\/2024\/06\/Manifestacion-masacre-melilla-Bilbao-1024x683.jpg\" alt=\"\" class=\"wp-image-5890\" srcset=\"https:\/\/xn--tuvozdiasporaespaola-k7b.com\/wp-content\/uploads\/2024\/06\/Manifestacion-masacre-melilla-Bilbao-1024x683.jpg 1024w, https:\/\/xn--tuvozdiasporaespaola-k7b.com\/wp-content\/uploads\/2024\/06\/Manifestacion-masacre-melilla-Bilbao-300x200.jpg 300w, https:\/\/xn--tuvozdiasporaespaola-k7b.com\/wp-content\/uploads\/2024\/06\/Manifestacion-masacre-melilla-Bilbao-768x512.jpg 768w, https:\/\/xn--tuvozdiasporaespaola-k7b.com\/wp-content\/uploads\/2024\/06\/Manifestacion-masacre-melilla-Bilbao.jpg 1080w\" sizes=\"(max-width: 1024px) 100vw, 1024px\" \/><\/figure>\n<\/figure>\n\n\n\n<p>Dos a\u00f1os despu\u00e9s de aquello, ni Marruecos ni Espa\u00f1a han realizado una investigaci\u00f3n adecuada de lo ocurrido, por lo que se han perpetuado la impunidad y el oscurantismo. En Espa\u00f1a, la Fiscal\u00eda archiv\u00f3 la investigaci\u00f3n sobre los hechos en diciembre de 2022. Marruecos ha hecho lo propio hoy mismo. Las v\u00edctimas y sus familias contin\u00faan desamparadas, y las fronteras de Melilla y Ceuta se mantienen blindadas. Esta masacre es un episodio m\u00e1s de los innumerables cr\u00edmenes cometidos en las fronteras europeas por parte de las autoridades nacionales u organismos como Frontex, una grave vulneraci\u00f3n sistem\u00e1tica de Derechos Humanos derivada de una pol\u00edtica migratoria inhumana y cruel.<\/p>\n\n\n\n<p>Por todo ello, las Eurodiputadas de Podemos, Idoia Villanueva, Irene Montero e Isa Serra, han remitido una carta a la se\u00f1ora von der Leyen para solicitar una actuaci\u00f3n de la Comisi\u00f3n Europea, a trav\u00e9s de los mecanismos disponibles, que sirva para asegurar la investigaci\u00f3n de los cr\u00edmenes y la rendici\u00f3n de cuentas de sus responsables. Es imprescindible garantizar el acceso de las v\u00edctimas a la Verdad, Justicia y Reparaci\u00f3n, as\u00ed como garantizar que no vuelvan a suceder estos grav\u00edsimos episodios.<\/p>\n\n\n\n<p><strong>Medalla a Milei<\/strong><\/p>\n\n\n\n<p>Como hemos denunciado, Milei no estaba en Espa\u00f1a en viaje oficial y por ello la entrega de la medalla es ilegal. Una medalla ilegal para premiar las pol\u00edticas criminales que est\u00e1 llevando a cabo Milei en contra de los derechos humanos del pueblo argentino.<\/p>\n\n\n\n<p>Con estas actuaciones se est\u00e1n premiando y legitimando las pol\u00edticas de Milei, una pol\u00edticas que ponen en una situaci\u00f3n dram\u00e1tica a las mujeres, el colectivo LGBTIQ+, a las personas racializadas y al conjunto de poblaci\u00f3n trabajadora de Argentina.<\/p>\n\n\n\n<figure class=\"wp-block-image size-large\"><img loading=\"lazy\" decoding=\"async\" width=\"1024\" height=\"717\" src=\"https:\/\/xn--tuvozdiasporaespaola-k7b.com\/wp-content\/uploads\/2024\/06\/editorial-1-kOxC-U22051121259082E-1200x840@El-Correo-1024x717.webp\" alt=\"\" class=\"wp-image-5887\" srcset=\"https:\/\/xn--tuvozdiasporaespaola-k7b.com\/wp-content\/uploads\/2024\/06\/editorial-1-kOxC-U22051121259082E-1200x840@El-Correo-1024x717.webp 1024w, https:\/\/xn--tuvozdiasporaespaola-k7b.com\/wp-content\/uploads\/2024\/06\/editorial-1-kOxC-U22051121259082E-1200x840@El-Correo-300x210.webp 300w, https:\/\/xn--tuvozdiasporaespaola-k7b.com\/wp-content\/uploads\/2024\/06\/editorial-1-kOxC-U22051121259082E-1200x840@El-Correo-768x538.webp 768w, https:\/\/xn--tuvozdiasporaespaola-k7b.com\/wp-content\/uploads\/2024\/06\/editorial-1-kOxC-U22051121259082E-1200x840@El-Correo.webp 1200w\" sizes=\"(max-width: 1024px) 100vw, 1024px\" \/><\/figure>\n\n\n\n<p>Nos preocupa que el PP use las instituciones para premiar a Milei, responsable de pol\u00edticas de miseria y de criminalizar a las defensoras de los Derechos Humanos. Y por ello, m\u00e1s all\u00e1 de denunciar la ilegalidad de esta medalla, hemos pedido a la Comisi\u00f3n Europea, a trav\u00e9s de nuestras Eurodiputadas, que act\u00fae para garantizar los derechos del pueblo argentino.<\/p>\n\n\n\n<p>El problema no es que la responsable de un Decreto de la muerte que produjo 7291 v\u00edctimas en las residencias de Madrid haya premiado a un soci\u00f3pata que est\u00e1 causando la destrucci\u00f3n de Argentina y sembrando el hambre, la miseria y la muerte all\u00ed, el problema es que tanto el uno como la otra gocen de impunidad para la aplicaci\u00f3n de sus pol\u00edticas criminales de la motosierra, contrarias a los m\u00e1s elementales derechos de la ciudadan\u00eda.<\/p>\n\n\n\n<p><strong>Contin\u00faa el genocidio en Gaza<\/strong><\/p>\n\n\n\n<p>Otro fin de semana en el que Israel ha cometido cr\u00edmenes de guerra y asesinatos masivos ante los ojos del mundo entero. Hemos visto las im\u00e1genes del Ej\u00e9rcito de Israel usando a una persona herida como escudo humano en Cisjordania. Tambi\u00e9n hemos visto como bombardeos indsicriminados a lo largo de toda Gaza volv\u00edan a causar centenares de asesinatos de civiles inocentes. Ya nos faltan las palabras para calificar la situaci\u00f3n. Se nos encoge una semana m\u00e1s el alma y nos averg\u00fcenza profundamente que no se haga nada.<\/p>\n\n\n\n<p>No nos vamos a cansar, no obstante, de denunciar tales atrocidades y de se\u00f1alar el car\u00e1cter terrorista, criminal y genocida del estado de Israel, y la culpabilidad de todos aquellos que por acci\u00f3n, como los EEUU, o por inacci\u00f3n, como nuestro Gobierno, los apoyan y lo est\u00e1n permitiendo. Es de verg\u00fcenza que el PSOE usara Palestina para lanzar titulares sin efectos reales durante la campa\u00f1a electoral, y ahora, una vez pasadas las elecciones, se haya vuelto a olvidar completamente de lo que est\u00e1 sucediendo.<\/p>\n\n\n\n<figure class=\"wp-block-gallery has-nested-images columns-default is-cropped wp-block-gallery-5 is-layout-flex wp-block-gallery-is-layout-flex\">\n<figure class=\"wp-block-image size-large\"><img loading=\"lazy\" decoding=\"async\" width=\"1024\" height=\"683\" data-id=\"5886\" src=\"https:\/\/xn--tuvozdiasporaespaola-k7b.com\/wp-content\/uploads\/2024\/06\/IMG-20240623-WA0079-1024x683.jpg\" alt=\"\" class=\"wp-image-5886\" srcset=\"https:\/\/xn--tuvozdiasporaespaola-k7b.com\/wp-content\/uploads\/2024\/06\/IMG-20240623-WA0079-1024x683.jpg 1024w, https:\/\/xn--tuvozdiasporaespaola-k7b.com\/wp-content\/uploads\/2024\/06\/IMG-20240623-WA0079-300x200.jpg 300w, https:\/\/xn--tuvozdiasporaespaola-k7b.com\/wp-content\/uploads\/2024\/06\/IMG-20240623-WA0079-768x512.jpg 768w, https:\/\/xn--tuvozdiasporaespaola-k7b.com\/wp-content\/uploads\/2024\/06\/IMG-20240623-WA0079.jpg 1280w\" sizes=\"(max-width: 1024px) 100vw, 1024px\" \/><\/figure>\n<\/figure>\n\n\n\n<p>Volvemos a pedir al Gobierno que se haga algo de verdad efectivo de una vez. Que rompa relaciones diplom\u00e1ticas, que decrete un embargo total de armas, que impida el tr\u00e1nsito de armas para Israel por nuestros mares, que aplique sanciones contra los genocidas y que rompa cualquier relaci\u00f3n comercial con el estado de Israel. Que haga algo, en definitiva, para dejar de ser c\u00f3mplice de semejante atrocidad. La historia no se lo perdonar\u00e1. Si no lo hace esto le acabar\u00e1 persiguiendo al PSOE igual que Iraq todav\u00eda le persigue al PP.<\/p>\n","protected":false},"excerpt":{"rendered":"<p>Podemos en Espa\u00f1a realizo distintas denuncias p\u00fablicas, reclamos y consideraciones referentes a: Ley para ilegalizar y castigar penalmente a las bandas fascistas de \u201cdesokupaci\u00f3n\u201d; &#8230; <\/p>\n<p class=\"read-more-container\"><a title=\"Podemos en Espa\u00f1a realiza una denuncia p\u00fablica y reclama soluciones.\" class=\"read-more button\" href=\"https:\/\/xn--tuvozdiasporaespaola-k7b.com\/page\/2\/podemos-en-espana-realiza-una-denuncia-publica-y-reclama-soluciones\/#more-5883\" aria-label=\"M\u00e1s en Podemos en Espa\u00f1a realiza una denuncia p\u00fablica y reclama soluciones.\">Leer m\u00e1s<\/a><\/p>\n","protected":false},"author":222560522,"featured_media":5893,"comment_status":"open","ping_status":"open","sticky":false,"template":"","format":"standard","meta":{"footnotes":""},"categories":[121850],"tags":[],"class_list":["post-5883","post","type-post","status-publish","format-standard","has-post-thumbnail","hentry","category-politica","resize-featured-image"],"_links":{"self":[{"href":"https:\/\/xn--tuvozdiasporaespaola-k7b.com\/page\/2\/wp-json\/wp\/v2\/posts\/5883","targetHints":{"allow":["GET"]}}],"collection":[{"href":"https:\/\/xn--tuvozdiasporaespaola-k7b.com\/page\/2\/wp-json\/wp\/v2\/posts"}],"about":[{"href":"https:\/\/xn--tuvozdiasporaespaola-k7b.com\/page\/2\/wp-json\/wp\/v2\/types\/post"}],"author":[{"embeddable":true,"href":"https:\/\/xn--tuvozdiasporaespaola-k7b.com\/page\/2\/wp-json\/wp\/v2\/users\/222560522"}],"replies":[{"embeddable":true,"href":"https:\/\/xn--tuvozdiasporaespaola-k7b.com\/page\/2\/wp-json\/wp\/v2\/comments?post=5883"}],"version-history":[{"count":3,"href":"https:\/\/xn--tuvozdiasporaespaola-k7b.com\/page\/2\/wp-json\/wp\/v2\/posts\/5883\/revisions"}],"predecessor-version":[{"id":5895,"href":"https:\/\/xn--tuvozdiasporaespaola-k7b.com\/page\/2\/wp-json\/wp\/v2\/posts\/5883\/revisions\/5895"}],"wp:featuredmedia":[{"embeddable":true,"href":"https:\/\/xn--tuvozdiasporaespaola-k7b.com\/page\/2\/wp-json\/wp\/v2\/media\/5893"}],"wp:attachment":[{"href":"https:\/\/xn--tuvozdiasporaespaola-k7b.com\/page\/2\/wp-json\/wp\/v2\/media?parent=5883"}],"wp:term":[{"taxonomy":"category","embeddable":true,"href":"https:\/\/xn--tuvozdiasporaespaola-k7b.com\/page\/2\/wp-json\/wp\/v2\/categories?post=5883"},{"taxonomy":"post_tag","embeddable":true,"href":"https:\/\/xn--tuvozdiasporaespaola-k7b.com\/page\/2\/wp-json\/wp\/v2\/tags?post=5883"}],"curies":[{"name":"wp","href":"https:\/\/api.w.org\/{rel}","templated":true}]}}