{"id":5870,"date":"2024-06-20T18:33:51","date_gmt":"2024-06-20T21:33:51","guid":{"rendered":"https:\/\/xn--tuvozdiasporaespaola-k7b.com\/page\/2\/?p=5870"},"modified":"2024-08-31T11:54:48","modified_gmt":"2024-08-31T14:54:48","slug":"hasta-que-ano-sera-la-ampliacion-para-obtener-la-nacionalidad-espanola-lmd-hasta-2027","status":"publish","type":"post","link":"https:\/\/xn--tuvozdiasporaespaola-k7b.com\/page\/2\/hasta-que-ano-sera-la-ampliacion-para-obtener-la-nacionalidad-espanola-lmd-hasta-2027\/","title":{"rendered":"\u00bfHasta que a\u00f1o ser\u00e1  la ampliaci\u00f3n para obtener la Nacionalidad Espa\u00f1ola (LMD)? \u00bfHasta 2027?"},"content":{"rendered":"\n<p>Redacci\u00f3n de revista TU VOZ,  Argentina <\/p>\n\n\n\n<p><strong>La Ley de Nietos contin\u00faa vigente hasta octubre pero los procesos de trabajo en los consulados son m\u00e1s extensos<\/strong>. Mientras se espera la confirmaci\u00f3n de la pr\u00f3rroga, las agendas de los consulados est\u00e1n abarrotados de trabajo. <strong>En este art\u00edculo  contamos con las declaraciones de Diego Sanmiguel,  consejero del Cre de Buenos Aires y responsable de Territorio de Podemos Argentina, as\u00ed como de referente de la Di\u00e1spora  espa\u00f1ola en distintos paises de Latinoam\u00e9rica y asesor del CGCEE. <\/strong><\/p>\n\n\n\n<p>Una mirada hacia dentro de las oficinas muestran una labor constante pero a\u00fan deficitaria.La demanda por la nacionalidad espa\u00f1ola v\u00eda Ley de Memoria Democr\u00e1tica (LMD), m\u00e1s com\u00fanmente conocida como Ley de Nietos, es constante y no da muestras de detenerse en ning\u00fan rinc\u00f3n del planeta.<\/p>\n\n\n\n<figure class=\"wp-block-gallery has-nested-images columns-default is-cropped wp-block-gallery-1 is-layout-flex wp-block-gallery-is-layout-flex\">\n<figure class=\"wp-block-image size-large\"><img fetchpriority=\"high\" decoding=\"async\" width=\"800\" height=\"445\" data-id=\"5875\" src=\"https:\/\/xn--tuvozdiasporaespaola-k7b.com\/wp-content\/uploads\/2024\/06\/Consulados-de-Espana-y-Uruguay-en-Cuba-suspenden-tramites-migratorios-1.webp\" alt=\"\" class=\"wp-image-5875\" srcset=\"https:\/\/xn--tuvozdiasporaespaola-k7b.com\/wp-content\/uploads\/2024\/06\/Consulados-de-Espana-y-Uruguay-en-Cuba-suspenden-tramites-migratorios-1.webp 800w, https:\/\/xn--tuvozdiasporaespaola-k7b.com\/wp-content\/uploads\/2024\/06\/Consulados-de-Espana-y-Uruguay-en-Cuba-suspenden-tramites-migratorios-1-300x167.webp 300w, https:\/\/xn--tuvozdiasporaespaola-k7b.com\/wp-content\/uploads\/2024\/06\/Consulados-de-Espana-y-Uruguay-en-Cuba-suspenden-tramites-migratorios-1-768x427.webp 768w\" sizes=\"(max-width: 800px) 100vw, 800px\" \/><\/figure>\n<\/figure>\n\n\n\n<p>Por eso despert\u00f3 tanto <strong>inter\u00e9s en el p\u00fablico el anuncio de la pr\u00f3rroga de su vigencia, aunque a\u00fan no fue oficializado. Mientras tanto, las agencias consulares trabajan con la agenda marcada para el 2027<\/strong>, mientras contin\u00faan entregando turnos y receptando solicitudes.<\/p>\n\n\n\n<p><strong>Octubre es el plazo de vencimiento para presentar, al menos por ahora, nuevas solicitudes. Pero eso no quiere decir que ese mes concluyan las labores en torno a la ciudadan\u00eda espa\u00f1ola<\/strong> que se alcanza por esta v\u00eda.<\/p>\n\n\n\n<p>Una vez que los consulados recepten la \u00faltima solicitud, dejar\u00e1n de hacerlo con los pedidos nuevos cuando se haya vencido el plazo establecido.  Hoy ese d\u00eda est\u00e1 muy cerca: es el 31 de octubre. Por eso, hasta esa fecha las ventanillas consulares tendr\u00e1n una alt\u00edsima demanda.<\/p>\n\n\n\n<p>Y mientras los nuevos tr\u00e1mites se van apilando los operadores consulares contin\u00faan trabajando en la tarea de reconocimiento de las gestiones pendientes, ejemplo es el Consulado General de Espa\u00f1a en Buenos Aires donde en turnos de ma\u00f1ana y tarde increment\u00f3 la atenci\u00f3n para otorgar la Nacionalidad y la atenci\u00f3n de renovaci\u00f3n de Pasaportes o legalizaci\u00f3n de documentos. <\/p>\n\n\n\n<p><strong>Las carpetas ingresan por mail, son revisadas, se cita al solicitante, se verifica la informaci\u00f3n y si no queda nada pendiente y se cumple con todos los procedimientos y requisitos, se otorga la ciudadan\u00eda. <\/strong><\/p>\n\n\n\n<p><strong>Entre que comienza ese proceso y termina pueden transcurrir unos dos a\u00f1os<\/strong>, reconocen fuentes consulares. S\u00f3lo para las primeras respuestas a los mails se experimentan demoras de al menos 150 d\u00edas (medio a\u00f1o).<\/p>\n\n\n\n<p><strong>\u00bfPor qu\u00e9 la agenda de trabajo de la Ley de Nietos marca el a\u00f1o 2027?<\/strong> La explicaci\u00f3n radica en todo lo anterior: <strong>si bien un solicitante puede iniciar su tr\u00e1mite hasta octubre, los procesos de verificaci\u00f3n y acreditaci\u00f3n de la informaci\u00f3n son engorrosos y se realizan con demoras de hasta dos a\u00f1os, <\/strong>seg\u00fan asumen fuentes consulares consultadas por este medio.<\/p>\n\n\n\n<p>A ello hay que sumarle las situaciones particulares de algunas regiones. <strong>En Cuba, s\u00f3lo por nombrar algunas, los cortes de luz provocan una demora inesperada. Adem\u00e1s, la alta demanda y la infraestructura de trabajo hace que haya problemas para responder a tiempo con los requerimientos de los solicitantes.<\/strong><\/p>\n\n\n\n<p><strong>En C\u00f3rdoba, Argentina, un grupo de solicitantes asegura <\/strong>que se cometen actos de discriminaci\u00f3n y que, encima, el Consulado General de Espa\u00f1a para esta circunscripci\u00f3n <strong>no responde consultas y reclamos. \u201cS\u00f3lo dan respuestas autom\u00e1ticas\u201d, <\/strong>nos informan desde C\u00f3rdoba.<\/p>\n\n\n\n<figure class=\"wp-block-gallery has-nested-images columns-default is-cropped wp-block-gallery-2 is-layout-flex wp-block-gallery-is-layout-flex\">\n<figure class=\"wp-block-image size-large\"><img decoding=\"async\" width=\"980\" height=\"640\" data-id=\"5872\" src=\"https:\/\/xn--tuvozdiasporaespaola-k7b.com\/wp-content\/uploads\/2024\/06\/WBRJKAD5EJFL3JX4YIKP36HNMA.jpg\" alt=\"\" class=\"wp-image-5872\" srcset=\"https:\/\/xn--tuvozdiasporaespaola-k7b.com\/wp-content\/uploads\/2024\/06\/WBRJKAD5EJFL3JX4YIKP36HNMA.jpg 980w, https:\/\/xn--tuvozdiasporaespaola-k7b.com\/wp-content\/uploads\/2024\/06\/WBRJKAD5EJFL3JX4YIKP36HNMA-300x196.jpg 300w, https:\/\/xn--tuvozdiasporaespaola-k7b.com\/wp-content\/uploads\/2024\/06\/WBRJKAD5EJFL3JX4YIKP36HNMA-768x502.jpg 768w\" sizes=\"(max-width: 980px) 100vw, 980px\" \/><figcaption class=\"wp-element-caption\">Consulado espa\u00f1ol de C\u00f3rdoba,  Argentina <\/figcaption><\/figure>\n<\/figure>\n\n\n\n<p><strong>En Mendoza, Argentina<\/strong>, ocurre algo similar: <strong>\u201cNos est\u00e1n dando citas para el a\u00f1o 2026 porque hay much\u00edsima demanda y pocas personas atendiendo\u201d, <\/strong>plantea un grupo de afectados.<\/p>\n\n\n\n<p><strong>En Venezuela<\/strong> la situaci\u00f3n no es diferente: \u201c<strong>Las tareas consulares se encuentran muy demoradas y la gente pasa largu\u00edsimos meses esperando una soluci\u00f3n a sus problemas\u201d, <\/strong>sostiene un colectivo autoconvocado de solicitantes.<\/p>\n\n\n\n<p><strong>Datos obtenidos seg\u00fan exposiciones en redes sociales y consultas personalizadas en cada pa\u00eds<\/strong> que en muchos casos suponen un drama estas demora. Segun algunas fuentes consulares e informaci\u00f3n de los CREs de estos pa\u00edses que hablan y analizan la problem\u00e1tica. <strong>Aseguran que si bien creci\u00f3 la dotaci\u00f3n de recursos, la cantidad de empleados en los consulados es muy lejana a la necesidad que tienen las oficinas para atender a la gente que los contacta a diario<\/strong>.<\/p>\n\n\n\n<p>Por eso aparece el a\u00f1o calendario 2027 tan a la vista, porque estas mismas fuentes consideran que, a\u00fan si no se prorroga la ley, la tarea pendiente podr\u00eda finalizarse reci\u00e9n en tres a\u00f1os.<\/p>\n\n\n\n<p><strong>\u00bfQu\u00e9 se sabe de la pr\u00f3rroga de la Ley de Nietos?<\/strong> En cuanto a <strong>la vigencia de la ley, el ministro de Pol\u00edtica Territorial y Memoria Democr\u00e1tica de Espa\u00f1a, \u00c1ngel V\u00edctor Torres, anunci\u00f3 la pr\u00f3rroga de la Ley de Nietos el 4 de marzo, ante la pregunta de Martina Velarde Diputada de Podemos en el Congreso de los Diputados de Espa\u00f1a.<\/strong> <\/p>\n\n\n\n<figure class=\"wp-block-gallery has-nested-images columns-default is-cropped wp-block-gallery-3 is-layout-flex wp-block-gallery-is-layout-flex\">\n<figure class=\"wp-block-image size-full\"><img decoding=\"async\" width=\"991\" height=\"674\" data-id=\"5874\" src=\"https:\/\/xn--tuvozdiasporaespaola-k7b.com\/wp-content\/uploads\/2024\/06\/Screenshot_20240620_182712_Canva.jpg\" alt=\"\" class=\"wp-image-5874\" srcset=\"https:\/\/xn--tuvozdiasporaespaola-k7b.com\/wp-content\/uploads\/2024\/06\/Screenshot_20240620_182712_Canva.jpg 991w, https:\/\/xn--tuvozdiasporaespaola-k7b.com\/wp-content\/uploads\/2024\/06\/Screenshot_20240620_182712_Canva-300x204.jpg 300w, https:\/\/xn--tuvozdiasporaespaola-k7b.com\/wp-content\/uploads\/2024\/06\/Screenshot_20240620_182712_Canva-768x522.jpg 768w\" sizes=\"(max-width: 991px) 100vw, 991px\" \/><\/figure>\n<\/figure>\n\n\n\n<p>Esta <strong>extensi\u00f3n permitir\u00e1 a los descendientes de exiliados durante el franquismo solicitar la nacionalidad espa\u00f1ola hasta finales del a\u00f1o 2025.<\/strong> Sin embargo, a\u00fan no fue oficializado en el Bolet\u00edn Oficial del Estado (BOE). M\u00e1s all\u00e1 del formalismo pendiente, <strong>las agencias consulares de todo el mundo trabajan con la instrucci\u00f3n de organizar la tarea para hacer frente a la extensi\u00f3n <\/strong>de la vigencia.<\/p>\n\n\n\n<p>\u201c<strong>El Gobierno de Espa\u00f1a quiere que todas las personas que tengan el derecho a hacerlo puedan tramitar su ciudadan\u00eda en el marco de la Ley de Memoria Democr\u00e1tica \u201d, nos comento Diego Sanmiguel, consejero en Consejo de Residentes Espa\u00f1oles en la ciudad de Buenos Aires <\/strong>por el Frente Progresista las Trece Rosas. Continuando \u201c <strong>Se estima que la pr\u00f3rroga podr\u00eda oficializarse, reci\u00e9n en el mes de agosto\u201d.<\/strong> Hay quienes plantean que esa fecha podr\u00eda demorarse y llegar a octubre sin el anuncio oficial.<\/p>\n\n\n\n<p>\u00bf<strong>Qu\u00e9 recomiendan los especialistas sobre cu\u00e1ndo iniciar los tr\u00e1mites por la Ley de Nietos?<\/strong> <strong>Diego Sanmiguel<\/strong>, consejero del CRE <strong>recomienda<\/strong> que los solicitantes no demoren el inicio del tr\u00e1mite.<strong>\u201cNo deben esperar a que se haga oficial la pr\u00f3rroga y deber\u00edan estar terminando sus carpetas para presentarse ante el consulado\u201d,<\/strong> plantea.<strong>\u201cNadie sabe lo que puede pasar<\/strong> y la cantidad de imponderables que pueden emerger a una situaci\u00f3n ya delicada, <strong>con una fuerte oposici\u00f3n de los partidos de Derecha PARTIDO POPULAR de N\u00fa\u00f1ez Feij\u00f3o, o de la ultraderecha de VOX de Santiago Abascal amigo de Javier Milei, no es casualidad la rotura de relaciones fogoneada por VOX y PP <\/strong>como lo son las posturas <strong>en contra de la decisi\u00f3n del Gobierno espa\u00f1o  de sostener la vigencia de la Ley de Memoria Democr\u00e1tica, Ley presentada con PODEMOS <\/strong>en el gobierno de Espa\u00f1a.<strong> \u201cLo m\u00e1s conveniente es actuar ya y presentar las solicitudes. Es una oportunidad \u00fanica\u201d<\/strong>, continuo.<\/p>\n","protected":false},"excerpt":{"rendered":"<p>Redacci\u00f3n de revista TU VOZ, Argentina La Ley de Nietos contin\u00faa vigente hasta octubre pero los procesos de trabajo en los consulados son m\u00e1s &#8230; <\/p>\n<p class=\"read-more-container\"><a title=\"\u00bfHasta que a\u00f1o ser\u00e1  la ampliaci\u00f3n para obtener la Nacionalidad Espa\u00f1ola (LMD)? \u00bfHasta 2027?\" class=\"read-more button\" href=\"https:\/\/xn--tuvozdiasporaespaola-k7b.com\/page\/2\/hasta-que-ano-sera-la-ampliacion-para-obtener-la-nacionalidad-espanola-lmd-hasta-2027\/#more-5870\" aria-label=\"M\u00e1s en \u00bfHasta que a\u00f1o ser\u00e1  la ampliaci\u00f3n para obtener la Nacionalidad Espa\u00f1ola (LMD)? \u00bfHasta 2027?\">Leer m\u00e1s<\/a><\/p>\n","protected":false},"author":222560522,"featured_media":5876,"comment_status":"open","ping_status":"open","sticky":false,"template":"","format":"standard","meta":{"footnotes":""},"categories":[121854],"tags":[],"class_list":["post-5870","post","type-post","status-publish","format-standard","has-post-thumbnail","hentry","category-consejo-de-residentes-espanoles","resize-featured-image"],"_links":{"self":[{"href":"https:\/\/xn--tuvozdiasporaespaola-k7b.com\/page\/2\/wp-json\/wp\/v2\/posts\/5870","targetHints":{"allow":["GET"]}}],"collection":[{"href":"https:\/\/xn--tuvozdiasporaespaola-k7b.com\/page\/2\/wp-json\/wp\/v2\/posts"}],"about":[{"href":"https:\/\/xn--tuvozdiasporaespaola-k7b.com\/page\/2\/wp-json\/wp\/v2\/types\/post"}],"author":[{"embeddable":true,"href":"https:\/\/xn--tuvozdiasporaespaola-k7b.com\/page\/2\/wp-json\/wp\/v2\/users\/222560522"}],"replies":[{"embeddable":true,"href":"https:\/\/xn--tuvozdiasporaespaola-k7b.com\/page\/2\/wp-json\/wp\/v2\/comments?post=5870"}],"version-history":[{"count":4,"href":"https:\/\/xn--tuvozdiasporaespaola-k7b.com\/page\/2\/wp-json\/wp\/v2\/posts\/5870\/revisions"}],"predecessor-version":[{"id":6408,"href":"https:\/\/xn--tuvozdiasporaespaola-k7b.com\/page\/2\/wp-json\/wp\/v2\/posts\/5870\/revisions\/6408"}],"wp:featuredmedia":[{"embeddable":true,"href":"https:\/\/xn--tuvozdiasporaespaola-k7b.com\/page\/2\/wp-json\/wp\/v2\/media\/5876"}],"wp:attachment":[{"href":"https:\/\/xn--tuvozdiasporaespaola-k7b.com\/page\/2\/wp-json\/wp\/v2\/media?parent=5870"}],"wp:term":[{"taxonomy":"category","embeddable":true,"href":"https:\/\/xn--tuvozdiasporaespaola-k7b.com\/page\/2\/wp-json\/wp\/v2\/categories?post=5870"},{"taxonomy":"post_tag","embeddable":true,"href":"https:\/\/xn--tuvozdiasporaespaola-k7b.com\/page\/2\/wp-json\/wp\/v2\/tags?post=5870"}],"curies":[{"name":"wp","href":"https:\/\/api.w.org\/{rel}","templated":true}]}}