{"id":5806,"date":"2024-06-10T22:46:34","date_gmt":"2024-06-11T01:46:34","guid":{"rendered":"https:\/\/xn--tuvozdiasporaespaola-k7b.com\/page\/2\/?p=5806"},"modified":"2024-06-10T22:46:34","modified_gmt":"2024-06-11T01:46:34","slug":"vamos-a-tener-un-mayor-impulso-de-la-agenda-de-genero","status":"publish","type":"post","link":"https:\/\/xn--tuvozdiasporaespaola-k7b.com\/page\/2\/vamos-a-tener-un-mayor-impulso-de-la-agenda-de-genero\/","title":{"rendered":"\u201cVamos a tener un mayor impulso de la agenda de g\u00e9nero\u201d"},"content":{"rendered":"\n<p>Por Walter C. Medina<\/p>\n\n\n\n<p>ENTREVISTA A ISABEL P\u00c9REZ SEGOVIA<\/p>\n\n\n\n<p> Isabel P\u00e9rez Segovia, Secretaria General de la Juventud del Partido Comunista Mexicano, y parte de la Direcci\u00f3n Colectiva de la alianza social alternativa de la izquierda de la ciudad de M\u00e9xico, dialog\u00f3 con Ximena Donamar\u00eda en el bloque \u201cCharla de Caf\u00e9\u201d del espacio radial \u201cCenizas de Babilonia. Di\u00e1spora Espa\u00f1ola\u201d, que emite AM830 Radio del Pueblo. <\/p>\n\n\n\n<p>Activista de la educaci\u00f3n, de derechos de la mujer y de la organizaci\u00f3n juvenil, P\u00e9rez Segovia ofreci\u00f3 un panorama del nuevo horizonte que se abre en M\u00e9xico tras el triunfo de Claudia Sheinbaum en las presidenciales del pasado domingo. \u201ces algo muy importante porque algunos consider\u00e1bamos que era muy complicado que hubiera una mujer que pudiera llegar a ser presidenta, porque a pesar de que hay much\u00edsima apertura, la realidad es que sigue siendo un ambiente bastante machista y para las mueres es muy dif\u00edcil acceder a estos espacios\u201d, sostuvo durante la entrevista en la que tambi\u00e9n se refiri\u00f3 a los avances en materia de g\u00e9nero que ya est\u00e1n en la agenda de la flamante presidenta.<\/p>\n\n\n\n<figure class=\"wp-block-gallery has-nested-images columns-default is-cropped wp-block-gallery-1 is-layout-flex wp-block-gallery-is-layout-flex\">\n<figure class=\"wp-block-image size-large\"><img fetchpriority=\"high\" decoding=\"async\" width=\"911\" height=\"1024\" data-id=\"5809\" src=\"https:\/\/xn--tuvozdiasporaespaola-k7b.com\/wp-content\/uploads\/2024\/06\/Screenshot_20240610_224215_Gallery-911x1024.jpg\" alt=\"\" class=\"wp-image-5809\" srcset=\"https:\/\/xn--tuvozdiasporaespaola-k7b.com\/wp-content\/uploads\/2024\/06\/Screenshot_20240610_224215_Gallery-911x1024.jpg 911w, https:\/\/xn--tuvozdiasporaespaola-k7b.com\/wp-content\/uploads\/2024\/06\/Screenshot_20240610_224215_Gallery-267x300.jpg 267w, https:\/\/xn--tuvozdiasporaespaola-k7b.com\/wp-content\/uploads\/2024\/06\/Screenshot_20240610_224215_Gallery-768x863.jpg 768w, https:\/\/xn--tuvozdiasporaespaola-k7b.com\/wp-content\/uploads\/2024\/06\/Screenshot_20240610_224215_Gallery.jpg 925w\" sizes=\"(max-width: 911px) 100vw, 911px\" \/><\/figure>\n<\/figure>\n\n\n\n<p><strong>\u00bfC\u00f3mo fue el proceso para que gane la presidencia por primera vez en doscientos a\u00f1os una mujer? \u00bfQu\u00e9 llev\u00f3 a la sociedad de M\u00e9xico a confiar en ella?<\/strong><\/p>\n\n\n\n<p>Es sorprenderte en cierto modo porque la realidad es que hasta hace al menos un a\u00f1o todav\u00eda no se avizoraba que la contienda fuera mayoritariamente de candidatas. Si se preve\u00eda que en alg\u00fan momento Claudia pudiera saltar a la candidatura de la presidencia, pero creo que el panorama que no se contemplaba era la contienda con la oposici\u00f3n, pero fue un proceso importante porque adem\u00e1s de defenderse un proyecto, tambi\u00e9n se est\u00e1 defendiendo el tema de la paridad. <\/p>\n\n\n\n<p>Afortunadamente aqu\u00ed en M\u00e9xico contamos con varias acciones afirmativas y protocolos que han garantizado que poco a poco la mujer se vaya inmiscuyendo m\u00e1s en la pol\u00edtica; eso ha facilitado que las compa\u00f1eras mujeres puedan acceder a cargos de la elecci\u00f3n popular de una manera un poco m\u00e1s f\u00e1cil, sin embargo han salido otras complicaciones. <\/p>\n\n\n\n<p>Creo que en alg\u00fan momento se tendr\u00e1n que volver a revisar las acciones afirmativas y la parte reglamentaria para la contienda porque las complicaciones han ido cambiando con el paso de los a\u00f1os; sin embargo podemos decir que s\u00ed tenemos una buena pol\u00edtica que nos ayuda a garantizar cierto porcentaje de representaci\u00f3n de la mujer en los cargos de elecci\u00f3n popular. <\/p>\n\n\n\n<p><strong>\u00bfC\u00f3mo es el movimiento feminista en M\u00e9xico? \u00bfHay pol\u00edticas de contenci\u00f3n de violencia de g\u00e9nero y feminicidios?<\/strong><\/p>\n\n\n\n<p>Ha habido un fen\u00f3meno interesante a partir de la aparici\u00f3n del Me Too y de varias plataformas que empezaron a dar a conocer los abusos y las situaciones que pasa la mujer mexicana a diario. Creo que se empez\u00f3 a dividir el movimiento, una parte se radicaliz\u00f3 en cierta forma muy r\u00e1pida, muy efervescente; y est\u00e1 la otra parte que se quiso conservar en el tenor que hab\u00edan estado trabajando desde las organizaciones civiles, organizaciones sociales, pero siempre desde una manera pac\u00edfica, activa pero no agresiva.<\/p>\n\n\n\n<figure class=\"wp-block-gallery has-nested-images columns-default is-cropped wp-block-gallery-2 is-layout-flex wp-block-gallery-is-layout-flex\">\n<figure class=\"wp-block-image size-large\"><img decoding=\"async\" width=\"720\" height=\"480\" data-id=\"5812\" src=\"https:\/\/xn--tuvozdiasporaespaola-k7b.com\/wp-content\/uploads\/2024\/06\/wELpHYy_720x0__1.jpg\" alt=\"\" class=\"wp-image-5812\" srcset=\"https:\/\/xn--tuvozdiasporaespaola-k7b.com\/wp-content\/uploads\/2024\/06\/wELpHYy_720x0__1.jpg 720w, https:\/\/xn--tuvozdiasporaespaola-k7b.com\/wp-content\/uploads\/2024\/06\/wELpHYy_720x0__1-300x200.jpg 300w\" sizes=\"(max-width: 720px) 100vw, 720px\" \/><\/figure>\n<\/figure>\n\n\n\n<p>La parte que se radicaliza tuvo dos grandes bloques que se dividieron. Uno que empez\u00f3 a jalar su accionar a la parte de la derecha m\u00e1s recalcitrante al tema de empezar a participar en eventos que organizaba la oposici\u00f3n. <\/p>\n\n\n\n<p>Se convocaba a estas actividades diciendo que eran de forma ciudadana o se convocaba de forma an\u00f3nima o a trav\u00e9s de la sociedad civil, sin embargo se termin\u00f3 sabiendo que s\u00ed hab\u00eda cierta tendencia e influencia por parte de organizaciones religiosas o partidarias a la ideolog\u00eda del pan del PRI que estaban incluy\u00e9ndose dentro de estos movimientos.<\/p>\n\n\n\n<p> Entonces se da un quiebre y con ese quiebre empieza a haber otra parte que empieza a alar un poco m\u00e1s de forma independiente, sin querer mezclarse con partidos, desde la idea de ser totalmente social. Se queda el movimiento muy dividido, obviamente hay una visi\u00f3n general que todo el movimiento feminista en M\u00e9xico comparte. <\/p>\n\n\n\n<p>Pero la verdad es que el movimiento feminista se dividi\u00f3 mucho ac\u00e1 en M\u00e9xico; sin embargo se ha avanzado much\u00edsimo en el tema de los derechos de la mujer, se implementaron much\u00edsimas acciones que apoyaron la parte feminista de la agenda social, una de ellas es el tema de las \u201cabogadas rosas\u201d que cada ministerio p\u00fablico tiene abogadas que se encargan \u00fanicamente de apoyar, orientar y defender a las mujeres, siempre y cuando estas lo soliciten. <\/p>\n\n\n\n<p>Se tomaron medidas como por ejemplo la legislaci\u00f3n de que el agresor sale de casa, es decir, se legisl\u00f3 que el hombre que est\u00e1 agrediendo o el que est\u00e1 violentando a la mujer en el domicilio, sin importar de qui\u00e9n sea la propiedad, el hombre que violenta es el que tiene que salir del domicilio y dejar el espacio para los hijos y para el c\u00f3nyuge maltratado.<\/p>\n\n\n\n<figure class=\"wp-block-gallery has-nested-images columns-default is-cropped wp-block-gallery-3 is-layout-flex wp-block-gallery-is-layout-flex\">\n<figure class=\"wp-block-image size-large\"><img decoding=\"async\" width=\"1024\" height=\"996\" data-id=\"5810\" src=\"https:\/\/xn--tuvozdiasporaespaola-k7b.com\/wp-content\/uploads\/2024\/06\/Screenshot_20240610_223752_Facebook-1024x996.jpg\" alt=\"\" class=\"wp-image-5810\" srcset=\"https:\/\/xn--tuvozdiasporaespaola-k7b.com\/wp-content\/uploads\/2024\/06\/Screenshot_20240610_223752_Facebook-1024x996.jpg 1024w, https:\/\/xn--tuvozdiasporaespaola-k7b.com\/wp-content\/uploads\/2024\/06\/Screenshot_20240610_223752_Facebook-300x292.jpg 300w, https:\/\/xn--tuvozdiasporaespaola-k7b.com\/wp-content\/uploads\/2024\/06\/Screenshot_20240610_223752_Facebook-768x747.jpg 768w, https:\/\/xn--tuvozdiasporaespaola-k7b.com\/wp-content\/uploads\/2024\/06\/Screenshot_20240610_223752_Facebook.jpg 1080w\" sizes=\"(max-width: 1024px) 100vw, 1024px\" \/><\/figure>\n<\/figure>\n\n\n\n<p> Ese fue otro gran logro dentro del tema feminista. Tambi\u00e9n se cre\u00f3 la l\u00ednea de atenci\u00f3n espec\u00edfica para v\u00edctimas de violencia. Cada vez que se ped\u00eda que algo de investigara como feminicidio, pues hab\u00eda un protocolo que nunca se activaba y que siempre hab\u00eda un pretexto porque dec\u00edan que era muy complicado o que no se pod\u00eda activar porque no cumpl\u00eda con los requisitos. <\/p>\n\n\n\n<p>Ahora est\u00e1 m\u00e1s activa la alerta de g\u00e9nero, las investigaciones ahora s\u00ed se tipifican como feminicidios y se siga ya de oficio esta investigaci\u00f3n. Se ha avanzado mucho en el tema del feminismo a pesar de las complicaciones que se han dado en la organizaci\u00f3n interna de los movimientos.<\/p>\n\n\n\n<p><strong>\u00bfCon qu\u00e9 relato crees que se puede atraer a la juventud hacia los ideales progresistas? \u00bfEn qu\u00e9 fallan los pa\u00edses cuando las juventudes se ponen del lado de las derechas o de las extremas derechas?<\/strong><\/p>\n\n\n\n<p>En el caso de M\u00e9xico, sus derechos laborales. Qu\u00e9 implica el tema de que yo haya firmado un contrato, qu\u00e9 derechos tengo, qu\u00e9 obligaciones tengo, c\u00f3mo se tiene que trabajar, pero tambi\u00e9n creo que el tema de vivienda es sobre lo que todos los j\u00f3venes est\u00e1n preocupados porque las rentas son caras, la inflaci\u00f3n sigue siendo una situaci\u00f3n que impacta en el bolcillo de los mexicanos, sobre todo la clase trabajadora.<\/p>\n\n\n\n<p> Trabajo y vivienda ser\u00edan las primeras cosas que tendr\u00edamos que empezar a pensar, c\u00f3mo lograr garantizar estos derechos para los j\u00f3venes, sobre todo aquellos que est\u00e1n empezando a tener una familia o incluso aquellos que est\u00e1n empezando a independizarse o que por cuestiones acad\u00e9micas o laborales se tienen que transportar a alg\u00fan otro estado de la rep\u00fablica a la capital, entonces es muy importante que empecemos a dise\u00f1ar pol\u00edticas p\u00fablicas contemplando esto, porque las que hay son muy pobres, y es muy complicado acceder a ellas por las cantidad de espacios que se liberan para este tipo de proyectos. <\/p>\n\n\n\n<p>En M\u00e9xico los j\u00f3venes ya no est\u00e1n tan perdidos en pol\u00edtica como se pod\u00eda ver hace diez a\u00f1os cuando todav\u00eda se daban las grandes incursiones grandes y organizadas del 132, porque despu\u00e9s del 68 y del 71, si se daban movimientos pero eran un poco m\u00e1s espor\u00e1dicos y menos organizados.<\/p>\n\n\n\n<figure class=\"wp-block-gallery has-nested-images columns-default is-cropped wp-block-gallery-4 is-layout-flex wp-block-gallery-is-layout-flex\">\n<figure class=\"wp-block-image size-large\"><img loading=\"lazy\" decoding=\"async\" width=\"823\" height=\"1024\" data-id=\"5811\" src=\"https:\/\/xn--tuvozdiasporaespaola-k7b.com\/wp-content\/uploads\/2024\/06\/Screenshot_20240610_223735_Facebook-823x1024.jpg\" alt=\"\" class=\"wp-image-5811\" srcset=\"https:\/\/xn--tuvozdiasporaespaola-k7b.com\/wp-content\/uploads\/2024\/06\/Screenshot_20240610_223735_Facebook-823x1024.jpg 823w, https:\/\/xn--tuvozdiasporaespaola-k7b.com\/wp-content\/uploads\/2024\/06\/Screenshot_20240610_223735_Facebook-241x300.jpg 241w, https:\/\/xn--tuvozdiasporaespaola-k7b.com\/wp-content\/uploads\/2024\/06\/Screenshot_20240610_223735_Facebook-768x956.jpg 768w, https:\/\/xn--tuvozdiasporaespaola-k7b.com\/wp-content\/uploads\/2024\/06\/Screenshot_20240610_223735_Facebook.jpg 1080w\" sizes=\"(max-width: 823px) 100vw, 823px\" \/><\/figure>\n<\/figure>\n\n\n\n<p>El \u00faltimo gran movimiento que tuvimos fue la huelga de la Universidad Nacional Aut\u00f3noma de M\u00e9xico que fue en el 2000. Despu\u00e9s ya no se hizo otro movimiento grande que pudiera aglutinar a los j\u00f3venes de diferentes escuelas. Despu\u00e9s de la pandemia volvimos a encontrarnos en las calles, nos refugiamos tambi\u00e9n en el activismo digital y buscamos la manera de reclamar nuestros derechos.<\/p>\n\n\n\n<p><strong>\u00bfCu\u00e1l es tu reflexi\u00f3n acerca del triunfo de Claudia Sheinbaum en M\u00e9xico?<\/strong><\/p>\n\n\n\n<p>Me quiero quedar con una parte de una entrevista que le hizo una chica cuando Claudia estaba en campa\u00f1a. Una de las cosas que le pregunt\u00f3 es si en alg\u00fan momento se imagin\u00f3 que en M\u00e9xico iba a haber una presidenta mujer. Claudia hace una menci\u00f3n muy importante, dice que es consiente del peso pol\u00edtico, pero tambi\u00e9n del peso hist\u00f3rico. Es un logro que va a marcar el futuro y los sue\u00f1os y el imaginario de todas las mexicanas. <\/p>\n\n\n\n<p>Creo que eso es algo muy importante porque algunos consider\u00e1bamos que era muy complicado que hubiera una mujer que pudiera llegar a ser presidenta, porque a pesar de que hay much\u00edsima apertura, la realidad es que sigue siendo un ambiente bastante machista y para las mueres es muy dif\u00edcil acceder a estos espacios. Creo que vamos a tener un mayor impulso de la agenda de g\u00e9nero.                                                  <\/p>\n","protected":false},"excerpt":{"rendered":"<p>Por Walter C. Medina ENTREVISTA A ISABEL P\u00c9REZ SEGOVIA Isabel P\u00e9rez Segovia, Secretaria General de la Juventud del Partido Comunista Mexicano, y parte de &#8230; <\/p>\n<p class=\"read-more-container\"><a title=\"\u201cVamos a tener un mayor impulso de la agenda de g\u00e9nero\u201d\" class=\"read-more button\" href=\"https:\/\/xn--tuvozdiasporaespaola-k7b.com\/page\/2\/vamos-a-tener-un-mayor-impulso-de-la-agenda-de-genero\/#more-5806\" aria-label=\"M\u00e1s en \u201cVamos a tener un mayor impulso de la agenda de g\u00e9nero\u201d\">Leer m\u00e1s<\/a><\/p>\n","protected":false},"author":222560522,"featured_media":5813,"comment_status":"open","ping_status":"open","sticky":false,"template":"","format":"standard","meta":{"footnotes":""},"categories":[121858],"tags":[],"class_list":["post-5806","post","type-post","status-publish","format-standard","has-post-thumbnail","hentry","category-genero","resize-featured-image"],"_links":{"self":[{"href":"https:\/\/xn--tuvozdiasporaespaola-k7b.com\/page\/2\/wp-json\/wp\/v2\/posts\/5806","targetHints":{"allow":["GET"]}}],"collection":[{"href":"https:\/\/xn--tuvozdiasporaespaola-k7b.com\/page\/2\/wp-json\/wp\/v2\/posts"}],"about":[{"href":"https:\/\/xn--tuvozdiasporaespaola-k7b.com\/page\/2\/wp-json\/wp\/v2\/types\/post"}],"author":[{"embeddable":true,"href":"https:\/\/xn--tuvozdiasporaespaola-k7b.com\/page\/2\/wp-json\/wp\/v2\/users\/222560522"}],"replies":[{"embeddable":true,"href":"https:\/\/xn--tuvozdiasporaespaola-k7b.com\/page\/2\/wp-json\/wp\/v2\/comments?post=5806"}],"version-history":[{"count":3,"href":"https:\/\/xn--tuvozdiasporaespaola-k7b.com\/page\/2\/wp-json\/wp\/v2\/posts\/5806\/revisions"}],"predecessor-version":[{"id":5814,"href":"https:\/\/xn--tuvozdiasporaespaola-k7b.com\/page\/2\/wp-json\/wp\/v2\/posts\/5806\/revisions\/5814"}],"wp:featuredmedia":[{"embeddable":true,"href":"https:\/\/xn--tuvozdiasporaespaola-k7b.com\/page\/2\/wp-json\/wp\/v2\/media\/5813"}],"wp:attachment":[{"href":"https:\/\/xn--tuvozdiasporaespaola-k7b.com\/page\/2\/wp-json\/wp\/v2\/media?parent=5806"}],"wp:term":[{"taxonomy":"category","embeddable":true,"href":"https:\/\/xn--tuvozdiasporaespaola-k7b.com\/page\/2\/wp-json\/wp\/v2\/categories?post=5806"},{"taxonomy":"post_tag","embeddable":true,"href":"https:\/\/xn--tuvozdiasporaespaola-k7b.com\/page\/2\/wp-json\/wp\/v2\/tags?post=5806"}],"curies":[{"name":"wp","href":"https:\/\/api.w.org\/{rel}","templated":true}]}}