{"id":580,"date":"2022-11-07T14:26:45","date_gmt":"2022-11-07T17:26:45","guid":{"rendered":"https:\/\/xn--tuvozdiasporaespaola-k7b.com\/?p=580"},"modified":"2022-11-07T14:27:08","modified_gmt":"2022-11-07T17:27:08","slug":"hay-partido-hay-proyecto-hay-militancia-e-ilusion","status":"publish","type":"post","link":"https:\/\/xn--tuvozdiasporaespaola-k7b.com\/page\/2\/hay-partido-hay-proyecto-hay-militancia-e-ilusion\/","title":{"rendered":"HAY PARTIDO, HAY PROYECTO, HAY MILITANCIA e ILUSI\u00d3N!"},"content":{"rendered":"\n<p>\u00abPODEMOS La Fuerza que Transforma\u00bb<\/p>\n\n\n\n<p> Podemos realiz\u00f3\u00a0 la \u2018Universidad de Oto\u00f1o\u2019 en la Facultad de Ciencias Pol\u00edticas de la UCM, en Madrid (Espa\u00f1a). La Universidad de Oto\u00f1o es uno de los foros ideol\u00f3gicos m\u00e1s importantes del partido, adem\u00e1s de servir para presentar a sus candidatos para las elecciones auton\u00f3micas y municipales del a\u00f1o que viene, elegidos por medio de primarias internas ejemplo de Democracia partidaria.\u00a0<\/p>\n\n\n\n<p>La \u2018Universidad de Oto\u00f1o\u2019 ha reunido&nbsp; a los principales dirigentes de la organizaci\u00f3n, adem\u00e1s de a miembros de otras formaciones y la sociedad civil y los m\u00e1s importante \u00absu Militancia basti\u00f3n Inexpugnable junto a&nbsp; sus C\u00edrculos y Redes de C\u00edrculos\u00bb donde&nbsp; Podemos Exterior estuvo presente desde las Redes de Latinoam\u00e9rica y Europa.<\/p>\n\n\n\n<figure class=\"wp-block-image size-large\"><img fetchpriority=\"high\" decoding=\"async\" width=\"3000\" height=\"1350\" src=\"http:\/\/xn--tuvozdiasporaespaola-k7b.com\/wp-content\/uploads\/2022\/11\/20221106_1432391201554252672083958.jpg?w=1024\" alt=\"\" class=\"wp-image-569\" srcset=\"https:\/\/xn--tuvozdiasporaespaola-k7b.com\/wp-content\/uploads\/2022\/11\/20221106_1432391201554252672083958.jpg 3000w, https:\/\/xn--tuvozdiasporaespaola-k7b.com\/wp-content\/uploads\/2022\/11\/20221106_1432391201554252672083958-300x135.jpg 300w, https:\/\/xn--tuvozdiasporaespaola-k7b.com\/wp-content\/uploads\/2022\/11\/20221106_1432391201554252672083958-1024x461.jpg 1024w, https:\/\/xn--tuvozdiasporaespaola-k7b.com\/wp-content\/uploads\/2022\/11\/20221106_1432391201554252672083958-768x346.jpg 768w, https:\/\/xn--tuvozdiasporaespaola-k7b.com\/wp-content\/uploads\/2022\/11\/20221106_1432391201554252672083958-1568x706.jpg 1568w\" sizes=\"(max-width: 3000px) 100vw, 3000px\" \/><figcaption class=\"wp-element-caption\">Cierre del d\u00eda 6 Teatro Coliseum <\/figcaption><\/figure>\n\n\n\n<p>&nbsp;La reivindicaci\u00f3n de su identidad y el papel de Podemos dentro de la izquierda&nbsp;es fundamental en cualquier proyecto, ya que su organizaci\u00f3n como partido,su implantaci\u00f3n&nbsp; territorial y su fortaleza interna&nbsp; hacen inquebrantable la Unidad&nbsp; en SUMAR pero con respeto al partido se puntualiz\u00f3 en el cierre Internacional de la UNI de Oto\u00f1o.<\/p>\n\n\n\n<figure class=\"wp-block-pullquote\"><blockquote><p>Podemos exhibe m\u00fasculo: \u201cUn proyecto de pa\u00eds no solo es pensar en el futuro que deseamos\u201d Podemos en la \u201cUni de Oto\u00f1o\u201d&nbsp; reivindica su fortaleza en un momento clave de&nbsp; la izquierda.<\/p><\/blockquote><\/figure>\n\n\n\n<p>No se encontraba entre los oyentes, ni particip\u00f3 en la \u201cUni de oto\u00f1o\u201d de Podemos la vicepresidenta del Gobierno,&nbsp;Yolanda D\u00edaz, aunque se apreci\u00f3 &nbsp; varios mensajes por parte de la direcci\u00f3n de Podemos y su militancia, en la apertura&nbsp; del d\u00eda 4 y clausura el d\u00eda 6 de unas&nbsp; jornadas que ten\u00edan&nbsp; por objeto marcar la hoja de ruta del partido de cara al pr\u00f3ximo ciclo electoral y su fortalecimiento como estructura partidaria.<\/p>\n\n\n\n<p>&nbsp;El d\u00eda 5 se celebr\u00f3&nbsp; la primera parte de las charlas de formaci\u00f3n en el campus de Ciencias Pol\u00edticas de la UCM donde se llam\u00f3 a la militancia a seguir apoyando al partido, reivindic\u00e1ndo como \u201cla fuerza que transforma\u201d.<\/p>\n\n\n\n<p>Ya antes el en la jornada de apertura\u00a0 del d\u00eda 4 se presentaron los las candidatas elegidas en primarias: En la Comunidad de Madrid ha sido elegida como candidata\u00a0Alejandra Jacinto, portavoz del partido a nivel org\u00e1nico, de Unidas Podemos en la Asamblea de Madrid y miembro de la direcci\u00f3n. A Jacinto le acompa\u00f1ar\u00e1n perfiles como el del secretario general de Podemos en la Comunidad de Madrid, Jes\u00fas Santos; el director de Derechos de los Animales en el Gobierno, Sergio Garc\u00eda; el diputado en la Asamblea Tito Morano. Como candidato al ayuntamiento de Madrid en las elecciones municipales ha sido designado el ex atleta Roberto Sotomayor.<\/p>\n\n\n\n<p>En Asturies ha ganado\u00a0Covadonga Tom\u00e9. En la Comunitat Valenciana el candidato a las auton\u00f3micas ser\u00e1\u00a0H\u00e9ctor Illueca, en Arag\u00f3n\u00a0Maru D\u00edaz,\u00a0 en Extremadura,\u00a0Irene de Miguel, ser\u00e1 la candidata a las auton\u00f3micas y en otras comunidades Jos\u00e9 Luis Garc\u00eda Gasc\u00f3n\u00a0(Castilla-La Mancha),\u00a0M\u00f3nica Rodero\u00a0(Cantabria),\u00a0Marian Mar\u00edn\u00a0(Murcia),\u00a0Bego\u00f1a Alfaro\u00a0(Navarra),\u00a0Noem\u00ed Santana\u00a0(Canarias),\u00a0Antonia Jover\u00a0(Illes Balears) y\u00a0Ra\u00fal P\u00e9rez\u00a0(La Rioja).\u00a0Fueron elegidos\u00a0 con una participaci\u00f3n de 35.000 militantes inscritos.<\/p>\n\n\n\n<figure class=\"wp-block-image size-large\"><img decoding=\"async\" width=\"1800\" height=\"4000\" src=\"http:\/\/xn--tuvozdiasporaespaola-k7b.com\/wp-content\/uploads\/2022\/11\/20221106_1415286710239772431195458.jpg?w=461\" alt=\"\" class=\"wp-image-570\" srcset=\"https:\/\/xn--tuvozdiasporaespaola-k7b.com\/wp-content\/uploads\/2022\/11\/20221106_1415286710239772431195458.jpg 1800w, https:\/\/xn--tuvozdiasporaespaola-k7b.com\/wp-content\/uploads\/2022\/11\/20221106_1415286710239772431195458-135x300.jpg 135w, https:\/\/xn--tuvozdiasporaespaola-k7b.com\/wp-content\/uploads\/2022\/11\/20221106_1415286710239772431195458-461x1024.jpg 461w, https:\/\/xn--tuvozdiasporaespaola-k7b.com\/wp-content\/uploads\/2022\/11\/20221106_1415286710239772431195458-768x1707.jpg 768w, https:\/\/xn--tuvozdiasporaespaola-k7b.com\/wp-content\/uploads\/2022\/11\/20221106_1415286710239772431195458-1568x3484.jpg 1568w\" sizes=\"(max-width: 1800px) 100vw, 1800px\" \/><figcaption class=\"wp-element-caption\">PABLO IGLESIAS <\/figcaption><\/figure>\n\n\n\n<p>El s\u00e1bado 5 , Iglesias ahond\u00f3 en esa idea al asegurar que Podemos seguir\u00e1 siendo un actor fundamental en la \u00ablucha ideol\u00f3gica\u00bb y que su formaci\u00f3n no es una \u00abizquierda domesticada\u00bb como quieren tener en Espa\u00f1a las oligarqu\u00edas, que a su juicio les une la idea de \u00abmatar a Podemos\u00bb.<\/p>\n\n\n\n<p>El partido ha pedido \u201cliderar el espacio a la izquierda de nuestro pa\u00eds\u201d&nbsp;porque \u201cPodemos tiene que liderar ideol\u00f3gicamente y pol\u00edticamente\u201d en palabras de la secretaria de Organizaci\u00f3n, Lilith Verstrynge, quien se ha encargado de esbozar las l\u00edneas de los objetivos que tiene el partido.<\/p>\n\n\n\n<figure class=\"wp-block-image size-large\"><img decoding=\"async\" width=\"960\" height=\"960\" src=\"http:\/\/xn--tuvozdiasporaespaola-k7b.com\/wp-content\/uploads\/2022\/11\/img_20221106_135333_7134353125558429507727.jpg?w=960\" alt=\"\" class=\"wp-image-571\" srcset=\"https:\/\/xn--tuvozdiasporaespaola-k7b.com\/wp-content\/uploads\/2022\/11\/img_20221106_135333_7134353125558429507727.jpg 960w, https:\/\/xn--tuvozdiasporaespaola-k7b.com\/wp-content\/uploads\/2022\/11\/img_20221106_135333_7134353125558429507727-300x300.jpg 300w, https:\/\/xn--tuvozdiasporaespaola-k7b.com\/wp-content\/uploads\/2022\/11\/img_20221106_135333_7134353125558429507727-150x150.jpg 150w, https:\/\/xn--tuvozdiasporaespaola-k7b.com\/wp-content\/uploads\/2022\/11\/img_20221106_135333_7134353125558429507727-768x768.jpg 768w\" sizes=\"(max-width: 960px) 100vw, 960px\" \/><figcaption class=\"wp-element-caption\">Representantes de Podemos Exterior  junto a la Secretar\u00eda de Organizaci\u00f3n de Podemos Lilith Vertstrynge <\/figcaption><\/figure>\n\n\n\n<figure class=\"wp-block-pullquote\"><blockquote><p>La &#8216;Uni de oto\u00f1o&#8217; de Podemos ha supuesto la promoci\u00f3n de candidatos, rearme del partido y exigencia de respeto para confluir con Sumar.<\/p><\/blockquote><\/figure>\n\n\n\n<p>A su vez, la formaci\u00f3n&nbsp; reflejo el apoyo en la defensa de la candidatura de la delegada del Gobierno contra la violencia de g\u00e9nero, Victoria Rosell, para formar parte del Consejo General del Poder Judicial (CGPJ) y la denuncia al \u00abveto ejercido por el PP\u00bb<\/p>\n\n\n\n<p>Tambi\u00e9n los confundadores del partido, Pablo Iglesias y Juan Carlos Monedero, han expresado la voluntad de Podemos de confluir con Sumar (la plataforma que impulsa la vicepresidenta Yolanda D\u00edaz) y otras formaciones progresistas en el pr\u00f3ximo ciclo electoral, pero dejando claro que Podemos debe ser \u00abrespetada\u00bb. A\u00f1adiendo que quien lidere el espacio se equivocar\u00e1 si no tiene en cuenta que Podemos es la \u00abnave nodriza\u00bb para la unidad de la izquierda.<\/p>\n\n\n\n<figure class=\"wp-block-image size-large\"><img loading=\"lazy\" decoding=\"async\" width=\"3000\" height=\"2250\" src=\"http:\/\/xn--tuvozdiasporaespaola-k7b.com\/wp-content\/uploads\/2022\/11\/20221104_2049296274201411843137534.jpg?w=1024\" alt=\"\" class=\"wp-image-575\" srcset=\"https:\/\/xn--tuvozdiasporaespaola-k7b.com\/wp-content\/uploads\/2022\/11\/20221104_2049296274201411843137534.jpg 3000w, https:\/\/xn--tuvozdiasporaespaola-k7b.com\/wp-content\/uploads\/2022\/11\/20221104_2049296274201411843137534-300x225.jpg 300w, https:\/\/xn--tuvozdiasporaespaola-k7b.com\/wp-content\/uploads\/2022\/11\/20221104_2049296274201411843137534-1024x768.jpg 1024w, https:\/\/xn--tuvozdiasporaespaola-k7b.com\/wp-content\/uploads\/2022\/11\/20221104_2049296274201411843137534-768x576.jpg 768w, https:\/\/xn--tuvozdiasporaespaola-k7b.com\/wp-content\/uploads\/2022\/11\/20221104_2049296274201411843137534-1568x1176.jpg 1568w\" sizes=\"(max-width: 3000px) 100vw, 3000px\" \/><figcaption class=\"wp-element-caption\">PODEMOS EXTERIOR junto a Idoia Villanueva <\/figcaption><\/figure>\n\n\n\n<p>En la cita&nbsp; han participado en las mesas de reflexi\u00f3n pol\u00edtica&nbsp; ERC y Bildu as\u00ed como la plana mayor del partido, a nivel estatal y auton\u00f3mico.<\/p>\n\n\n\n<p>A su vez, Podemos ha lucido apoyos internacionales con el respaldo, este domingo, del presidente chileno Gabriel Boric, y dirigentes de Potere al Popolo (Italia), del Partido Socialismo y Libertad (PSOL) de Brasil, el Die Linke alem\u00e1n, el Frente Amplio de Uruguay o el Bloco de Esquerda portugu\u00e9s.<\/p>\n\n\n\n<p>As\u00ed como ponentes de la talla de Juan Grabois del Frente Patria Grande de Argentina o la Legisladora Porte\u00f1a del Frente de Todos&nbsp; Luc\u00eda C\u00e1mpora.&nbsp;<\/p>\n\n\n\n<figure class=\"wp-block-image size-large\"><img loading=\"lazy\" decoding=\"async\" width=\"1800\" height=\"1831\" src=\"http:\/\/xn--tuvozdiasporaespaola-k7b.com\/wp-content\/uploads\/2022\/11\/20221105_1708121296002300450149584.jpg?w=1007\" alt=\"\" class=\"wp-image-574\" srcset=\"https:\/\/xn--tuvozdiasporaespaola-k7b.com\/wp-content\/uploads\/2022\/11\/20221105_1708121296002300450149584.jpg 1800w, https:\/\/xn--tuvozdiasporaespaola-k7b.com\/wp-content\/uploads\/2022\/11\/20221105_1708121296002300450149584-295x300.jpg 295w, https:\/\/xn--tuvozdiasporaespaola-k7b.com\/wp-content\/uploads\/2022\/11\/20221105_1708121296002300450149584-1007x1024.jpg 1007w, https:\/\/xn--tuvozdiasporaespaola-k7b.com\/wp-content\/uploads\/2022\/11\/20221105_1708121296002300450149584-768x781.jpg 768w, https:\/\/xn--tuvozdiasporaespaola-k7b.com\/wp-content\/uploads\/2022\/11\/20221105_1708121296002300450149584-1568x1595.jpg 1568w\" sizes=\"(max-width: 1800px) 100vw, 1800px\" \/><figcaption class=\"wp-element-caption\">Juan Grabois  Secretario General Frente Patria Grande <\/figcaption><\/figure>\n\n\n\n<p>La formaci\u00f3n morada clausur\u00f3 su&nbsp;Universidad de Oto\u00f1o&nbsp;en un acto en el Teatro Coliseum de Madrid en el que ha reunido a 1.250 militantes y simpatizantes.<\/p>\n\n\n\n<p>Tambi\u00e9n han tomado la palabra representantes de partidos de izquierdas a nivel internacional: Luc\u00eda C\u00e1mpora, Fernando Pereira, Janis Ehling, Marina Mort\u00e1gua, Giuliano Granato y Juliano Medeiros.<\/p>\n\n\n\n<p>Sin lugar a dudas esta Uni ha aclarado conceptos y ha marcado una hoja de ruta para la militancia en la <strong>Unidad de Acci\u00f3n y trabajo militante <\/strong>que sin duda se refleja en los pr\u00f3ximos meses.<\/p>\n\n\n\n<figure class=\"wp-block-image size-large\"><img loading=\"lazy\" decoding=\"async\" width=\"3000\" height=\"2250\" src=\"http:\/\/xn--tuvozdiasporaespaola-k7b.com\/wp-content\/uploads\/2022\/11\/20221104_2052271167715053851457559.jpg?w=1024\" alt=\"\" class=\"wp-image-577\" srcset=\"https:\/\/xn--tuvozdiasporaespaola-k7b.com\/wp-content\/uploads\/2022\/11\/20221104_2052271167715053851457559.jpg 3000w, https:\/\/xn--tuvozdiasporaespaola-k7b.com\/wp-content\/uploads\/2022\/11\/20221104_2052271167715053851457559-300x225.jpg 300w, https:\/\/xn--tuvozdiasporaespaola-k7b.com\/wp-content\/uploads\/2022\/11\/20221104_2052271167715053851457559-1024x768.jpg 1024w, https:\/\/xn--tuvozdiasporaespaola-k7b.com\/wp-content\/uploads\/2022\/11\/20221104_2052271167715053851457559-768x576.jpg 768w, https:\/\/xn--tuvozdiasporaespaola-k7b.com\/wp-content\/uploads\/2022\/11\/20221104_2052271167715053851457559-1568x1176.jpg 1568w\" sizes=\"(max-width: 3000px) 100vw, 3000px\" \/><figcaption class=\"wp-element-caption\">Delegaci\u00f3n de Castilla la Mancha de Podemos <\/figcaption><\/figure>\n\n\n\n<p>Para Podemos Exterior y su representaci\u00f3n en la Un\u00ed supone un espaldarazo de salida para un a\u00f1o 2023 intenso en trabajo territorial en el exterior y tener el compromiso de&nbsp; la participaci\u00f3n de candidatos&nbsp; y cargos de Podemos&nbsp; para explicar lo conseguido y lo que queda por hacer para la Di\u00e1spora Espa\u00f1ola.<br \/><br \/>Esperanza y Fuerza es lo que se ha transmitido de forma general y un compromiso mutuo.&nbsp;<br \/><br \/><\/p>\n\n\n\n<figure class=\"wp-block-image size-large\"><img loading=\"lazy\" decoding=\"async\" width=\"1080\" height=\"1349\" src=\"http:\/\/xn--tuvozdiasporaespaola-k7b.com\/wp-content\/uploads\/2022\/11\/screenshot_20221107-173255_telegram7762924973783842225.jpg?w=820\" alt=\"\" class=\"wp-image-578\" srcset=\"https:\/\/xn--tuvozdiasporaespaola-k7b.com\/wp-content\/uploads\/2022\/11\/screenshot_20221107-173255_telegram7762924973783842225.jpg 1080w, https:\/\/xn--tuvozdiasporaespaola-k7b.com\/wp-content\/uploads\/2022\/11\/screenshot_20221107-173255_telegram7762924973783842225-240x300.jpg 240w, https:\/\/xn--tuvozdiasporaespaola-k7b.com\/wp-content\/uploads\/2022\/11\/screenshot_20221107-173255_telegram7762924973783842225-820x1024.jpg 820w, https:\/\/xn--tuvozdiasporaespaola-k7b.com\/wp-content\/uploads\/2022\/11\/screenshot_20221107-173255_telegram7762924973783842225-768x959.jpg 768w\" sizes=\"(max-width: 1080px) 100vw, 1080px\" \/><\/figure>\n\n\n\n<p>Ahora el FORO de EXTERIOR en&nbsp; febrero del 2023 ser\u00e1 el punto de salida de un proceso electoral donde los 2.800.000 espa\u00f1oles en el Exterior&nbsp; tendr\u00e1n mucho que decir.<\/p>\n\n\n\n<p>Si se Puede y en el Exterior lo sabemos.<\/p>\n\n\n\n<figure class=\"wp-block-image size-large\"><img loading=\"lazy\" decoding=\"async\" width=\"1078\" height=\"1323\" src=\"http:\/\/xn--tuvozdiasporaespaola-k7b.com\/wp-content\/uploads\/2022\/11\/screenshot_20221106-165732_telegram5852495358906694629.jpg?w=834\" alt=\"\" class=\"wp-image-579\" srcset=\"https:\/\/xn--tuvozdiasporaespaola-k7b.com\/wp-content\/uploads\/2022\/11\/screenshot_20221106-165732_telegram5852495358906694629.jpg 1078w, https:\/\/xn--tuvozdiasporaespaola-k7b.com\/wp-content\/uploads\/2022\/11\/screenshot_20221106-165732_telegram5852495358906694629-244x300.jpg 244w, https:\/\/xn--tuvozdiasporaespaola-k7b.com\/wp-content\/uploads\/2022\/11\/screenshot_20221106-165732_telegram5852495358906694629-834x1024.jpg 834w, https:\/\/xn--tuvozdiasporaespaola-k7b.com\/wp-content\/uploads\/2022\/11\/screenshot_20221106-165732_telegram5852495358906694629-768x943.jpg 768w\" sizes=\"(max-width: 1078px) 100vw, 1078px\" \/><figcaption class=\"wp-element-caption\">Nuevo color de Podemos.<\/figcaption><\/figure>\n\n\n\n<p>Francisco L\u00f3pez&nbsp;  Equipo redacci\u00f3n Revista TU VOZ<br \/><br \/><\/p>\n","protected":false},"excerpt":{"rendered":"<p>\u00abPODEMOS La Fuerza que Transforma\u00bb Podemos realiz\u00f3\u00a0 la \u2018Universidad de Oto\u00f1o\u2019 en la Facultad de Ciencias Pol\u00edticas de la UCM, en Madrid (Espa\u00f1a). La &#8230; <\/p>\n<p class=\"read-more-container\"><a title=\"HAY PARTIDO, HAY PROYECTO, HAY MILITANCIA e ILUSI\u00d3N!\" class=\"read-more button\" href=\"https:\/\/xn--tuvozdiasporaespaola-k7b.com\/page\/2\/hay-partido-hay-proyecto-hay-militancia-e-ilusion\/#more-580\" aria-label=\"M\u00e1s en HAY PARTIDO, HAY PROYECTO, HAY MILITANCIA e ILUSI\u00d3N!\">Leer m\u00e1s<\/a><\/p>\n","protected":false},"author":222560522,"featured_media":0,"comment_status":"open","ping_status":"open","sticky":false,"template":"","format":"standard","meta":{"footnotes":""},"categories":[1771],"tags":[],"class_list":["post-580","post","type-post","status-publish","format-standard","hentry","category-sociales"],"_links":{"self":[{"href":"https:\/\/xn--tuvozdiasporaespaola-k7b.com\/page\/2\/wp-json\/wp\/v2\/posts\/580","targetHints":{"allow":["GET"]}}],"collection":[{"href":"https:\/\/xn--tuvozdiasporaespaola-k7b.com\/page\/2\/wp-json\/wp\/v2\/posts"}],"about":[{"href":"https:\/\/xn--tuvozdiasporaespaola-k7b.com\/page\/2\/wp-json\/wp\/v2\/types\/post"}],"author":[{"embeddable":true,"href":"https:\/\/xn--tuvozdiasporaespaola-k7b.com\/page\/2\/wp-json\/wp\/v2\/users\/222560522"}],"replies":[{"embeddable":true,"href":"https:\/\/xn--tuvozdiasporaespaola-k7b.com\/page\/2\/wp-json\/wp\/v2\/comments?post=580"}],"version-history":[{"count":0,"href":"https:\/\/xn--tuvozdiasporaespaola-k7b.com\/page\/2\/wp-json\/wp\/v2\/posts\/580\/revisions"}],"wp:attachment":[{"href":"https:\/\/xn--tuvozdiasporaespaola-k7b.com\/page\/2\/wp-json\/wp\/v2\/media?parent=580"}],"wp:term":[{"taxonomy":"category","embeddable":true,"href":"https:\/\/xn--tuvozdiasporaespaola-k7b.com\/page\/2\/wp-json\/wp\/v2\/categories?post=580"},{"taxonomy":"post_tag","embeddable":true,"href":"https:\/\/xn--tuvozdiasporaespaola-k7b.com\/page\/2\/wp-json\/wp\/v2\/tags?post=580"}],"curies":[{"name":"wp","href":"https:\/\/api.w.org\/{rel}","templated":true}]}}