{"id":567,"date":"2022-11-06T15:00:46","date_gmt":"2022-11-06T18:00:46","guid":{"rendered":"https:\/\/xn--tuvozdiasporaespaola-k7b.com\/?p=567"},"modified":"2022-11-06T15:01:06","modified_gmt":"2022-11-06T18:01:06","slug":"vamos-a-seguir-trabajando-para-mas-beneficios","status":"publish","type":"post","link":"https:\/\/xn--tuvozdiasporaespaola-k7b.com\/page\/2\/vamos-a-seguir-trabajando-para-mas-beneficios\/","title":{"rendered":"\u201cVAMOS A SEGUIR TRABAJANDO PARA M\u00c1S BENEFICIOS\u201d"},"content":{"rendered":"\n<p>PILAR D\u00cdAZ, CONSEJERA&nbsp; DEL CRE DE BUENOS AIRES<\/p>\n\n\n\n<p>La Consejera del CRE de Buenos Aires y Consejera suplente del Consejo General de la Ciudadan\u00eda Espa\u00f1ola en el Exterior , Pilar D\u00edaz, se encuentra actualmente trabajando en la subcomisi\u00f3n que estar\u00e1 revisando todos los temas del imserso. Sobre este y otros proyectos que impulsa desde la Consejer\u00eda de Residentes Espa\u00f1oles en el Exterior, dialog\u00f3 con Francisco L\u00f3pez durante la emisi\u00f3n del programa radial \u201cCenizas de Babilonia, Di\u00e1spora Espa\u00f1ola\u201d.\u00a0<\/p>\n\n\n\n<p>\u201c<em>Hace unos diez a\u00f1os, aqu\u00ed en Argentina y en otros pa\u00edses del mundo, los espa\u00f1oles mayores de 65 a\u00f1os pod\u00edan acceder al beneficio de los planes de viajes de imserso, tanto para conocimiento como para retorno o encuentro con familiares; sin necesidad de ser contribuyente a la Seguridad Social de Espa\u00f1a. A partir de ese momento hubo una cantidad de gente que pudo hacer uso de este beneficio, pero desde hace un tiempo la normativa se modific\u00f3 y se determin\u00f3 que debe ser estrictamente de aplicaci\u00f3n para los espa\u00f1oles que contribuyen a la Seguridad Social en Espa\u00f1a\u201d.<\/em><\/p>\n\n\n\n<p>Los medios de comunicaci\u00f3n han informado que se abrir\u00eda nuevamente este beneficio, aun cuando los espa\u00f1oles contribuyeran a cualquier otro sistema de seguridad social del mundo. <\/p>\n\n\n\n<figure class=\"wp-block-image size-large\"><img fetchpriority=\"high\" decoding=\"async\" width=\"1078\" height=\"1598\" src=\"http:\/\/xn--tuvozdiasporaespaola-k7b.com\/wp-content\/uploads\/2022\/11\/screenshot_20221106-185449_gallery284243538091668261.jpg?w=691\" alt=\"\" class=\"wp-image-566\" srcset=\"https:\/\/xn--tuvozdiasporaespaola-k7b.com\/wp-content\/uploads\/2022\/11\/screenshot_20221106-185449_gallery284243538091668261.jpg 1078w, https:\/\/xn--tuvozdiasporaespaola-k7b.com\/wp-content\/uploads\/2022\/11\/screenshot_20221106-185449_gallery284243538091668261-202x300.jpg 202w, https:\/\/xn--tuvozdiasporaespaola-k7b.com\/wp-content\/uploads\/2022\/11\/screenshot_20221106-185449_gallery284243538091668261-691x1024.jpg 691w, https:\/\/xn--tuvozdiasporaespaola-k7b.com\/wp-content\/uploads\/2022\/11\/screenshot_20221106-185449_gallery284243538091668261-768x1138.jpg 768w\" sizes=\"(max-width: 1078px) 100vw, 1078px\" \/><\/figure>\n\n\n\n<p>\u201c<em>Sobre esto vamos a estar trabajando. A\u00fan no hemos comenzado porque la noticia es bastante reciente y porque est\u00e1 todo muy convulsionado con la Ley de Memoria Democr\u00e1tica y la disposici\u00f3n adicional octava que permite la aplicaci\u00f3n para la obtenci\u00f3n de la ciudadan\u00eda espa\u00f1ola. No obstante tambi\u00e9n es importante para nosotros y vamos a ver si a trav\u00e9s del CRE podemos lograr alguna reuni\u00f3n con el Consejero de Trabajo, porque ya en su momento tuvimos una y se habl\u00f3 de las ayudas asistenciales. Como estas ayudas se establecen a c\u00e1pita, y esto es en funci\u00f3n de un valor de ingresos en d\u00f3lares; es obvio que en Argentina es bastante dif\u00edcil de medir. Porque en situaci\u00f3n en donde uno tiene cinco o seis tipos de cambio, qu\u00e9 representa qu\u00e9 cosa\u201d<\/em><\/p>\n\n\n\n<figure class=\"wp-block-image size-large\"><img decoding=\"async\" width=\"1200\" height=\"800\" src=\"http:\/\/xn--tuvozdiasporaespaola-k7b.com\/wp-content\/uploads\/2022\/11\/zhshalhxuvejnlto7q3xq6xv744612572913194199830.jpg?w=1024\" alt=\"\" class=\"wp-image-564\" srcset=\"https:\/\/xn--tuvozdiasporaespaola-k7b.com\/wp-content\/uploads\/2022\/11\/zhshalhxuvejnlto7q3xq6xv744612572913194199830.jpg 1200w, https:\/\/xn--tuvozdiasporaespaola-k7b.com\/wp-content\/uploads\/2022\/11\/zhshalhxuvejnlto7q3xq6xv744612572913194199830-300x200.jpg 300w, https:\/\/xn--tuvozdiasporaespaola-k7b.com\/wp-content\/uploads\/2022\/11\/zhshalhxuvejnlto7q3xq6xv744612572913194199830-1024x683.jpg 1024w, https:\/\/xn--tuvozdiasporaespaola-k7b.com\/wp-content\/uploads\/2022\/11\/zhshalhxuvejnlto7q3xq6xv744612572913194199830-768x512.jpg 768w\" sizes=\"(max-width: 1200px) 100vw, 1200px\" \/><\/figure>\n\n\n\n<p>La titular del CRE de Buenos Aires explic\u00f3 tambi\u00e9n que los ingresos de origen previsional tienen diferentes resultados seg\u00fan el valor d\u00f3lar en el que se mida. \u201c<em>Nosotros hicimos esta observaci\u00f3n con la Consejer\u00eda de Trabajo, pero hasta ahora hemos tenido una sola reuni\u00f3n. Creo que tenemos que insistir para que esto se revise y se ajuste; para que sean m\u00e1s las personas mayores que puedan recibir este beneficio<\/em>\u201d<\/p>\n\n\n\n<p>En relaci\u00f3n a la disposici\u00f3n octava de la Ley de Memoria Democr\u00e1tica, Pilar D\u00edaz sostuvo que \u201c<em>Desde el CRE, como frente progresista, hemos pedido con car\u00e1cter de urgente que se emita una comunicaci\u00f3n al Consulado de Buenos Aires para pedir una reuni\u00f3n porque necesitamos aclarar muchos temas, ya que estamos recibiendo much\u00edsimas consultas y no tenemos las herramientas para contestar con precisi\u00f3n\u201d.\u00a0<\/em><\/p>\n\n\n\n<figure class=\"wp-block-image size-large\"><img decoding=\"async\" width=\"769\" height=\"736\" src=\"http:\/\/xn--tuvozdiasporaespaola-k7b.com\/wp-content\/uploads\/2022\/11\/img-20221027-wa0098764810023938150703.jpg?w=769\" alt=\"\" class=\"wp-image-565\" srcset=\"https:\/\/xn--tuvozdiasporaespaola-k7b.com\/wp-content\/uploads\/2022\/11\/img-20221027-wa0098764810023938150703.jpg 769w, https:\/\/xn--tuvozdiasporaespaola-k7b.com\/wp-content\/uploads\/2022\/11\/img-20221027-wa0098764810023938150703-300x287.jpg 300w\" sizes=\"(max-width: 769px) 100vw, 769px\" \/><figcaption class=\"wp-element-caption\">PILAR D\u00cdAZ ,Consejera del CRE de Buenos Aires.<\/figcaption><\/figure>\n\n\n\n<p>Con la reforma en la Ley de Memoria Democr\u00e1tica habr\u00e1 nuevas solicitudes de gente con derecho a la nacionalidad espa\u00f1ola. \u201c<em>Hay varias cuestiones. En primer t\u00e9rmino, y estando presente en Buenos Aires el Ministro de Exteriores, lo primero que solicitamos fueron recursos para los consulados. Recursos de tipo no solo inform\u00e1tico, sino humanos y edilicios en algunos casos. No sabemos cu\u00e1les son los plazos para que esto se ponga en funcionamiento. Por otro lado tenemos mucho trabajo por delante para averiguar y definir los procedimientos. Porque a\u00fan no sabemos la validez que van a tener los certificados. Hay una serie de cuestiones que no est\u00e1n establecidas todav\u00eda en ning\u00fan instructivo. Y es muy importante recibirlos para asesorar correctamente a las personas que necesitan saber c\u00f3mo hacer el tr\u00e1mite\u201d<\/em>\u00a0<\/p>\n\n\n\n<p>Por Walter Medina , Redacci\u00f3n de Revista TU VOZ <\/p>\n","protected":false},"excerpt":{"rendered":"<p>PILAR D\u00cdAZ, CONSEJERA&nbsp; DEL CRE DE BUENOS AIRES La Consejera del CRE de Buenos Aires y Consejera suplente del Consejo General de la Ciudadan\u00eda &#8230; <\/p>\n<p class=\"read-more-container\"><a title=\"\u201cVAMOS A SEGUIR TRABAJANDO PARA M\u00c1S BENEFICIOS\u201d\" class=\"read-more button\" href=\"https:\/\/xn--tuvozdiasporaespaola-k7b.com\/page\/2\/vamos-a-seguir-trabajando-para-mas-beneficios\/#more-567\" aria-label=\"M\u00e1s en \u201cVAMOS A SEGUIR TRABAJANDO PARA M\u00c1S BENEFICIOS\u201d\">Leer m\u00e1s<\/a><\/p>\n","protected":false},"author":222560522,"featured_media":0,"comment_status":"open","ping_status":"open","sticky":false,"template":"","format":"standard","meta":{"footnotes":""},"categories":[1771],"tags":[],"class_list":["post-567","post","type-post","status-publish","format-standard","hentry","category-sociales"],"_links":{"self":[{"href":"https:\/\/xn--tuvozdiasporaespaola-k7b.com\/page\/2\/wp-json\/wp\/v2\/posts\/567","targetHints":{"allow":["GET"]}}],"collection":[{"href":"https:\/\/xn--tuvozdiasporaespaola-k7b.com\/page\/2\/wp-json\/wp\/v2\/posts"}],"about":[{"href":"https:\/\/xn--tuvozdiasporaespaola-k7b.com\/page\/2\/wp-json\/wp\/v2\/types\/post"}],"author":[{"embeddable":true,"href":"https:\/\/xn--tuvozdiasporaespaola-k7b.com\/page\/2\/wp-json\/wp\/v2\/users\/222560522"}],"replies":[{"embeddable":true,"href":"https:\/\/xn--tuvozdiasporaespaola-k7b.com\/page\/2\/wp-json\/wp\/v2\/comments?post=567"}],"version-history":[{"count":0,"href":"https:\/\/xn--tuvozdiasporaespaola-k7b.com\/page\/2\/wp-json\/wp\/v2\/posts\/567\/revisions"}],"wp:attachment":[{"href":"https:\/\/xn--tuvozdiasporaespaola-k7b.com\/page\/2\/wp-json\/wp\/v2\/media?parent=567"}],"wp:term":[{"taxonomy":"category","embeddable":true,"href":"https:\/\/xn--tuvozdiasporaespaola-k7b.com\/page\/2\/wp-json\/wp\/v2\/categories?post=567"},{"taxonomy":"post_tag","embeddable":true,"href":"https:\/\/xn--tuvozdiasporaespaola-k7b.com\/page\/2\/wp-json\/wp\/v2\/tags?post=567"}],"curies":[{"name":"wp","href":"https:\/\/api.w.org\/{rel}","templated":true}]}}