{"id":5642,"date":"2024-05-21T10:37:23","date_gmt":"2024-05-21T13:37:23","guid":{"rendered":"https:\/\/xn--tuvozdiasporaespaola-k7b.com\/page\/2\/?p=5642"},"modified":"2024-05-21T11:21:11","modified_gmt":"2024-05-21T14:21:11","slug":"vamos-a-seguir-exigiendo-que-pedro-sanchez-y-europa-no-mire-hacia-otro-lado","status":"publish","type":"post","link":"https:\/\/xn--tuvozdiasporaespaola-k7b.com\/page\/2\/vamos-a-seguir-exigiendo-que-pedro-sanchez-y-europa-no-mire-hacia-otro-lado\/","title":{"rendered":"\u201cVamos a seguir exigiendo que Pedro S\u00e1nchez y Europa no mire hacia otro lado\u00bb."},"content":{"rendered":"\n<p>Por Walter C. Medina<\/p>\n\n\n\n<p>ENTREVISTA A CONCHO ABELL\u00c1N<\/p>\n\n\n\n<p>El Bloque El \u00c1ngulo, que presenta Ximena Donamar\u00eda en el programa radial \u201cCenizas de Babilonia. Di\u00e1spora Espa\u00f1ola\u201d (AM830 Radio del Pueblo) tuvo como invitada a Conchi Abell\u00e1n, candidata a Diputada al Parlamento Europeo por la lista de Podemos. <\/p>\n\n\n\n<p>Entre otros temas de actualidad, <strong>Abell\u00e1n se refiri\u00f3 a la importancia del voto exterior en las pr\u00f3ximas elecciones del Parlamento Europeo, a la necesidad de cambios radicales respecto a la postura de Espa\u00f1a en el  genocidio de  Israel hacia el  Estado Palestino, y a la relevancia de los derechos humanos y la justicia social, que est\u00e1n en juego en los mencionados comicios que se celebrar\u00e1n el pr\u00f3ximo mes de junio<\/strong>.<\/p>\n\n\n\n<figure class=\"wp-block-gallery has-nested-images columns-default is-cropped wp-block-gallery-1 is-layout-flex wp-block-gallery-is-layout-flex\">\n<figure class=\"wp-block-image size-large\"><img fetchpriority=\"high\" decoding=\"async\" width=\"1024\" height=\"576\" data-id=\"5662\" src=\"https:\/\/xn--tuvozdiasporaespaola-k7b.com\/wp-content\/uploads\/2024\/05\/754HPBL3TVARLPF3XNRBZPOPSU-1024x576.jpg\" alt=\"\" class=\"wp-image-5662\" srcset=\"https:\/\/xn--tuvozdiasporaespaola-k7b.com\/wp-content\/uploads\/2024\/05\/754HPBL3TVARLPF3XNRBZPOPSU-1024x576.jpg 1024w, https:\/\/xn--tuvozdiasporaespaola-k7b.com\/wp-content\/uploads\/2024\/05\/754HPBL3TVARLPF3XNRBZPOPSU-300x169.jpg 300w, https:\/\/xn--tuvozdiasporaespaola-k7b.com\/wp-content\/uploads\/2024\/05\/754HPBL3TVARLPF3XNRBZPOPSU-768x432.jpg 768w, https:\/\/xn--tuvozdiasporaespaola-k7b.com\/wp-content\/uploads\/2024\/05\/754HPBL3TVARLPF3XNRBZPOPSU-1536x864.jpg 1536w, https:\/\/xn--tuvozdiasporaespaola-k7b.com\/wp-content\/uploads\/2024\/05\/754HPBL3TVARLPF3XNRBZPOPSU.jpg 1960w\" sizes=\"(max-width: 1024px) 100vw, 1024px\" \/><\/figure>\n<\/figure>\n\n\n\n<p><strong>\u00bfC\u00f3mo llegas a la candidatura con Irene Montero?<\/strong><\/p>\n\n\n\n<p>Pues me llamaron y me dijeron que les gustar\u00eda que estuviera en la candidatura de Irene, y para m\u00ed era un honor acompa\u00f1arla en esta andadura, y sobre todo con esta responsabilidad de todo lo que viene por delante.  Estar aqu\u00ed, empujar y luchar por tener una Europa m\u00e1s democr\u00e1tica y much\u00edsimo m\u00e1s social.<\/p>\n\n\n\n<p><strong>\u00bfTuviste que pensarlo mucho?<\/strong><\/p>\n\n\n\n<p>No, cuando hablas con Irene y con el equipo de Irene no se puede pensar nada; creo que no tenemos una candidata mejor. La verdad es que era un honor y un orgullo, y fue r\u00e1pido decirle que s\u00ed. <\/p>\n\n\n\n<p><strong>\u00bfQu\u00e9 le podemos decir a los espa\u00f1oles residentes en el exterior para que vote a Podemos?<\/strong><\/p>\n\n\n\n<p>Es important\u00edsimo que todo el mundo vaya a votar porque nos estamos jugando una Europa de la guerra o una Europa de la paz. <\/p>\n\n\n\n<p>Creo que nunca ha estado m\u00e1s claro. Recuerdo la \u00e9poca de Aznar, cuando todo el mundo sali\u00f3 a decir No a la Guerra, y por desgracia <strong>estamos en esos momentos en los que hay una Europa que quiere meternos con calzador una guerra y que ya no sabemos c\u00f3mo decir abiertamente que no queremos ni m\u00e1s armas, ni m\u00e1s guerras, ni m\u00e1s crisis europeas,<\/strong> y que eso tambi\u00e9n nos est\u00e1 afectando al d\u00eda a d\u00eda y a nuestra vida. <\/p>\n\n\n\n<p><strong>Nos afecta en tener m\u00e1s desigualdad, en m\u00e1s problemas de viviendas, que los buitres y las multinacionales y las especuladoras sigan apret\u00e1ndonos y guiando c\u00f3mo tiene que ser nuestra vida. <\/strong><\/p>\n\n\n\n<p>Nos afecta ver c\u00f3mo <strong>nuestros pa\u00edses est\u00e1n enviando armas y financiando una guerra que mata a miles de personas, a miles de ni\u00f1os y ni\u00f1as, <\/strong>y por lo tanto es el momento de salir y <strong>votar con ilusi\u00f3n y esperanza para decir que No a la Guerra y para decir que queremos una Europa diferente.<\/strong><\/p>\n\n\n\n<p><strong>\u00bfCrees que este No a la Guerra es similar al del 2003, o le falta m\u00e1s movilizaci\u00f3n en la calle?<\/strong><\/p>\n\n\n\n<p>La<strong> \u00e9poca de Aznar fue bastante convulsa<\/strong>. Ven\u00edamos de todo lo que hab\u00eda pasado con los trenes <strong>En este me recuerda m\u00e1s al 15M, a esa indignaci\u00f3n, a estamos empezando a estar cansados<\/strong>, no nos gusta la situaci\u00f3n; y por lo tanto empieza a moverse esa juventud rebelde. <\/p>\n\n\n\n<p>Es necesario que salgan y que nos muevan. Yo recuerdo aquella \u00e9poca, yo ten\u00eda veinticinco, y creo que lo estoy viviendo como yo era en aquel momento, y con la necesidad de tener muchas ganas de salir y de decir basta. S\u00f3lo falta quiz\u00e1s un empujoncito, pero las ganas de la gente joven vuelve otra vez. <\/p>\n\n\n\n<p>Creo que <strong>es el momento. Empieza otra movilizaci\u00f3n, empiezan otros tiempos. Y esta vez se oye alto y claro el No a la Guerra, el No a la OTAN y no a las armas<\/strong>. En su momento gritamos que quer\u00edamos paz y seguimos insistiendo en esto. <\/p>\n\n\n\n<p>Me llama la atenci\u00f3n que la movilizaci\u00f3n no sea global, que no salga todo el mundo a la calle. Porque <strong>estamos viendo lo que est\u00e1 sucediendo en Palestina en directo y no veo una respuesta masiva contra la guerra.<\/strong><\/p>\n\n\n\n<p>Ahora mismo lo que estamos viendo es un movimiento estudiantil que est\u00e1 dando ejemplo de lo que se puede conseguir cuando la gente se organiza. Las acampadas universitarias se est\u00e1n extendiendo por todo el pa\u00eds. Empezaron en Estados Unidos, incluso con la <strong>verg\u00fcenza de ver c\u00f3mo se estaban llevando a la c\u00e1rcel a la gente, simplemente por protestar contra la guerra. <\/strong><\/p>\n\n\n\n<figure class=\"wp-block-gallery has-nested-images columns-default is-cropped wp-block-gallery-2 is-layout-flex wp-block-gallery-is-layout-flex\">\n<figure class=\"wp-block-image size-large\"><img decoding=\"async\" width=\"1024\" height=\"682\" data-id=\"5664\" src=\"https:\/\/xn--tuvozdiasporaespaola-k7b.com\/wp-content\/uploads\/2024\/05\/20240521_103100-1024x682.jpg\" alt=\"\" class=\"wp-image-5664\" srcset=\"https:\/\/xn--tuvozdiasporaespaola-k7b.com\/wp-content\/uploads\/2024\/05\/20240521_103100-1024x682.jpg 1024w, https:\/\/xn--tuvozdiasporaespaola-k7b.com\/wp-content\/uploads\/2024\/05\/20240521_103100-300x200.jpg 300w, https:\/\/xn--tuvozdiasporaespaola-k7b.com\/wp-content\/uploads\/2024\/05\/20240521_103100-768x512.jpg 768w, https:\/\/xn--tuvozdiasporaespaola-k7b.com\/wp-content\/uploads\/2024\/05\/20240521_103100.jpg 1280w\" sizes=\"(max-width: 1024px) 100vw, 1024px\" \/><\/figure>\n<\/figure>\n\n\n\n<p>Esto est\u00e1 demostrando que la mayor\u00eda de la gente no est\u00e1 comprando el relato que nos cuentan todos los medios de comunicaci\u00f3n; <strong>un relato irresponsable que est\u00e1 intentando justificar los cr\u00edmenes de guerra. Por ello es clave la movilizaci\u00f3n de la gente joven<\/strong>, era algo necesario. <\/p>\n\n\n\n<p>Y lo que reclaman es que el <strong>gobierno de Espa\u00f1a tiene que romper relaciones con el gobierno genocida de Israel, que tiene que dejar de venderle armas; en definitiva, lo que est\u00e1n diciendo llevamos nosotras dici\u00e9ndolo desde hace meses.<\/strong> De modo que todo nuestro apoyo y empuje a lo que est\u00e1n haciendo. <\/p>\n\n\n\n<p><strong>Es momento de que la gente joven no se sienta sola como en su momento nos sentimos los que venimos del 15M<\/strong>, que ve\u00edamos que incluso partidos supuestamente progresistas no nos acompa\u00f1aban en las plazas. Vamos a seguir exigiendo que Pedro S\u00e1nchez no mire hacia otro lado y que diga que va a reconocer al estado Palestino mientras est\u00e1 vendiendo armas a quienes est\u00e1n mat\u00e1ndoles.<\/p>\n\n\n\n<figure class=\"wp-block-gallery has-nested-images columns-default is-cropped wp-block-gallery-3 is-layout-flex wp-block-gallery-is-layout-flex\">\n<figure class=\"wp-block-image size-large\"><img decoding=\"async\" width=\"1024\" height=\"576\" data-id=\"5663\" src=\"https:\/\/xn--tuvozdiasporaespaola-k7b.com\/wp-content\/uploads\/2024\/05\/5ae84485-a824-41ef-ac0f-315623b502d1_16-9-aspect-ratio_default_0-1024x576.jpg\" alt=\"\" class=\"wp-image-5663\" srcset=\"https:\/\/xn--tuvozdiasporaespaola-k7b.com\/wp-content\/uploads\/2024\/05\/5ae84485-a824-41ef-ac0f-315623b502d1_16-9-aspect-ratio_default_0-1024x576.jpg 1024w, https:\/\/xn--tuvozdiasporaespaola-k7b.com\/wp-content\/uploads\/2024\/05\/5ae84485-a824-41ef-ac0f-315623b502d1_16-9-aspect-ratio_default_0-300x169.jpg 300w, https:\/\/xn--tuvozdiasporaespaola-k7b.com\/wp-content\/uploads\/2024\/05\/5ae84485-a824-41ef-ac0f-315623b502d1_16-9-aspect-ratio_default_0-768x432.jpg 768w, https:\/\/xn--tuvozdiasporaespaola-k7b.com\/wp-content\/uploads\/2024\/05\/5ae84485-a824-41ef-ac0f-315623b502d1_16-9-aspect-ratio_default_0-1536x864.jpg 1536w, https:\/\/xn--tuvozdiasporaespaola-k7b.com\/wp-content\/uploads\/2024\/05\/5ae84485-a824-41ef-ac0f-315623b502d1_16-9-aspect-ratio_default_0.jpg 1600w\" sizes=\"(max-width: 1024px) 100vw, 1024px\" \/><\/figure>\n<\/figure>\n\n\n\n<p><strong>\u00bfCrees que el PSOE est\u00e1 escuchando, est\u00e1 teniendo en cuenta este reclamo?<\/strong><\/p>\n\n\n\n<p><strong>Somos el \u00fanico partido que hemos dejado en claro lo que pens\u00e1bamos desde el principio. Cuando pas\u00f3 los de Ucrania salimos a pedir por una conferencia de paz<\/strong>, y todo el mundo sali\u00f3 a decirnos de que est\u00e1bamos locos, que ten\u00edan que enviarse armas para que se pudieran defender. <\/p>\n\n\n\n<p>Y ah\u00ed hab\u00eda <strong>ciertos partidos progresistas que ahora dicen que quieren la paz, pero que est\u00e1n en un gobierno donde las armas se env\u00edan y donde Pedro S\u00e1nchez <\/strong>dice una cosa y hace otra. Lo que yo veo del PSOE es que est\u00e1n muy bien los slogans, pero que en el d\u00eda a d\u00eda, en la pol\u00edtica real, eso no se nota. <strong>No sirve de nada que hables de reconocer al Estado Palestino si en realidad sigues enviando dinero y armas a quienes est\u00e1n masacrando al pueblo<\/strong>. <\/p>\n\n\n\n<p>No veo ning\u00fan movimiento por parte del Partido Socialista para poder se\u00f1alar lo que se est\u00e1 cometiendo, y sobretodo tampoco le veo valent\u00eda para poder hacerlo. <strong>No le veo valent\u00eda para decir que Netanyahu es un criminal de guerra <\/strong>y que se tiene que procesar.<\/p>\n\n\n\n<p><strong>\u00bfQu\u00e9 mensajes les puedes dar a los millones de espa\u00f1oles que residen en el exterior para que no se queden en sus casas y vayan a votar en las pr\u00f3ximas elecciones europeas?<\/strong><\/p>\n\n\n\n<p>La gente tiene que entender que <strong>Europa no est\u00e1 lejos y decide pol\u00edticamente. Decide qu\u00e9 pol\u00edticas quieres hacer, y que nos afectan al d\u00eda a d\u00eda a todos y a todas.<\/strong> Aunque nos d\u00e9 la sensaci\u00f3n de que la tenemos lejos, no es as\u00ed. <strong>Cuando nos suben el Euribor de las hipotecas, viene dado de Europa; cuando quieren recortar pensiones e imponer pol\u00edticas de austeridad y aprietan a nuestros gobiernos<\/strong> para que apliquen <strong>recortes masivos en los servicios p\u00fablicos, lo est\u00e1n haciendo desde Europa y afectan a pol\u00edticas de Retorno de la DI\u00c1SPORA espa\u00f1ola <\/strong><\/p>\n\n\n\n<p>Por eso es que <strong>tu voto cuenta, porque sirve para decir que no a la guerra, pero tambi\u00e9n para defender el feminismo<\/strong> como eje transformador y fundamental, donde se incluya la defesa de <strong>los derechos de las mujeres y tambi\u00e9n de la comunidad LGTBiQ.<\/strong><\/p>\n\n\n\n<p>Recordemos que hay <strong>parte de Europa que sigue se\u00f1alando a la Comunidad LGTBiQ como personas enfermas, y eso me parece una santa verg\u00fcenza. <\/strong>Por eso es important\u00edsimo que la gente salga a votar pata defendernos a todos y a todas. <strong>Si quieres una transici\u00f3n justa y energ\u00e9tica, que tenga en cuenta las necesidades de todos los territorios, que defienda el derecho a la libertad, tambi\u00e9n a los derechos humanos y al derecho internacional. <\/strong><\/p>\n\n\n\n<p>Y por supuesto, <strong>defender el trabajo, porque no es solo trabajar para vivir, sino que queremos vivir y que todos y todas queremos derechos laborales y justicia social<\/strong>.                                                   <\/p>\n","protected":false},"excerpt":{"rendered":"<p>Por Walter C. Medina ENTREVISTA A CONCHO ABELL\u00c1N El Bloque El \u00c1ngulo, que presenta Ximena Donamar\u00eda en el programa radial \u201cCenizas de Babilonia. Di\u00e1spora &#8230; <\/p>\n<p class=\"read-more-container\"><a title=\"\u201cVamos a seguir exigiendo que Pedro S\u00e1nchez y Europa no mire hacia otro lado\u00bb.\" class=\"read-more button\" href=\"https:\/\/xn--tuvozdiasporaespaola-k7b.com\/page\/2\/vamos-a-seguir-exigiendo-que-pedro-sanchez-y-europa-no-mire-hacia-otro-lado\/#more-5642\" aria-label=\"M\u00e1s en \u201cVamos a seguir exigiendo que Pedro S\u00e1nchez y Europa no mire hacia otro lado\u00bb.\">Leer m\u00e1s<\/a><\/p>\n","protected":false},"author":222560522,"featured_media":5665,"comment_status":"open","ping_status":"open","sticky":false,"template":"","format":"standard","meta":{"footnotes":""},"categories":[121853],"tags":[],"class_list":["post-5642","post","type-post","status-publish","format-standard","has-post-thumbnail","hentry","category-elecciones","resize-featured-image"],"_links":{"self":[{"href":"https:\/\/xn--tuvozdiasporaespaola-k7b.com\/page\/2\/wp-json\/wp\/v2\/posts\/5642","targetHints":{"allow":["GET"]}}],"collection":[{"href":"https:\/\/xn--tuvozdiasporaespaola-k7b.com\/page\/2\/wp-json\/wp\/v2\/posts"}],"about":[{"href":"https:\/\/xn--tuvozdiasporaespaola-k7b.com\/page\/2\/wp-json\/wp\/v2\/types\/post"}],"author":[{"embeddable":true,"href":"https:\/\/xn--tuvozdiasporaespaola-k7b.com\/page\/2\/wp-json\/wp\/v2\/users\/222560522"}],"replies":[{"embeddable":true,"href":"https:\/\/xn--tuvozdiasporaespaola-k7b.com\/page\/2\/wp-json\/wp\/v2\/comments?post=5642"}],"version-history":[{"count":3,"href":"https:\/\/xn--tuvozdiasporaespaola-k7b.com\/page\/2\/wp-json\/wp\/v2\/posts\/5642\/revisions"}],"predecessor-version":[{"id":5667,"href":"https:\/\/xn--tuvozdiasporaespaola-k7b.com\/page\/2\/wp-json\/wp\/v2\/posts\/5642\/revisions\/5667"}],"wp:featuredmedia":[{"embeddable":true,"href":"https:\/\/xn--tuvozdiasporaespaola-k7b.com\/page\/2\/wp-json\/wp\/v2\/media\/5665"}],"wp:attachment":[{"href":"https:\/\/xn--tuvozdiasporaespaola-k7b.com\/page\/2\/wp-json\/wp\/v2\/media?parent=5642"}],"wp:term":[{"taxonomy":"category","embeddable":true,"href":"https:\/\/xn--tuvozdiasporaespaola-k7b.com\/page\/2\/wp-json\/wp\/v2\/categories?post=5642"},{"taxonomy":"post_tag","embeddable":true,"href":"https:\/\/xn--tuvozdiasporaespaola-k7b.com\/page\/2\/wp-json\/wp\/v2\/tags?post=5642"}],"curies":[{"name":"wp","href":"https:\/\/api.w.org\/{rel}","templated":true}]}}