{"id":5590,"date":"2024-05-15T00:23:36","date_gmt":"2024-05-15T03:23:36","guid":{"rendered":"https:\/\/xn--tuvozdiasporaespaola-k7b.com\/page\/2\/?p=5590"},"modified":"2024-05-15T00:23:36","modified_gmt":"2024-05-15T03:23:36","slug":"irene-montero-lidera-la-lista-de-podemos-con-arianna-paola-guardiola-miguel-angel-ferris-salvador-espada-candidates-en-el-exterior","status":"publish","type":"post","link":"https:\/\/xn--tuvozdiasporaespaola-k7b.com\/page\/2\/irene-montero-lidera-la-lista-de-podemos-con-arianna-paola-guardiola-miguel-angel-ferris-salvador-espada-candidates-en-el-exterior\/","title":{"rendered":"Irene Montero Lidera la Lista de Podemos, con  Arianna Paola Guardiola, Miguel \u00c1ngel Ferris, Salvador Espada, candidates en el Exterior."},"content":{"rendered":"\n<p>Redacci\u00f3n Revista TU VOZ , Nicolas Martin, Argentina. <\/p>\n\n\n\n<p>Podemos desde el exterior se suma a la lista de candidatos  y candidatas,  que acompa\u00f1an a <strong>Irene Montero en las elecciones europeas del pr\u00f3ximo 9 de junio, Arianna Paola Guardiola del Reino Unido , Miguel \u00c1ngel Ferris  de Francia vinculado a Latinoam\u00e9rica y Salvador Espada  desde Austria.<\/strong><\/p>\n\n\n\n<p>Quienes son :<\/p>\n\n\n\n<p><strong>Arianna Paola Guardiola<\/strong>, reside en el Reino Unido , Londres, de Podemos es Dra. Arquitecta. Profesora Titular de Universitat Polit\u00e8cnica de Val\u00e8ncia y Visiting profesor (curso 2023-24) en University College London, invitada y acogida por la c\u00e1tedra UNESCO in Disaster Risk Reduction and Resilience Engineering. desde el 2016. <\/p>\n\n\n\n<p>Desarrollo mi investigaci\u00f3n en el departamento de MMC y Teor\u00eda de Estructuras de la Universitat Polit\u00e8cnica de Val\u00e8ncia, socia de AMIT (Asociaci\u00f3n de Mujeres Investigadoras y Tecn\u00f3logas), y una de sus l\u00edneas de investigaci\u00f3n tiene como objeto evidenciar la brecha de g\u00e9nero, el techo de cristal o suelo pegajoso en arquitectura. Partiendo de la base de que lo que no se puede medir, no se puede mejorar.<\/p>\n\n\n\n<figure class=\"wp-block-gallery has-nested-images columns-default is-cropped wp-block-gallery-1 is-layout-flex wp-block-gallery-is-layout-flex\">\n<figure class=\"wp-block-image size-large\"><img fetchpriority=\"high\" decoding=\"async\" width=\"835\" height=\"975\" data-id=\"5591\" src=\"https:\/\/xn--tuvozdiasporaespaola-k7b.com\/wp-content\/uploads\/2024\/05\/Screenshot_20240514_164347_Docs.jpg\" alt=\"\" class=\"wp-image-5591\" srcset=\"https:\/\/xn--tuvozdiasporaespaola-k7b.com\/wp-content\/uploads\/2024\/05\/Screenshot_20240514_164347_Docs.jpg 835w, https:\/\/xn--tuvozdiasporaespaola-k7b.com\/wp-content\/uploads\/2024\/05\/Screenshot_20240514_164347_Docs-257x300.jpg 257w, https:\/\/xn--tuvozdiasporaespaola-k7b.com\/wp-content\/uploads\/2024\/05\/Screenshot_20240514_164347_Docs-768x897.jpg 768w\" sizes=\"(max-width: 835px) 100vw, 835px\" \/><figcaption class=\"wp-element-caption\">Arianna Paola Guardiola<\/figcaption><\/figure>\n<\/figure>\n\n\n\n<p><strong>Miguel Angel Ferris<\/strong> del C\u00edrculo de Francia muy vinculado con Latinoam\u00e9rica y el Pacto Hist\u00f3rico de Gustavo Petro, activista de la Comunicaci\u00f3n y los Movimientos Sociales, ex Secretario de Prensa de la CGT espa\u00f1ola y de Los Verdes del Pa\u00eds Valenciano. <\/p>\n\n\n\n<p>Profesor de Pol\u00edtica Educativa y sindicalista de la Ense\u00f1anza. Profesor de la Acci\u00f3n Espa\u00f1ola de Espa\u00f1a en el Exterior (Marruecos, B\u00e9lgica y Francia), editor de los peri\u00f3dicos alternativos ecologista (\u201cMalahierba\u201d) e Intercultural (\u201cXarxa Urbana\u201d), promotor de la \u201cRuta del Despilfarro\u201d contra la corrupci\u00f3n en Valencia. Co-fundador en esta ciudad de Sos Racismo.<\/p>\n\n\n\n<p>Integrante del Consejo de redacci\u00f3n Revista Latinoamericana TU VOZ y Radio del pueblo programa Di\u00e1spora Espa\u00f1ola desde Argentina. Actualmente es profesor de espa\u00f1ol en la Universit\u00e9 de Par\u00eds donde reside.<\/p>\n\n\n\n<figure class=\"wp-block-gallery has-nested-images columns-default is-cropped wp-block-gallery-2 is-layout-flex wp-block-gallery-is-layout-flex\">\n<figure class=\"wp-block-image size-large\"><img decoding=\"async\" width=\"992\" height=\"1024\" data-id=\"5592\" src=\"https:\/\/xn--tuvozdiasporaespaola-k7b.com\/wp-content\/uploads\/2024\/05\/Screenshot_20240514_225234_Gallery-992x1024.jpg\" alt=\"\" class=\"wp-image-5592\" srcset=\"https:\/\/xn--tuvozdiasporaespaola-k7b.com\/wp-content\/uploads\/2024\/05\/Screenshot_20240514_225234_Gallery-992x1024.jpg 992w, https:\/\/xn--tuvozdiasporaespaola-k7b.com\/wp-content\/uploads\/2024\/05\/Screenshot_20240514_225234_Gallery-291x300.jpg 291w, https:\/\/xn--tuvozdiasporaespaola-k7b.com\/wp-content\/uploads\/2024\/05\/Screenshot_20240514_225234_Gallery-768x793.jpg 768w, https:\/\/xn--tuvozdiasporaespaola-k7b.com\/wp-content\/uploads\/2024\/05\/Screenshot_20240514_225234_Gallery.jpg 1080w\" sizes=\"(max-width: 992px) 100vw, 992px\" \/><figcaption class=\"wp-element-caption\">Miguel Angel Ferris<\/figcaption><\/figure>\n<\/figure>\n\n\n\n<p><strong>Salvador Espada<\/strong> del c\u00edrculo Podemos Austria,  Bi\u00f3logo marino en Austria, terminando un doctorado sobre simbiosis,  feminista de la diferencia. Una clave que destaca Salvador  es acabar con las guerras. Otra, el reconciliarnos con la naturaleza. <\/p>\n\n\n\n<p>Forman parte de un grupo en el que tambi\u00e9n est\u00e1n presentes figuras pol\u00edticas destacadas como Isa Serra, Pablo Fern\u00e1ndez , Mar\u00eda Teresa P\u00e9rez, portavoces de la formaci\u00f3n, as\u00ed como l\u00edderes sociales tales como Serigne Mbaye, Diego Ca\u00f1amero y Mar Cambroll\u00e9, Jos\u00e9 Luis Gacia Gasc\u00f3n, Conchi Abellan o Borja San Ramon, conocidos  por su trabajo territorial y su activismo en \u00e1reas espec\u00edficas como la migraci\u00f3n y antirracismo o el movimiento LGTBI.<\/p>\n\n\n\n<p>Hay que <strong>destacar la relevancia del equipo de IRENE MONTERO como cabeza de lista de PODEMOS,  en las instituciones europeas <\/strong>para enfrentar desaf\u00edos en el exterior que beneficien a la Di\u00e1spora Espa\u00f1ola.<\/p>\n\n\n\n<figure class=\"wp-block-gallery has-nested-images columns-default is-cropped wp-block-gallery-3 is-layout-flex wp-block-gallery-is-layout-flex\">\n<figure class=\"wp-block-image size-large\"><img decoding=\"async\" width=\"758\" height=\"531\" data-id=\"5593\" src=\"https:\/\/xn--tuvozdiasporaespaola-k7b.com\/wp-content\/uploads\/2024\/05\/Salvador-Espada-RP3CuiO4h776UzWv1FOesJI-758x531@Diario-Sur.jpg\" alt=\"\" class=\"wp-image-5593\" srcset=\"https:\/\/xn--tuvozdiasporaespaola-k7b.com\/wp-content\/uploads\/2024\/05\/Salvador-Espada-RP3CuiO4h776UzWv1FOesJI-758x531@Diario-Sur.jpg 758w, https:\/\/xn--tuvozdiasporaespaola-k7b.com\/wp-content\/uploads\/2024\/05\/Salvador-Espada-RP3CuiO4h776UzWv1FOesJI-758x531@Diario-Sur-300x210.jpg 300w\" sizes=\"(max-width: 758px) 100vw, 758px\" \/><figcaption class=\"wp-element-caption\">Salvador Espada Hinojosa<\/figcaption><\/figure>\n<\/figure>\n\n\n\n<p>Las pol\u00edticas europeas de apoyo a las normas comunitarias y buenas pr\u00e1cticas en materia de gesti\u00f3n as\u00ed como otras ayudas, son,  sin saberlo incrementadas por la Uni\u00f3n Europea y aprobadas por su Parlamento.<\/p>\n\n\n\n<p><strong>Fondos , ayudas y programas que llegan a financiar los proyectos que hacen que un pa\u00eds como Espa\u00f1a pueda mejorar su nivel de vida y que proyecta estas ayudas en comunidades aut\u00f3nomas y poblaciones, que facilitan pol\u00edticas de retorno, asistencias sociales o una mejor atenci\u00f3n en los consulados y Embajadas<\/strong> que  facilitan la mejor vida de una Di\u00e1spora Espa\u00f1ola.<\/p>\n\n\n\n<p><strong>Evitar que Europa apueste por el fascismo, por la guerra, que incremente las armas, estigmatice la emigraci\u00f3n o simplemente puedan evitar estos partidos xen\u00f3fobos en Europa que impiden o interceden  con su presencia,  un Retorno a espa\u00f1a de quienes tuvieron que salir exiliados por pol\u00edticas neoliberales del PP o de persecuci\u00f3n pol\u00edtica Franquista.<\/strong><\/p>\n\n\n\n<figure class=\"wp-block-gallery has-nested-images columns-default is-cropped wp-block-gallery-4 is-layout-flex wp-block-gallery-is-layout-flex\">\n<figure class=\"wp-block-image size-large\"><img loading=\"lazy\" decoding=\"async\" width=\"966\" height=\"960\" data-id=\"5596\" src=\"https:\/\/xn--tuvozdiasporaespaola-k7b.com\/wp-content\/uploads\/2024\/05\/Screenshot_20240515_000236_Canva.jpg\" alt=\"\" class=\"wp-image-5596\" srcset=\"https:\/\/xn--tuvozdiasporaespaola-k7b.com\/wp-content\/uploads\/2024\/05\/Screenshot_20240515_000236_Canva.jpg 966w, https:\/\/xn--tuvozdiasporaespaola-k7b.com\/wp-content\/uploads\/2024\/05\/Screenshot_20240515_000236_Canva-300x298.jpg 300w, https:\/\/xn--tuvozdiasporaespaola-k7b.com\/wp-content\/uploads\/2024\/05\/Screenshot_20240515_000236_Canva-150x150.jpg 150w, https:\/\/xn--tuvozdiasporaespaola-k7b.com\/wp-content\/uploads\/2024\/05\/Screenshot_20240515_000236_Canva-768x763.jpg 768w\" sizes=\"(max-width: 966px) 100vw, 966px\" \/><figcaption class=\"wp-element-caption\">Diego Ca\u00f1amero y Mar Cambroll\u00e9, Jos\u00e9 Luis Gacia Gasc\u00f3n, Conchi Abellan o Borja San Ramon<\/figcaption><\/figure>\n<\/figure>\n\n\n\n<p><strong>Una derecha que simplemente bloquea las ayudas que incrementan los presupuestos de los distintos ministerios entre los que se encuentra el de Exteriores con repercusi\u00f3n en las atenciones en consulados para desarrollar el acceso a la Nacionalidad  dentro de la Ley de Memoria Democr\u00e1tica<\/strong> o renovaci\u00f3n de pasaportes, etc\u2026 son apuestas de estos candidatos de Podemos desde el exterior.<\/p>\n\n\n\n<p>Podemos es necesario en Europa para fortalecer  la aprobaci\u00f3n de un nuevo protocolo sobre violencia de g\u00e9nero en el Exterior para las mujeres de la Di\u00e1spora, la sostenibilidad ambiental y la gesti\u00f3n del agua.<\/p>\n\n\n\n<p>Adem\u00e1s de priorizar el reforzamiento de servicios p\u00fablicos esenciales en Espa\u00f1a como el transporte y <strong>la vivienda, un modelo de vivienda lucrativa  que incentiva tanto el PP como el PSOE y la mirada hacia otro lado de SUMAR dentro de los verdes europeos<\/strong>.<\/p>\n\n\n\n<p><strong>La llegada de fondos buitres y la especulaci\u00f3n son causantes de estos desastres de escasez de vivienda con lo que contribuye a que los retornos sean m\u00e1s dif\u00edciles.<\/strong><\/p>\n\n\n\n<p>Es importante la visibilidad de estas demandas de la Di\u00e1spora espa\u00f1ola del exterior en Europa, <strong>estas elecciones son una oportunidad para reafirmar el valor de la izquierda transformadora en Espa\u00f1a y resaltar la necesidad de acciones centradas en la justicia social, el feminismo, el ecologismo, la paz, el respeto por los derechos humanos<\/strong> y la importancia de seguir promoviendo desde las instituciones el feminismo y los derechos LGTBI.<\/p>\n\n\n\n<p><strong>Destaca la elecci\u00f3n entre una Europa orientada hacia el militarismo (c<\/strong>omo promueven los verdes Europeos con SUMAR , PP o PSOE ), <strong>o una donde prevalezca la PAZ, en la misma l\u00ednea que gobiernos como Gustavo Petro en Colombia, Lopez Obrador en M\u00e9xico o Lula en Brasil.<\/strong><\/p>\n\n\n\n<figure class=\"wp-block-gallery has-nested-images columns-default is-cropped wp-block-gallery-5 is-layout-flex wp-block-gallery-is-layout-flex\">\n<figure class=\"wp-block-image size-large\"><img loading=\"lazy\" decoding=\"async\" width=\"1024\" height=\"959\" data-id=\"5594\" src=\"https:\/\/xn--tuvozdiasporaespaola-k7b.com\/wp-content\/uploads\/2024\/05\/Screenshot_20240514_232812_Boosted-1024x959.jpg\" alt=\"\" class=\"wp-image-5594\" srcset=\"https:\/\/xn--tuvozdiasporaespaola-k7b.com\/wp-content\/uploads\/2024\/05\/Screenshot_20240514_232812_Boosted-1024x959.jpg 1024w, https:\/\/xn--tuvozdiasporaespaola-k7b.com\/wp-content\/uploads\/2024\/05\/Screenshot_20240514_232812_Boosted-300x281.jpg 300w, https:\/\/xn--tuvozdiasporaespaola-k7b.com\/wp-content\/uploads\/2024\/05\/Screenshot_20240514_232812_Boosted-768x720.jpg 768w, https:\/\/xn--tuvozdiasporaespaola-k7b.com\/wp-content\/uploads\/2024\/05\/Screenshot_20240514_232812_Boosted.jpg 1031w\" sizes=\"(max-width: 1024px) 100vw, 1024px\" \/><\/figure>\n<\/figure>\n\n\n\n<p>El <strong>valor de los votos en estas elecciones,<\/strong> (dada la circunscripci\u00f3n \u00fanica y su representaci\u00f3n proporcional europea ), <strong>es importante y significa que muchas personas con doble nacionalidad pueden influir en Europa desde Latinoam\u00e9rica, desde espacios pol\u00edticos territoriales de Izquierda<\/strong> en Colombia, M\u00e9xico, Argentina, Ecuador, Chile, Venezuela, Brasil, etc\u2026<\/p>\n\n\n\n<p>Estos Candidatos y candidatas <strong>desde el exterior animan a la participaci\u00f3n de todes, sin importar la magnitud de su Pa\u00eds, el exterior tiene voz para decidir en Europa desde cualquier continente.<\/strong><\/p>\n\n\n\n<p>Podemos, <strong>con Irene Montero , Arianna Paola Guardiola, Miguel Anguel Ferris y Salvador Espada en esta lista de candidatos, refleja su apuesta en las elecciones europeas<\/strong> por abordar cuestiones de car\u00e1cter global, procurando establecer un v\u00ednculo entre las pol\u00edticas del exterior de pa\u00edses progresistas y el parlamento europeo.<\/p>\n","protected":false},"excerpt":{"rendered":"<p>Redacci\u00f3n Revista TU VOZ , Nicolas Martin, Argentina. Podemos desde el exterior se suma a la lista de candidatos y candidatas, que acompa\u00f1an a &#8230; <\/p>\n<p class=\"read-more-container\"><a title=\"Irene Montero Lidera la Lista de Podemos, con  Arianna Paola Guardiola, Miguel \u00c1ngel Ferris, Salvador Espada, candidates en el Exterior.\" class=\"read-more button\" href=\"https:\/\/xn--tuvozdiasporaespaola-k7b.com\/page\/2\/irene-montero-lidera-la-lista-de-podemos-con-arianna-paola-guardiola-miguel-angel-ferris-salvador-espada-candidates-en-el-exterior\/#more-5590\" aria-label=\"M\u00e1s en Irene Montero Lidera la Lista de Podemos, con  Arianna Paola Guardiola, Miguel \u00c1ngel Ferris, Salvador Espada, candidates en el Exterior.\">Leer m\u00e1s<\/a><\/p>\n","protected":false},"author":222560522,"featured_media":5597,"comment_status":"open","ping_status":"open","sticky":false,"template":"","format":"standard","meta":{"footnotes":""},"categories":[121853],"tags":[],"class_list":["post-5590","post","type-post","status-publish","format-standard","has-post-thumbnail","hentry","category-elecciones","resize-featured-image"],"_links":{"self":[{"href":"https:\/\/xn--tuvozdiasporaespaola-k7b.com\/page\/2\/wp-json\/wp\/v2\/posts\/5590","targetHints":{"allow":["GET"]}}],"collection":[{"href":"https:\/\/xn--tuvozdiasporaespaola-k7b.com\/page\/2\/wp-json\/wp\/v2\/posts"}],"about":[{"href":"https:\/\/xn--tuvozdiasporaespaola-k7b.com\/page\/2\/wp-json\/wp\/v2\/types\/post"}],"author":[{"embeddable":true,"href":"https:\/\/xn--tuvozdiasporaespaola-k7b.com\/page\/2\/wp-json\/wp\/v2\/users\/222560522"}],"replies":[{"embeddable":true,"href":"https:\/\/xn--tuvozdiasporaespaola-k7b.com\/page\/2\/wp-json\/wp\/v2\/comments?post=5590"}],"version-history":[{"count":2,"href":"https:\/\/xn--tuvozdiasporaespaola-k7b.com\/page\/2\/wp-json\/wp\/v2\/posts\/5590\/revisions"}],"predecessor-version":[{"id":5598,"href":"https:\/\/xn--tuvozdiasporaespaola-k7b.com\/page\/2\/wp-json\/wp\/v2\/posts\/5590\/revisions\/5598"}],"wp:featuredmedia":[{"embeddable":true,"href":"https:\/\/xn--tuvozdiasporaespaola-k7b.com\/page\/2\/wp-json\/wp\/v2\/media\/5597"}],"wp:attachment":[{"href":"https:\/\/xn--tuvozdiasporaespaola-k7b.com\/page\/2\/wp-json\/wp\/v2\/media?parent=5590"}],"wp:term":[{"taxonomy":"category","embeddable":true,"href":"https:\/\/xn--tuvozdiasporaespaola-k7b.com\/page\/2\/wp-json\/wp\/v2\/categories?post=5590"},{"taxonomy":"post_tag","embeddable":true,"href":"https:\/\/xn--tuvozdiasporaespaola-k7b.com\/page\/2\/wp-json\/wp\/v2\/tags?post=5590"}],"curies":[{"name":"wp","href":"https:\/\/api.w.org\/{rel}","templated":true}]}}