{"id":5560,"date":"2024-05-10T12:46:11","date_gmt":"2024-05-10T15:46:11","guid":{"rendered":"https:\/\/xn--tuvozdiasporaespaola-k7b.com\/page\/2\/?p=5560"},"modified":"2024-05-10T12:54:07","modified_gmt":"2024-05-10T15:54:07","slug":"acceso-a-la-nacionalidad-el-consulado-de-espana-de-rosario-informa-proximas-misiones-para-todas-estas-localidades","status":"publish","type":"post","link":"https:\/\/xn--tuvozdiasporaespaola-k7b.com\/page\/2\/acceso-a-la-nacionalidad-el-consulado-de-espana-de-rosario-informa-proximas-misiones-para-todas-estas-localidades\/","title":{"rendered":"Acceso a la nacionalidad,\u00a0 el Consulado de Espa\u00f1a\u00a0 de ROSARIO informa pr\u00f3ximas misiones para todas estas localidades."},"content":{"rendered":"\n<p>Por Jes\u00fas Rivero, Redacci\u00f3n Revista TU VOZ,  Rosario,  Argentina <\/p>\n\n\n\n<p><em>Si est\u00e1s en b\u00fasqueda de obtener tu ciudadan\u00eda espa\u00f1ola en el marco de la Ley de Memoria Democr\u00e1tica, mejor conocida como Ley de Nietos, tu mejor oportunidad para completar el tr\u00e1mite puede ser en una de las pr\u00f3ximas misiones consulares que se har\u00e1n en diferentes localidades para habitantes de distintas provincias. Todos los detalles, en este art\u00edculo.&nbsp;<\/em><\/p>\n\n\n\n<p>Desde que en octubre de 2022 sali\u00f3 la <strong>Ley de Memoria Democr\u00e1tica (LMD), mejor conocida como <\/strong> Ley de Nacionalidad en el exterior incentivada en Espa\u00f1a por el grupo pol\u00edtico PODEMOS&nbsp; , que ahora se presenta a las elecciones Europeas de la mano de IRENE MONTERO ex ministra en ese gobierno progresista, miles de descendientes de espa\u00f1oles en todo el mundo iniciaron los tr\u00e1mites para conseguir la<strong> ciudadan\u00eda espa\u00f1ola<\/strong>, una que, antes de la normativa, muy pocos pod\u00edan obtener.&nbsp;<\/p>\n\n\n\n<figure class=\"wp-block-gallery has-nested-images columns-default is-cropped wp-block-gallery-1 is-layout-flex wp-block-gallery-is-layout-flex\">\n<figure class=\"wp-block-image size-full\"><img fetchpriority=\"high\" decoding=\"async\" width=\"954\" height=\"524\" data-id=\"5563\" src=\"https:\/\/xn--tuvozdiasporaespaola-k7b.com\/wp-content\/uploads\/2024\/05\/memoria-democratica-1050x525-1.jpg\" alt=\"\" class=\"wp-image-5563\" srcset=\"https:\/\/xn--tuvozdiasporaespaola-k7b.com\/wp-content\/uploads\/2024\/05\/memoria-democratica-1050x525-1.jpg 954w, https:\/\/xn--tuvozdiasporaespaola-k7b.com\/wp-content\/uploads\/2024\/05\/memoria-democratica-1050x525-1-300x165.jpg 300w, https:\/\/xn--tuvozdiasporaespaola-k7b.com\/wp-content\/uploads\/2024\/05\/memoria-democratica-1050x525-1-768x422.jpg 768w\" sizes=\"(max-width: 954px) 100vw, 954px\" \/><figcaption class=\"wp-element-caption\">Itene Montero , candidata en Europa por PODEMOS y exministra del gobierno de Espa\u00f1a que aprob\u00f3 la Ley de Nacionalidad <\/figcaption><\/figure>\n<\/figure>\n\n\n\n<p>Otra de las cuestiones importante que hay que transmitir \u201ctranquilidad a la gente\u201d: \u201cSe prorroga hasta octubre del 2025. Todav\u00eda hay tiempo y es una tranquilidad para los y las descendientes de Espa\u00f1oles\u201d.&nbsp; La diputada de PODEMOS MARTINA VELARDE quien solicit\u00f3 la pr\u00f3rroga en el congreso y posteriormente el gobierno de Espa\u00f1a confirm\u00f3 esta solicitud en el Congreso de Diputados de Espa\u00f1a, llam\u00f3 a la calma tras&nbsp; esta confirmaci\u00f3n que hace justicia en el exterior.<\/p>\n\n\n\n<p> Esto da m\u00e1s tiempo junto a las ampliaciones de personal, y ordenadamente se va a poder dar respuesta a todos los solicitantes aunque los tiempos&nbsp; para las resoluciones sean largos, desde RED de&nbsp; PODEMOS AM\u00c9RICA&nbsp; se abri\u00f3 una asesor\u00eda sobre estos temas y se contin\u00faa&nbsp; trabajando&nbsp; en&nbsp; llevar propuestas , para que&nbsp; el ministerio y la direcci\u00f3n general de asuntos consulares contin\u00fae mejorando y los tr\u00e1mites en resoluciones del ministerio de Justicia no sea tan lento.<\/p>\n\n\n\n<p>En tanto, Espa\u00f1a y los consulados hicieron inversiones para mejorar su servicio. Ahora, el Consulado de Espa\u00f1a en Rosario, Argentina, anunci\u00f3 cu\u00e1les son sus misiones consulares a otras localidades previstas para este 2024.&nbsp;<\/p>\n\n\n\n<p>En <strong>&nbsp;TU VOZ <\/strong>&nbsp;te contamos todos los detalles para que no te pierdas la oportunidad de obtener tu turno y completar tu tr\u00e1mite de nacionalizaci\u00f3n en uno de estos eventos.&nbsp;<\/p>\n\n\n\n<p>El Consulado de Espa\u00f1a en Rosario, Argentina, anunci\u00f3 cu\u00e1les son<strong> sus pr\u00f3ximas misiones consulares para este 2024<\/strong>. Al menos, las \u201cprevistas\u201d, es decir, que a\u00fan podr\u00edan sumarse m\u00e1s.&nbsp;<\/p>\n\n\n\n<figure class=\"wp-block-gallery has-nested-images columns-default is-cropped wp-block-gallery-2 is-layout-flex wp-block-gallery-is-layout-flex\">\n<figure class=\"wp-block-image size-large\"><img decoding=\"async\" width=\"1024\" height=\"1024\" data-id=\"5564\" src=\"https:\/\/xn--tuvozdiasporaespaola-k7b.com\/wp-content\/uploads\/2024\/05\/IMG_20240510_121655_547-1024x1024.jpg\" alt=\"\" class=\"wp-image-5564\" srcset=\"https:\/\/xn--tuvozdiasporaespaola-k7b.com\/wp-content\/uploads\/2024\/05\/IMG_20240510_121655_547-1024x1024.jpg 1024w, https:\/\/xn--tuvozdiasporaespaola-k7b.com\/wp-content\/uploads\/2024\/05\/IMG_20240510_121655_547-300x300.jpg 300w, https:\/\/xn--tuvozdiasporaespaola-k7b.com\/wp-content\/uploads\/2024\/05\/IMG_20240510_121655_547-150x150.jpg 150w, https:\/\/xn--tuvozdiasporaespaola-k7b.com\/wp-content\/uploads\/2024\/05\/IMG_20240510_121655_547-768x768.jpg 768w, https:\/\/xn--tuvozdiasporaespaola-k7b.com\/wp-content\/uploads\/2024\/05\/IMG_20240510_121655_547.jpg 1080w\" sizes=\"(max-width: 1024px) 100vw, 1024px\" \/><\/figure>\n<\/figure>\n\n\n\n<p>Si bien no todas tienen fecha definida (y para sacar turno es necesario que el Consulado diga cu\u00e1ndo ser\u00e1n concretamente y a partir de cu\u00e1ndo pedir las citas), es importante que, <strong>si entr\u00e1s dentro de la jurisdicci\u00f3n de esa sede, las tengas en cuenta, porque agilizan el tr\u00e1mite<\/strong> al no centralizar todo en la ciudad de Rosario, ya que muchos de sus solicitantes viven lejos de esta localidad.&nbsp;<\/p>\n\n\n\n<p>Las pr\u00f3ximas misiones del Consulado de Rosario son:&nbsp;<\/p>\n\n\n\n<ul class=\"wp-block-list\">\n<li><a href=\"https:\/\/www.exteriores.gob.es\/Consulados\/rosario\/es\/Comunicacion\/Noticias\/Paginas\/Articulos\/Misi%C3%B3n-Consular-a-la-ciudad-de-Santa-Fe.aspx\">Santa Fe Capital<\/a> (exclusivamente para residentes en las provincias de Santa Fe y Entre R\u00edos): 27 y 28 de junio. La inscripci\u00f3n se cerr\u00f3 el 4 de mayo.&nbsp;<\/li>\n\n\n\n<li><strong>A la ciudad de Posadas<\/strong> (exclusivamente para residentes en las provincias de Misiones y Formosa): ser\u00e1 en agosto\/septiembre. Fecha a confirmar.&nbsp;<\/li>\n\n\n\n<li><strong>Corrientes Capital<\/strong> (exclusivamente para residentes en las provincias de Corrientes y Chaco): ser\u00e1 en octubre\/noviembre. Fecha a confirmar.<\/li>\n<\/ul>\n\n\n\n<h4 class=\"wp-block-heading\">Qu\u00e9 tener en cuenta para las misiones consulares del Consulado de Espa\u00f1a en Rosario<\/h4>\n\n\n\n<p>Una vez que se define la fecha de cada misi\u00f3n, en qu\u00e9 lugar concreto de cada ciudad se har\u00e1n, qui\u00e9nes pueden acceder (seg\u00fan sean de una provincia u otra), se define tambi\u00e9n en qu\u00e9 fechas y por qu\u00e9 medios los solicitantes pueden pedir un turno.&nbsp;<\/p>\n\n\n\n<p>As\u00ed, <strong>el Consulado de Rosario advierte: \u201cNo se podr\u00e1 solicitar turno para ser atendido en las misiones consulares hasta que se anuncie oportunamente la fecha en que tendr\u00e1n lugar<\/strong> (no enviar ning\u00fan correo al consulado)<\/p>\n\n\n\n<p>En tanto, informa que m\u00e1s detalles de las pr\u00f3ximas misiones se ir\u00e1n publicando en su p\u00e1gina web oficial y sus perfiles oficiales en redes, a medida que se vayan definiendo.&nbsp;<\/p>\n\n\n\n<h4 class=\"wp-block-heading\">\u00bfQu\u00e9 provincias abarca el Consulado de Espa\u00f1a en Rosario?<\/h4>\n\n\n\n<p>El territorio que abarca la circunscripci\u00f3n del Consulado General de Espa\u00f1a en Rosario se corresponde con el llamado Litoral Oriental argentino.<\/p>\n\n\n\n<p>Es decir, la demarcaci\u00f3n comprende las provincias de <strong>Santa Fe, Entre R\u00edos, Corrientes, Chaco, Formosa y Misiones<\/strong> con una extensi\u00f3n territorial de m\u00e1s de 500.000 kil\u00f3metros cuadrados.&nbsp;<\/p>\n\n\n\n<figure class=\"wp-block-gallery has-nested-images columns-default is-cropped wp-block-gallery-3 is-layout-flex wp-block-gallery-is-layout-flex\">\n<figure class=\"wp-block-image size-large\"><img decoding=\"async\" width=\"1024\" height=\"1024\" data-id=\"5565\" src=\"https:\/\/xn--tuvozdiasporaespaola-k7b.com\/wp-content\/uploads\/2024\/05\/Post-para-Instagram-Frases-Motivadoras-Acuarela-Azul_20240510_123426_0000-1024x1024.png\" alt=\"\" class=\"wp-image-5565\" srcset=\"https:\/\/xn--tuvozdiasporaespaola-k7b.com\/wp-content\/uploads\/2024\/05\/Post-para-Instagram-Frases-Motivadoras-Acuarela-Azul_20240510_123426_0000-1024x1024.png 1024w, https:\/\/xn--tuvozdiasporaespaola-k7b.com\/wp-content\/uploads\/2024\/05\/Post-para-Instagram-Frases-Motivadoras-Acuarela-Azul_20240510_123426_0000-300x300.png 300w, https:\/\/xn--tuvozdiasporaespaola-k7b.com\/wp-content\/uploads\/2024\/05\/Post-para-Instagram-Frases-Motivadoras-Acuarela-Azul_20240510_123426_0000-150x150.png 150w, https:\/\/xn--tuvozdiasporaespaola-k7b.com\/wp-content\/uploads\/2024\/05\/Post-para-Instagram-Frases-Motivadoras-Acuarela-Azul_20240510_123426_0000-768x768.png 768w, https:\/\/xn--tuvozdiasporaespaola-k7b.com\/wp-content\/uploads\/2024\/05\/Post-para-Instagram-Frases-Motivadoras-Acuarela-Azul_20240510_123426_0000.png 1080w\" sizes=\"(max-width: 1024px) 100vw, 1024px\" \/><\/figure>\n<\/figure>\n\n\n\n<p>Por otro lado, si est\u00e1s interesado en saber m\u00e1s sobre la Ley de MemoriaDemocr\u00e1tica,  o Nacionalidad, la obtenci\u00f3n de la ciudadan\u00eda espa\u00f1ola, el pasaporte espa\u00f1ol; o bien quer\u00e9s estar al tanto de novedades sobre las posibilidades para trabajar en Espa\u00f1a o obtener la naciknal8dad directamente en Espa\u00f1a de firma mas rapida te recomendamos visitar\u00a0 enviar un correo: <a href=\"about:blank\">asesor\u00eda.podemos.latinoamerica@gmail.com<\/a> ;\u00a0 o escuchar nuestras secci\u00f3n del CRE todos los mi\u00e9rcoles\u00a0 en dial 830 AM Argentina ;\u00a0 Canal YouTube: <a href=\"https:\/\/www.youtube.com\/@amradiodelpueblo\/streams\">https:\/\/www.youtube.com\/@amradiodelpueblo\/streams<\/a>\u00a0 o en la Web: <a href=\"https:\/\/radiodelpueblo.com.ar\/\">https:\/\/radiodelpueblo.com.ar\/<\/a><\/p>\n","protected":false},"excerpt":{"rendered":"<p>Por Jes\u00fas Rivero, Redacci\u00f3n Revista TU VOZ, Rosario, Argentina Si est\u00e1s en b\u00fasqueda de obtener tu ciudadan\u00eda espa\u00f1ola en el marco de la Ley &#8230; <\/p>\n<p class=\"read-more-container\"><a title=\"Acceso a la nacionalidad,\u00a0 el Consulado de Espa\u00f1a\u00a0 de ROSARIO informa pr\u00f3ximas misiones para todas estas localidades.\" class=\"read-more button\" href=\"https:\/\/xn--tuvozdiasporaespaola-k7b.com\/page\/2\/acceso-a-la-nacionalidad-el-consulado-de-espana-de-rosario-informa-proximas-misiones-para-todas-estas-localidades\/#more-5560\" aria-label=\"M\u00e1s en Acceso a la nacionalidad,\u00a0 el Consulado de Espa\u00f1a\u00a0 de ROSARIO informa pr\u00f3ximas misiones para todas estas localidades.\">Leer m\u00e1s<\/a><\/p>\n","protected":false},"author":222560522,"featured_media":5566,"comment_status":"open","ping_status":"open","sticky":false,"template":"","format":"standard","meta":{"footnotes":""},"categories":[121854],"tags":[],"class_list":["post-5560","post","type-post","status-publish","format-standard","has-post-thumbnail","hentry","category-consejo-de-residentes-espanoles","resize-featured-image"],"_links":{"self":[{"href":"https:\/\/xn--tuvozdiasporaespaola-k7b.com\/page\/2\/wp-json\/wp\/v2\/posts\/5560","targetHints":{"allow":["GET"]}}],"collection":[{"href":"https:\/\/xn--tuvozdiasporaespaola-k7b.com\/page\/2\/wp-json\/wp\/v2\/posts"}],"about":[{"href":"https:\/\/xn--tuvozdiasporaespaola-k7b.com\/page\/2\/wp-json\/wp\/v2\/types\/post"}],"author":[{"embeddable":true,"href":"https:\/\/xn--tuvozdiasporaespaola-k7b.com\/page\/2\/wp-json\/wp\/v2\/users\/222560522"}],"replies":[{"embeddable":true,"href":"https:\/\/xn--tuvozdiasporaespaola-k7b.com\/page\/2\/wp-json\/wp\/v2\/comments?post=5560"}],"version-history":[{"count":4,"href":"https:\/\/xn--tuvozdiasporaespaola-k7b.com\/page\/2\/wp-json\/wp\/v2\/posts\/5560\/revisions"}],"predecessor-version":[{"id":5570,"href":"https:\/\/xn--tuvozdiasporaespaola-k7b.com\/page\/2\/wp-json\/wp\/v2\/posts\/5560\/revisions\/5570"}],"wp:featuredmedia":[{"embeddable":true,"href":"https:\/\/xn--tuvozdiasporaespaola-k7b.com\/page\/2\/wp-json\/wp\/v2\/media\/5566"}],"wp:attachment":[{"href":"https:\/\/xn--tuvozdiasporaespaola-k7b.com\/page\/2\/wp-json\/wp\/v2\/media?parent=5560"}],"wp:term":[{"taxonomy":"category","embeddable":true,"href":"https:\/\/xn--tuvozdiasporaespaola-k7b.com\/page\/2\/wp-json\/wp\/v2\/categories?post=5560"},{"taxonomy":"post_tag","embeddable":true,"href":"https:\/\/xn--tuvozdiasporaespaola-k7b.com\/page\/2\/wp-json\/wp\/v2\/tags?post=5560"}],"curies":[{"name":"wp","href":"https:\/\/api.w.org\/{rel}","templated":true}]}}