{"id":555,"date":"2022-11-05T08:46:44","date_gmt":"2022-11-05T11:46:44","guid":{"rendered":"https:\/\/xn--tuvozdiasporaespaola-k7b.com\/?p=555"},"modified":"2022-11-05T08:46:55","modified_gmt":"2022-11-05T11:46:55","slug":"ahora-hay-que-hacer-frente-al-hambre-y-a-la-pobreza","status":"publish","type":"post","link":"https:\/\/xn--tuvozdiasporaespaola-k7b.com\/page\/2\/ahora-hay-que-hacer-frente-al-hambre-y-a-la-pobreza\/","title":{"rendered":"\u201cAHORA HAY QUE HACER FRENTE AL HAMBRE Y A LA POBREZA\u201d"},"content":{"rendered":"\n<p> Luciana Mandelli es feminista, historiadora y activista del PT, Luciana Mandelli vive desde hace nueve a\u00f1os en Bah\u00eda, donde forma parte de la Direcci\u00f3n de Estado y del Colectivo de Mujeres del partido.&nbsp;Designada por la Direcci\u00f3n Nacional del PT para integrar el actual directorio de la Fundaci\u00f3n Perseu Abramo (FPA), particip\u00f3 en la construcci\u00f3n del Proyecto Joven Instituto Cidadania, particip\u00f3 del movimiento estudiantil y de campa\u00f1as electorales.<\/p>\n\n\n\n<figure class=\"wp-block-image size-large\"><img fetchpriority=\"high\" decoding=\"async\" width=\"954\" height=\"725\" src=\"http:\/\/xn--tuvozdiasporaespaola-k7b.com\/wp-content\/uploads\/2022\/11\/screenshot_20221105-122935_chrome5905736260345024743.jpg?w=954\" alt=\"\" class=\"wp-image-556\" srcset=\"https:\/\/xn--tuvozdiasporaespaola-k7b.com\/wp-content\/uploads\/2022\/11\/screenshot_20221105-122935_chrome5905736260345024743.jpg 954w, https:\/\/xn--tuvozdiasporaespaola-k7b.com\/wp-content\/uploads\/2022\/11\/screenshot_20221105-122935_chrome5905736260345024743-300x228.jpg 300w, https:\/\/xn--tuvozdiasporaespaola-k7b.com\/wp-content\/uploads\/2022\/11\/screenshot_20221105-122935_chrome5905736260345024743-768x584.jpg 768w\" sizes=\"(max-width: 954px) 100vw, 954px\" \/><\/figure>\n\n\n\n<p>El silencio de Bolsonaro tras la derrota en las recientes elecciones presidenciales ha despertado la atenci\u00f3n de los principales medios de comunicaci\u00f3n del mundo, en especial de aquellos que durante la campa\u00f1a electoral advirtieron que el ultraderechista no reconocer\u00eda el triunfo de Lula da Silva.&nbsp;<\/p>\n\n\n\n<p>Luciana Mandelli, feminista e historiadora brasile\u00f1a, part\u00edcipe militante y secretaria de pol\u00edticas para las mujeres, tiene una opini\u00f3n formada a este respecto. Entrevistada por Roberto San Mart\u00edn, para el programa \u201cCenizas de Babilonia. Di\u00e1spora Espa\u00f1ola\u201d, que emite Radio Argentina (AM570), Mandelli sostuvo que el silencio de Bolsonaro se ha roto tras el \u00ednfimo anuncio de poco m\u00e1s de un minuto. \u201c<em>No fue una declaraci\u00f3n amistosa, sin embargo design\u00f3 al Ministro de la Funci\u00f3n P\u00fablica para informar que espera las negociaciones para la comenzar la transici\u00f3n. Inform\u00f3 que no est\u00e1 de acuerdo con las manifestaciones que su electorado ha promovido en Brasil, bloqueando las carreteras; pero tambi\u00e9n reforz\u00f3 el discurso en el que reafirm\u00f3 que seguir\u00e1n actuando en las relaciones internacionales y en la organizaci\u00f3n de la transici\u00f3n con atenci\u00f3n a posibles movimientos golpistas\u201d.<\/em> La justicia electoral ya declar\u00f3 oficialmente la victoria de Lula da Silva. Su nueva etapa, la tercera en la presidencia del Brasil, se iniciar\u00e1 a partir del 1 de enero de 2023.<\/p>\n\n\n\n<figure class=\"wp-block-image size-large\"><img decoding=\"async\" width=\"550\" height=\"550\" src=\"http:\/\/xn--tuvozdiasporaespaola-k7b.com\/wp-content\/uploads\/2022\/11\/46212225_2014109578675407_3133595735296049152_n-550x5507340060815636676997-1.jpg?w=550\" alt=\"\" class=\"wp-image-557\" srcset=\"https:\/\/xn--tuvozdiasporaespaola-k7b.com\/wp-content\/uploads\/2022\/11\/46212225_2014109578675407_3133595735296049152_n-550x5507340060815636676997-1.jpg 550w, https:\/\/xn--tuvozdiasporaespaola-k7b.com\/wp-content\/uploads\/2022\/11\/46212225_2014109578675407_3133595735296049152_n-550x5507340060815636676997-1-300x300.jpg 300w, https:\/\/xn--tuvozdiasporaespaola-k7b.com\/wp-content\/uploads\/2022\/11\/46212225_2014109578675407_3133595735296049152_n-550x5507340060815636676997-1-150x150.jpg 150w\" sizes=\"(max-width: 550px) 100vw, 550px\" \/><\/figure>\n\n\n\n<p><strong>Durante los comicios del pasado domingo se registraron algunos problemas para poder votar. \u00bfCu\u00e1les fueron las fuerzas que provocaron estos inconvenientes?<\/strong><\/p>\n\n\n\n<p>La polic\u00eda federal de las carreteras. Ac\u00e1 en Brasil tenemos una fuerza policial espec\u00edfica para cuidar de las carreteras federales. Esta fuerza imped\u00eda que parte de los electores que se transportaban en autobuses para votar, pero tambi\u00e9n impidieron que pudieran avanzar autos particulares, que eran detenidos. La polic\u00eda indicaba que deb\u00edan votar a Bolsonaro y cuestionaban hacia d\u00f3nde iban o de d\u00f3nde ven\u00edan. Esto termin\u00f3 produciendo que muchas personas no fuesen a votar, que se volviesen a sus casas y con miedo. Esta fue la principal pol\u00edtica, no solo el domingo; hubo otras muchas cosas as\u00ed a lo largo de la semana antes de las elecciones.<\/p>\n\n\n\n<p><strong>Brasil est\u00e1 dividida en dos facciones. \u00bfQu\u00e9 puede acontecer desde ahora hasta la asunci\u00f3n de Lula?<\/strong><\/p>\n\n\n\n<p>Pueden pasar muchas cosas. Pero apostaremos a que las instituciones p\u00fablicas garanticen las condiciones de nuestro gobierno. Y estamos alertas con los movimientos sociales; nos juntamos, montamos vigilias. Nosotros creemos que no hay fuerza entre los electores de Bolsonaro ni tampoco una organizaci\u00f3n que garantice alg\u00fan tipo de intervenci\u00f3n violenta m\u00e1s contundente. Pero en Brasil todo es posible, por lo tanto estaremos atentos para poder tomar posesi\u00f3n el 1 de enero.<\/p>\n\n\n\n<figure class=\"wp-block-image size-large\"><img decoding=\"async\" width=\"1200\" height=\"754\" src=\"http:\/\/xn--tuvozdiasporaespaola-k7b.com\/wp-content\/uploads\/2022\/11\/lula-arce2007325240829696398.jpg?w=1024\" alt=\"\" class=\"wp-image-558\" srcset=\"https:\/\/xn--tuvozdiasporaespaola-k7b.com\/wp-content\/uploads\/2022\/11\/lula-arce2007325240829696398.jpg 1200w, https:\/\/xn--tuvozdiasporaespaola-k7b.com\/wp-content\/uploads\/2022\/11\/lula-arce2007325240829696398-300x189.jpg 300w, https:\/\/xn--tuvozdiasporaespaola-k7b.com\/wp-content\/uploads\/2022\/11\/lula-arce2007325240829696398-1024x643.jpg 1024w, https:\/\/xn--tuvozdiasporaespaola-k7b.com\/wp-content\/uploads\/2022\/11\/lula-arce2007325240829696398-768x483.jpg 768w\" sizes=\"(max-width: 1200px) 100vw, 1200px\" \/><figcaption class=\"wp-element-caption\">Presidente ARCE de Bolivia junto a LULA<\/figcaption><\/figure>\n\n\n\n<p><strong>\u00bfCu\u00e1l es el primer mensaje de Lula a los brasile\u00f1os acerca de los resultados electorales?<\/strong><\/p>\n\n\n\n<p>Es un mensaje de unidad y paz; de mucho trabajo que se ha iniciado en la primera hora incluso en las relaciones internacionales, buscando el camino para enfrentar el hambre y la pobreza, unificar nuestro pa\u00eds y Am\u00e9rica Latina para este nuevo escenario del mundo multipolar. Lula apuesta a la posibilidad de la unidad internacional para construir tambi\u00e9n la paz, la b\u00fasqueda del enfrentamiento de la miseria y la pobreza, el hambre; cosas muy importantes en este momento. El primer mensaje de Lula para el pueblo brasilero es de esperanza, unidad y paz.<\/p>\n\n\n\n<figure class=\"wp-block-image size-large\"><img loading=\"lazy\" decoding=\"async\" width=\"777\" height=\"596\" src=\"http:\/\/xn--tuvozdiasporaespaola-k7b.com\/wp-content\/uploads\/2022\/11\/screenshot_20221105-122752_chrome6114569657751258909.jpg?w=777\" alt=\"\" class=\"wp-image-559\" srcset=\"https:\/\/xn--tuvozdiasporaespaola-k7b.com\/wp-content\/uploads\/2022\/11\/screenshot_20221105-122752_chrome6114569657751258909.jpg 777w, https:\/\/xn--tuvozdiasporaespaola-k7b.com\/wp-content\/uploads\/2022\/11\/screenshot_20221105-122752_chrome6114569657751258909-300x230.jpg 300w, https:\/\/xn--tuvozdiasporaespaola-k7b.com\/wp-content\/uploads\/2022\/11\/screenshot_20221105-122752_chrome6114569657751258909-768x589.jpg 768w\" sizes=\"(max-width: 777px) 100vw, 777px\" \/><figcaption class=\"wp-element-caption\">Luciana Mandelli <\/figcaption><\/figure>\n\n\n\n<p><strong>En Europa de habla de posibles enfrentamientos entre ambas partes antes de la asunci\u00f3n de Lula. \u00bfPuede suceder esto en Brasil?<\/strong><\/p>\n\n\n\n<p>Habr\u00e1 mucho choque de ideas, no s\u00e9 si enfrentamiento f\u00edsico de personas. Bolsonaro har\u00e1 una oposici\u00f3n dura; pero haremos un gobierno que reconstruya lo que \u00e9l destruy\u00f3. Por las condiciones de estas elecciones tenemos muchas disputas. Tenemos cuatro a\u00f1os de disputas cotidianas, pero yo no creo, o mejor dicho, de nuestra parte no habr\u00e1 organizaci\u00f3n pol\u00edtica armada, de lucha, no es nuestra tradici\u00f3n pol\u00edtica. No hay fuerzas pol\u00edticas en este momento para esto, para enfrentamientos concretos.<\/p>\n\n\n\n<figure class=\"wp-block-image size-large\"><img loading=\"lazy\" decoding=\"async\" width=\"420\" height=\"290\" src=\"http:\/\/xn--tuvozdiasporaespaola-k7b.com\/wp-content\/uploads\/2022\/11\/fotonoticia_20221031000317_4201005236356536350704.jpg?w=420\" alt=\"\" class=\"wp-image-560\" srcset=\"https:\/\/xn--tuvozdiasporaespaola-k7b.com\/wp-content\/uploads\/2022\/11\/fotonoticia_20221031000317_4201005236356536350704.jpg 420w, https:\/\/xn--tuvozdiasporaespaola-k7b.com\/wp-content\/uploads\/2022\/11\/fotonoticia_20221031000317_4201005236356536350704-300x207.jpg 300w\" sizes=\"(max-width: 420px) 100vw, 420px\" \/><figcaption class=\"wp-element-caption\">Yolanda Diaz  junto a Lula. <\/figcaption><\/figure>\n\n\n\n<p><strong>Dada la capacidad pol\u00edtica de Lula\u2026 \u00bft\u00fa crees que es posible que su programa sea m\u00e1s moderado por el propio resultado electoral?<\/strong><\/p>\n\n\n\n<p>No s\u00e9 a qu\u00e9 te refieres exactamente como m\u00e1s moderado, pero en relaci\u00f3n al gobierno de Bolsonaro tenemos un gobierno extremamente progresista, de construcci\u00f3n de la democracia, de desarrollo de programas sociales. Yo pienso que el gobierno de Lula ser\u00e1 de coalici\u00f3n, de centro-izquierda. Y pienso que las condiciones econ\u00f3micas actuales son solo para progresistas, no hay manera de que sea moderado. Tenemos la garant\u00eda de gobernabilidad, vivimos en un sistema de presidencialismo de coalici\u00f3n, no tenemos mayor\u00eda en la C\u00e1mara de Diputados en este momento. Por lo tanto habr\u00e1 una serie de proyecciones que si, probablemente hagan que tengamos un gobierno m\u00e1s moderado que el programa del Partido de los Trabajadores, pero mucho m\u00e1s progresista de lo que hay en el gobierno en este momento.&nbsp;<\/p>\n\n\n\n<p>Walter Medina , Argentina . Equipo de Redacci\u00f3n de Revista TU VOZ. &nbsp;&nbsp;<\/p>\n","protected":false},"excerpt":{"rendered":"<p>Luciana Mandelli es feminista, historiadora y activista del PT, Luciana Mandelli vive desde hace nueve a\u00f1os en Bah\u00eda, donde forma parte de la Direcci\u00f3n &#8230; <\/p>\n<p class=\"read-more-container\"><a title=\"\u201cAHORA HAY QUE HACER FRENTE AL HAMBRE Y A LA POBREZA\u201d\" class=\"read-more button\" href=\"https:\/\/xn--tuvozdiasporaespaola-k7b.com\/page\/2\/ahora-hay-que-hacer-frente-al-hambre-y-a-la-pobreza\/#more-555\" aria-label=\"M\u00e1s en \u201cAHORA HAY QUE HACER FRENTE AL HAMBRE Y A LA POBREZA\u201d\">Leer m\u00e1s<\/a><\/p>\n","protected":false},"author":222560522,"featured_media":0,"comment_status":"open","ping_status":"open","sticky":false,"template":"","format":"standard","meta":{"footnotes":""},"categories":[1771],"tags":[],"class_list":["post-555","post","type-post","status-publish","format-standard","hentry","category-sociales"],"_links":{"self":[{"href":"https:\/\/xn--tuvozdiasporaespaola-k7b.com\/page\/2\/wp-json\/wp\/v2\/posts\/555","targetHints":{"allow":["GET"]}}],"collection":[{"href":"https:\/\/xn--tuvozdiasporaespaola-k7b.com\/page\/2\/wp-json\/wp\/v2\/posts"}],"about":[{"href":"https:\/\/xn--tuvozdiasporaespaola-k7b.com\/page\/2\/wp-json\/wp\/v2\/types\/post"}],"author":[{"embeddable":true,"href":"https:\/\/xn--tuvozdiasporaespaola-k7b.com\/page\/2\/wp-json\/wp\/v2\/users\/222560522"}],"replies":[{"embeddable":true,"href":"https:\/\/xn--tuvozdiasporaespaola-k7b.com\/page\/2\/wp-json\/wp\/v2\/comments?post=555"}],"version-history":[{"count":0,"href":"https:\/\/xn--tuvozdiasporaespaola-k7b.com\/page\/2\/wp-json\/wp\/v2\/posts\/555\/revisions"}],"wp:attachment":[{"href":"https:\/\/xn--tuvozdiasporaespaola-k7b.com\/page\/2\/wp-json\/wp\/v2\/media?parent=555"}],"wp:term":[{"taxonomy":"category","embeddable":true,"href":"https:\/\/xn--tuvozdiasporaespaola-k7b.com\/page\/2\/wp-json\/wp\/v2\/categories?post=555"},{"taxonomy":"post_tag","embeddable":true,"href":"https:\/\/xn--tuvozdiasporaespaola-k7b.com\/page\/2\/wp-json\/wp\/v2\/tags?post=555"}],"curies":[{"name":"wp","href":"https:\/\/api.w.org\/{rel}","templated":true}]}}