{"id":545,"date":"2022-11-03T10:29:13","date_gmt":"2022-11-03T13:29:13","guid":{"rendered":"https:\/\/xn--tuvozdiasporaespaola-k7b.com\/?p=545"},"modified":"2022-11-03T21:14:50","modified_gmt":"2022-11-04T00:14:50","slug":"hoy-se-salda-una-deuda-con-la-historia-de-la-democracia-en-espana-aunque-aun-falta-mucho","status":"publish","type":"post","link":"https:\/\/xn--tuvozdiasporaespaola-k7b.com\/page\/2\/hoy-se-salda-una-deuda-con-la-historia-de-la-democracia-en-espana-aunque-aun-falta-mucho\/","title":{"rendered":"Hoy se salda una deuda con la historia de la democracia en Espa\u00f1a aunque a\u00fan falta mucho."},"content":{"rendered":"\n<p>Esta exhumaci\u00f3n (junto con otras muchas), se dan gracias a la Ley de Memoria Democr\u00e1tica  aprobada  en estos d\u00edas pasados por el Pacto de Investidura.  Antes Franco ahora Queipo de Llano ser\u00e1n s\u00f3lo el principio de lo que justamente reclama la Ley .<\/p>\n\n\n\n<p>Al respecto  en Podemos Exterior les trasmitimos  una transcripci\u00f3n de algunos integrantes  de lo que esto significa para la mayor\u00eda.<\/p>\n\n\n\n<p><strong>Yago Odriozola integrante de Podemos Exterior <\/strong>desde Hildesheim a 30km al sur de Hannover-Alemania nos manifiesta lo siguiente:<\/p>\n\n\n\n<p><em>Con nocturnidad y secretismo por fin se da un primer paso importante para la dignidad de las familias de los asesinados por este carnicero franquista y tambi\u00e9n un primer gesto para recuperar la dignidad con todos los ciudadanos de Sevilla que ten\u00edamos que soportar el enaltecimiento de la figura de uno de los m\u00e1s sanguinarios represores fascistas, en uno de los centros religiosos m\u00e1s importantes de la ciudad.<\/em><\/p>\n\n\n\n<p><em>Paqui Maqueda, presidenta de la asociaci\u00f3n memorialista \u00abMemoria Nuestra\u00bb estaba a las 2 de la ma\u00f1ana sola pero firme gritando dignidad para las v\u00edctimas del franquismo, frente a los t\u00edmidos aplausos de nost\u00e1lgicas de la guerra, la represi\u00f3n y la dictadura. Esta es a\u00fan nuestra verg\u00fcenza como sociedad, a ver si nos ponemos las pilas.<\/em><\/p>\n\n\n\n<figure class=\"wp-block-image size-large\"><img fetchpriority=\"high\" decoding=\"async\" width=\"1014\" height=\"568\" src=\"http:\/\/xn--tuvozdiasporaespaola-k7b.com\/wp-content\/uploads\/2022\/11\/screenshot_20221103-113328_telegram6323434178519946181.jpg?w=1014\" alt=\"\" class=\"wp-image-540\" srcset=\"https:\/\/xn--tuvozdiasporaespaola-k7b.com\/wp-content\/uploads\/2022\/11\/screenshot_20221103-113328_telegram6323434178519946181.jpg 1014w, https:\/\/xn--tuvozdiasporaespaola-k7b.com\/wp-content\/uploads\/2022\/11\/screenshot_20221103-113328_telegram6323434178519946181-300x168.jpg 300w, https:\/\/xn--tuvozdiasporaespaola-k7b.com\/wp-content\/uploads\/2022\/11\/screenshot_20221103-113328_telegram6323434178519946181-768x430.jpg 768w\" sizes=\"(max-width: 1014px) 100vw, 1014px\" \/><\/figure>\n\n\n\n<p><em>Ni la Hermandad ni ning\u00fan organismo oficial hab\u00eda comunicado que las exhumaciones se iban a llevar a cabo este jueves. De hecho, la bas\u00edlica permaneci\u00f3 abierta al culto con normalidad y a las nueve de la noche (ya cerrada), fue cuando llegaron los operarios y los familiares de Queipo y de Boh\u00f3rquez, adem\u00e1s del forense y de alg\u00fan representante gubernativo.<\/em><\/p>\n\n\n\n<figure class=\"wp-block-pullquote\"><blockquote><p>A Queipo de Llano, enterrado en la Macarena hace 71 a\u00f1os, se le considera responsable del fusilamiento de m\u00e1s de 45.000 personas.<\/p><cite>Yago Odriozola<\/cite><\/blockquote><\/figure>\n\n\n\n<p>Hasta&nbsp; ahora PP y PSOE andaluz mareando la perdiz, melifluo con el Josef Goebbels franquista por un pu\u00f1ado de votos de nost\u00e1lgicos ofendidos:<\/p>\n\n\n\n<p>Sobre el asunto nos comenta:<em> \u00abpesa el acuerdo plenario aprobado por el Ayuntamiento de Sevilla en julio de 2016, con la abstenci\u00f3n de Cs y el voto contrario del PP, reclamando precisamente que el templo de la hermandad de la Macarena deje de acoger dicha tumba, dado el papel del citado militar en los fusilamientos perpetrados en la ciudad tras el golpe de Estado de 1936\u00bb.<\/em><\/p>\n\n\n\n<figure class=\"wp-block-image size-large\"><img decoding=\"async\" width=\"957\" height=\"625\" src=\"http:\/\/xn--tuvozdiasporaespaola-k7b.com\/wp-content\/uploads\/2022\/11\/screenshot_20221103-113433_telegram7805913089800481128.jpg?w=957\" alt=\"\" class=\"wp-image-541\" srcset=\"https:\/\/xn--tuvozdiasporaespaola-k7b.com\/wp-content\/uploads\/2022\/11\/screenshot_20221103-113433_telegram7805913089800481128.jpg 957w, https:\/\/xn--tuvozdiasporaespaola-k7b.com\/wp-content\/uploads\/2022\/11\/screenshot_20221103-113433_telegram7805913089800481128-300x196.jpg 300w, https:\/\/xn--tuvozdiasporaespaola-k7b.com\/wp-content\/uploads\/2022\/11\/screenshot_20221103-113433_telegram7805913089800481128-768x502.jpg 768w\" sizes=\"(max-width: 957px) 100vw, 957px\" \/><\/figure>\n\n\n\n<p><br \/><br \/>Merced a dicho acuerdo plenario, el Consistorio avisaba a la hermandad de la Macarena y a la Archidi\u00f3cesis de Sevilla sobre el contenido de las leyes estatal y auton\u00f3mica de memoria hist\u00f3rica y las obligaciones que de ellas derivan para los particulares y organizaciones privadas.<br \/><br \/><em>\u00abEn la anterior legislatura auton\u00f3mica, el Gobierno andaluz del PP insist\u00eda en que para solucionar el caso de la tumba de Queipo de Llano todav\u00eda ser\u00eda necesario un desarrollo reglamentario de la vigente Ley andaluza de Memoria Hist\u00f3rica y Democr\u00e1tica\u00bb.<\/em><br \/>En paralelo, \u00ab<em>el Gobierno socialista del Ayuntamiento de Sevilla aclaraba que mediaban \u00ab<\/em><em><strong>palpables diferencias<\/strong><\/em><em>\u00bb entre la exhumaci\u00f3n de los restos del dictador Francisco Franco del Valle de los Ca\u00eddos y la demanda de que la bas\u00edlica de la Macarena deje de acoger la tumba de Queipo de Llano, pues el Valle de los Ca\u00eddos es un espacio p\u00fablico y la bas\u00edlica un lugar privado de uso p\u00fablico\u00bb.<\/em><\/p>\n\n\n\n<figure class=\"wp-block-image size-large\"><img decoding=\"async\" width=\"335\" height=\"446\" src=\"http:\/\/xn--tuvozdiasporaespaola-k7b.com\/wp-content\/uploads\/2022\/11\/000043488895047288569708880.jpg?w=335\" alt=\"\" class=\"wp-image-542\" srcset=\"https:\/\/xn--tuvozdiasporaespaola-k7b.com\/wp-content\/uploads\/2022\/11\/000043488895047288569708880.jpg 335w, https:\/\/xn--tuvozdiasporaespaola-k7b.com\/wp-content\/uploads\/2022\/11\/000043488895047288569708880-225x300.jpg 225w\" sizes=\"(max-width: 335px) 100vw, 335px\" \/><\/figure>\n\n\n\n<p>Continua comentando: \u00ab<em>Sin duda hay que elogiar el esfuerzo de Unidas&nbsp; Podemos con el apoyo de PNV&nbsp; EH BIldu, Comprom\u00eds, Mas Pa\u00eds en impulsar una ley de Memoria que acabe con las medias tintas y los titubeos y descarados ninguneos que ven\u00edan d\u00e1ndose desde muchas administraciones algunas gobernadas por el PP y otros grupos de derecha pero tambi\u00e9n por el PSOE, para hacer cumplir el esp\u00edritu de la ley del 2007 de Zapatero\u00bb.&nbsp;<\/em><\/p>\n\n\n\n<p>Igualmente nos recuerda lo siguiente:  \u00ab<em>L\u00edderes hist\u00f3ricos del PSOE como el expresidente del Senado Juan Jos\u00e9 Laborda, Joaqu\u00edn Leguina, el presidente actual de Castilla La Mancha Emiliano Garc\u00eda Page, etc&#8230; firmaron un manifiesto o criticaron en P\u00fablico  esta ley al considerar que <\/em><em><strong>tergiversa\u00bb el \u00abgran pacto constitucional\u00bb de 1978,<\/strong><\/em><em> y el propio expresidente socialista Felipe Gonz\u00e1lez dijo que no le sonaba bien el texto\u00bb.<\/em>&nbsp;<\/p>\n\n\n\n<figure class=\"wp-block-image size-large\"><img loading=\"lazy\" decoding=\"async\" width=\"984\" height=\"608\" src=\"http:\/\/xn--tuvozdiasporaespaola-k7b.com\/wp-content\/uploads\/2022\/11\/berzal1-kdge-u180498140460ctb-984x60840elnorte7410479910321969088..jpg?w=984\" alt=\"\" class=\"wp-image-543\" srcset=\"https:\/\/xn--tuvozdiasporaespaola-k7b.com\/wp-content\/uploads\/2022\/11\/berzal1-kdge-u180498140460ctb-984x60840elnorte7410479910321969088..jpg 984w, https:\/\/xn--tuvozdiasporaespaola-k7b.com\/wp-content\/uploads\/2022\/11\/berzal1-kdge-u180498140460ctb-984x60840elnorte7410479910321969088.-300x185.jpg 300w, https:\/\/xn--tuvozdiasporaespaola-k7b.com\/wp-content\/uploads\/2022\/11\/berzal1-kdge-u180498140460ctb-984x60840elnorte7410479910321969088.-768x475.jpg 768w\" sizes=\"(max-width: 984px) 100vw, 984px\" \/><figcaption class=\"wp-element-caption\">Dos asesinos afectados por la Ley de Memoria Democr\u00e1tica <\/figcaption><\/figure>\n\n\n\n<figure class=\"wp-block-pullquote\"><blockquote><p>Este es uno de los audios m\u00e1s famosos del General s\u00e1dico, extracto de la propaganda radiof\u00f3nica que con empe\u00f1o lanzaba durante la guerra civil emulando la efectiva propaganda NAZI.<\/p><cite>Yago Odriozola<\/cite><\/blockquote><\/figure>\n\n\n\n<p><em><strong>\u00a1Esto s\u00ed que NO suena bien Expresidente Felipe Gonz\u00e1lez<\/strong><\/em>!<\/p>\n\n\n\n<figure class=\"wp-block-embed is-type-video is-provider-youtube wp-block-embed-youtube wp-embed-aspect-16-9 wp-has-aspect-ratio\"><div class=\"wp-block-embed__wrapper\">\n<iframe title=\"Discurso raidof\u00f3nico de Don Gonzalo Queipo de Llano\" width=\"1110\" height=\"624\" src=\"https:\/\/www.youtube.com\/embed\/9weVo7tCvjc?feature=oembed\" frameborder=\"0\" allow=\"accelerometer; autoplay; clipboard-write; encrypted-media; gyroscope; picture-in-picture; web-share\" allowfullscreen><\/iframe>\n<\/div><\/figure>\n\n\n\n<p><strong>No olvidemos nunca a los responsables de que esto tardar\u00e1 en aprobarse<\/strong><\/p>\n\n\n\n<p><strong>Guillermo&nbsp; Garc\u00eda<\/strong> desde Pa\u00edses Bajos opina lo siguiente:<\/p>\n\n\n\n<p><em>\u00ab\u00a1Ya era hora!! En efecto, como dice el c\u00f3digo penal, con \u00abnocturnidad y alevos\u00eda\u00bb, como si estuviera cometiendo un delito y no justamente lo contrario. Aunque diga el refr\u00e1n \u00abm\u00e1s vale tarde que nunca\u00bb, adem\u00e1s del cinismo y la inmoralidad de la derecha habr\u00eda que se\u00f1alar el oportunismo del PSOE que, una vez m\u00e1s, utiliza estos actos que afectan profundamente a la historia, los sentimientos y las emociones de los dem\u00f3cratas para apuntarse un tanto de cara a cercanas elecciones (una muestra m\u00e1s de la patolog\u00eda tipo \u00abdr Jekill y mr. Hyde\u00bb que define dicho partido desde el congreso de Suresnes). Cuando es algo que deber\u00eda haberse resuelto mucho antes y de forma m\u00e1s digna<\/em>\u00ab.<\/p>\n\n\n\n<figure class=\"wp-block-image size-large\"><img loading=\"lazy\" decoding=\"async\" width=\"1080\" height=\"1187\" src=\"http:\/\/xn--tuvozdiasporaespaola-k7b.com\/wp-content\/uploads\/2022\/11\/screenshot_20221103-120430_chrome4703900704895144795.jpg?w=932\" alt=\"\" class=\"wp-image-544\" srcset=\"https:\/\/xn--tuvozdiasporaespaola-k7b.com\/wp-content\/uploads\/2022\/11\/screenshot_20221103-120430_chrome4703900704895144795.jpg 1080w, https:\/\/xn--tuvozdiasporaespaola-k7b.com\/wp-content\/uploads\/2022\/11\/screenshot_20221103-120430_chrome4703900704895144795-273x300.jpg 273w, https:\/\/xn--tuvozdiasporaespaola-k7b.com\/wp-content\/uploads\/2022\/11\/screenshot_20221103-120430_chrome4703900704895144795-932x1024.jpg 932w, https:\/\/xn--tuvozdiasporaespaola-k7b.com\/wp-content\/uploads\/2022\/11\/screenshot_20221103-120430_chrome4703900704895144795-768x844.jpg 768w\" sizes=\"(max-width: 1080px) 100vw, 1080px\" \/><\/figure>\n\n\n\n<p><em>Si no ha sido as\u00ed, se debe en gran medida a la cobard\u00eda, permisividad y poca resoluci\u00f3n de dicho partido frente a los franquistas y la derecha, en contraste con su actitud represora contra la izquierda y los dem\u00f3cratas en general, manteniendo leyes como la \u00abley mordaza\u00bb, ministros como Marlaska (\u00abdigno\u00bb sucesor de predecesores como Barrionuevo, Corcuera, Rajoy, etc.), no condenar sino incluso apoyar cr\u00edmenes de gran envergadura y crueldad como los cometidos en Melilla, Ceuta, etc., por mencionar algunos de los cometidos m\u00e1s recientemente.<\/em><\/p>\n\n\n\n<p>\u201cD\u00e9jame esta madrugada<br>llevar tu llanto en mi pena, Virgen de la Macarena, llam\u00e1ndote camarada,<br>Flor del vergel sevillano,<br>sangre de tu santa tierra,<br>de la paz, no de la guerra,<br>jam\u00e1s de Queipo de Llano.<br>Que t\u00fa no eres generala, abogada del terror,<br>sino madre del amor,<br>lumbre que todo lo iguala. Camarada, compa\u00f1era,<br>de obreros y campesinos, nunca de los asesinos del pueblo que te venera.<br>T\u00fa la representaci\u00f3n<br>pura de la luz serena,<br>Virgen de la Macarena,<br>no de la provocaci\u00f3n.<br>Muchacha de Andaluc\u00eda,<br>la m\u00e1s clamorosa alhaja<br>de la sola cofrad\u00eda,<br>de la gente que trabaja\u201d<\/p>\n\n\n\n<p>Miguel Alberti, \u00abpoema de la discordia\u00bb.<\/p>\n\n\n\n<p>Equipo de Redacci\u00f3n de la revista TU VOZ.<\/p>\n","protected":false},"excerpt":{"rendered":"<p>Esta exhumaci\u00f3n (junto con otras muchas), se dan gracias a la Ley de Memoria Democr\u00e1tica aprobada en estos d\u00edas pasados por el Pacto de &#8230; <\/p>\n<p class=\"read-more-container\"><a title=\"Hoy se salda una deuda con la historia de la democracia en Espa\u00f1a aunque a\u00fan falta mucho.\" class=\"read-more button\" href=\"https:\/\/xn--tuvozdiasporaespaola-k7b.com\/page\/2\/hoy-se-salda-una-deuda-con-la-historia-de-la-democracia-en-espana-aunque-aun-falta-mucho\/#more-545\" aria-label=\"M\u00e1s en Hoy se salda una deuda con la historia de la democracia en Espa\u00f1a aunque a\u00fan falta mucho.\">Leer m\u00e1s<\/a><\/p>\n","protected":false},"author":222560522,"featured_media":0,"comment_status":"open","ping_status":"open","sticky":false,"template":"","format":"standard","meta":{"footnotes":""},"categories":[1771],"tags":[],"class_list":["post-545","post","type-post","status-publish","format-standard","hentry","category-sociales"],"_links":{"self":[{"href":"https:\/\/xn--tuvozdiasporaespaola-k7b.com\/page\/2\/wp-json\/wp\/v2\/posts\/545","targetHints":{"allow":["GET"]}}],"collection":[{"href":"https:\/\/xn--tuvozdiasporaespaola-k7b.com\/page\/2\/wp-json\/wp\/v2\/posts"}],"about":[{"href":"https:\/\/xn--tuvozdiasporaespaola-k7b.com\/page\/2\/wp-json\/wp\/v2\/types\/post"}],"author":[{"embeddable":true,"href":"https:\/\/xn--tuvozdiasporaespaola-k7b.com\/page\/2\/wp-json\/wp\/v2\/users\/222560522"}],"replies":[{"embeddable":true,"href":"https:\/\/xn--tuvozdiasporaespaola-k7b.com\/page\/2\/wp-json\/wp\/v2\/comments?post=545"}],"version-history":[{"count":0,"href":"https:\/\/xn--tuvozdiasporaespaola-k7b.com\/page\/2\/wp-json\/wp\/v2\/posts\/545\/revisions"}],"wp:attachment":[{"href":"https:\/\/xn--tuvozdiasporaespaola-k7b.com\/page\/2\/wp-json\/wp\/v2\/media?parent=545"}],"wp:term":[{"taxonomy":"category","embeddable":true,"href":"https:\/\/xn--tuvozdiasporaespaola-k7b.com\/page\/2\/wp-json\/wp\/v2\/categories?post=545"},{"taxonomy":"post_tag","embeddable":true,"href":"https:\/\/xn--tuvozdiasporaespaola-k7b.com\/page\/2\/wp-json\/wp\/v2\/tags?post=545"}],"curies":[{"name":"wp","href":"https:\/\/api.w.org\/{rel}","templated":true}]}}