{"id":5439,"date":"2024-04-28T12:36:18","date_gmt":"2024-04-28T15:36:18","guid":{"rendered":"https:\/\/xn--tuvozdiasporaespaola-k7b.com\/page\/2\/?p=5439"},"modified":"2024-04-28T14:11:07","modified_gmt":"2024-04-28T17:11:07","slug":"gran-derrota-de-noboa-en-ecuador-y-si-a-milei-le-pasara-igual-en-argentina","status":"publish","type":"post","link":"https:\/\/xn--tuvozdiasporaespaola-k7b.com\/page\/2\/gran-derrota-de-noboa-en-ecuador-y-si-a-milei-le-pasara-igual-en-argentina\/","title":{"rendered":"Gran Derrota de Noboa en Ecuador \u00bfY si a Milei le pasara igual en Argentina?"},"content":{"rendered":"\n<p>Redacci\u00f3n Revista TU VOZ <\/p>\n\n\n\n<p><strong>Ecuador esta en una gran crisis desde hace a\u00f1os, crisis institucional, pol\u00edtica, social, econ\u00f3mica, energ\u00e9tica y de seguridad.<\/strong><\/p>\n\n\n\n<p>Es una crisis democr\u00e1tica, donde el Estado de Derecho brilla por su ausencia y en este contexto &#8216;catastr\u00f3fico&#8217;, se celebro una Consulta ciudadana con varias preguntas.<\/p>\n\n\n\n<p>Una <strong>Consulta que realmente no busco &#8216;consultar&#8217; parecia mas un plebiscito y aprovecharse de esta coyuntura para tener el visto  bueno para militarizar a\u00fan m\u00e1s el pa\u00eds, para vivir en un Estado de Excepci\u00f3n permanente<\/strong> , Ecuador esta controlado por los narcotraficantes,  un pa\u00eds dolarizado refugio de ganancias poco claras y blanqueos constantes.<\/p>\n\n\n\n<p>Adem\u00e1s de querer <strong>meter enga\u00f1ando al pueblo en esta consulta dos aspectos sustanciales en lo econ\u00f3mico: Una, reforma laboral neoliberal que hubiera permitido contratos de trabajo muy precarios y otra haber cededido soberan\u00eda jur\u00eddica a favor de las grandes transnacionales<\/strong>, ( proyectos de la ley base que ahora discute el Congreso en Argentina a instancias de Milei)<\/p>\n\n\n\n<figure class=\"wp-block-gallery has-nested-images columns-default is-cropped wp-block-gallery-1 is-layout-flex wp-block-gallery-is-layout-flex\">\n<figure class=\"wp-block-image size-large\"><img fetchpriority=\"high\" decoding=\"async\" width=\"800\" height=\"533\" data-id=\"5445\" src=\"https:\/\/xn--tuvozdiasporaespaola-k7b.com\/wp-content\/uploads\/2024\/04\/d5612b70-0055-11ef-97f7-e98b193ef1b8.jpg\" alt=\"\" class=\"wp-image-5445\" srcset=\"https:\/\/xn--tuvozdiasporaespaola-k7b.com\/wp-content\/uploads\/2024\/04\/d5612b70-0055-11ef-97f7-e98b193ef1b8.jpg 800w, https:\/\/xn--tuvozdiasporaespaola-k7b.com\/wp-content\/uploads\/2024\/04\/d5612b70-0055-11ef-97f7-e98b193ef1b8-300x200.jpg 300w, https:\/\/xn--tuvozdiasporaespaola-k7b.com\/wp-content\/uploads\/2024\/04\/d5612b70-0055-11ef-97f7-e98b193ef1b8-768x512.jpg 768w\" sizes=\"(max-width: 800px) 100vw, 800px\" \/><\/figure>\n<\/figure>\n\n\n\n<p>Los votantes <strong>dieron su respaldo a las preguntas relacionadas con el \u00e1mbito de la seguridad, <\/strong>como el rol de las fuerzas armadas en el combate al crimen organizado, el incremento de las penas en delitos graves y la posible extradici\u00f3n de ecuatorianos requeridos por la justicia de otros pa\u00edses.<\/p>\n\n\n\n<p>Sin embargo, <strong>rechazaron medidas econ\u00f3micas que hab\u00edan generado pol\u00e9mica, como la creaci\u00f3n de contratos de trabajo por horas y el arbitraje internacional para inversiones y asuntos comerciales.<\/strong> El proceso ha sido visto por analistas como <strong>una \u00abprueba de fuego\u00bb<\/strong> a la gesti\u00f3n economica (la cual no paso) del presidente Noboa, a mitad de su corto mandato y a menos de un a\u00f1o de unos nuevos comicios, en los que se espera que compita por la reelecci\u00f3n.<\/p>\n\n\n\n<p>El otro error de Noboa ha sido creerse que la imagen positiva elevada de los primeros d\u00edas como Presidente es para siempre esto nunca es as\u00ed, siempre depende de c\u00f3mo se gobierna.<\/p>\n\n\n\n<p><strong>Esto mismo podr\u00edamos incorporar a la falsa mayor\u00eda de Milei que en la primera vuelta saco un 30% <\/strong>de los votos con una abstenci\u00f3n del 22,5 voto 77,65% del padr\u00f3n o lo que es lo mismo 7.884.336 de votos de un total de 35.912.841 con derecho a voto. Un 21% ( son sus votantes reales) <\/p>\n\n\n\n<p>Segunda vuelta saco un 56% con una abstenci\u00f3n del 23,69 % de los votos y participaci\u00f3n del 76,31<\/p>\n\n\n\n<figure class=\"wp-block-gallery has-nested-images columns-default is-cropped wp-block-gallery-2 is-layout-flex wp-block-gallery-is-layout-flex\">\n<figure class=\"wp-block-image size-large\"><img decoding=\"async\" width=\"1024\" height=\"587\" data-id=\"5449\" src=\"https:\/\/xn--tuvozdiasporaespaola-k7b.com\/wp-content\/uploads\/2024\/04\/noboamilei-1024x587.jpg\" alt=\"\" class=\"wp-image-5449\" srcset=\"https:\/\/xn--tuvozdiasporaespaola-k7b.com\/wp-content\/uploads\/2024\/04\/noboamilei-1024x587.jpg 1024w, https:\/\/xn--tuvozdiasporaespaola-k7b.com\/wp-content\/uploads\/2024\/04\/noboamilei-300x172.jpg 300w, https:\/\/xn--tuvozdiasporaespaola-k7b.com\/wp-content\/uploads\/2024\/04\/noboamilei-768x440.jpg 768w, https:\/\/xn--tuvozdiasporaespaola-k7b.com\/wp-content\/uploads\/2024\/04\/noboamilei.jpg 1160w\" sizes=\"(max-width: 1024px) 100vw, 1024px\" \/><\/figure>\n<\/figure>\n\n\n\n<p><strong>El resultado real de Milei en la segunda vuelta  fue 14.554 560  de un padron de 35.912.841 , un 39,5 % de la gente que vot\u00f3 con lo que un 60,5% nunca lo voto en caso de que fuera el 100% <\/strong>, muy lejos del 56 % que grita por todos lados. Solo 27.021.600 votaron en la segunda vuelta de los que en\u00a0<strong>blanco fueron \u00a0<\/strong>417.574; y\u00a0<strong>nulos fueron \u00a0<\/strong>450.746.<\/p>\n\n\n\n<figure class=\"wp-block-pullquote\"><blockquote><p><strong>El resultado real de Milei en la segunda vuelta fue 14.554 560 de un padron de 35.912.841 , un 39,5 % de la gente que vot\u00f3 con lo que un 60,5 % nunca lo voto en caso de que fuera el 100% <\/strong>, muy lejos del 56 % que grita por todos lados.<\/p><\/blockquote><\/figure>\n\n\n\n<p><strong>En caso de Plebiscito o consulta seguramente le pasar\u00eda lo mismo que a Novoa, nunca tendr\u00eda el apoyo del pueblo avalado por las mismas pol\u00edticas impopulares y nocivas para la ciudadan\u00eda <\/strong><\/p>\n\n\n\n<p>Y precisamente <strong>Noboa ha comenzado desde muy pronto a dar claras se\u00f1ales de incapacidad. <\/strong>No ha sido capaz ni siquiera de garantizar un pa\u00eds con esperanza en un futuro y con garant\u00edas democr\u00e1ticas,y sociales hacia las y los m\u00e1s desfavorecidos , <strong>literalmente a aplicado politicas neoliberales que estan llevando al pueblo ecuatoriano a la ruina, como se dir\u00eda no ve la luz al final de t\u00fanel.<\/strong><\/p>\n\n\n\n<p>Hablando de luz <strong>Ecuador sufre una grave crisis energ\u00e9tica con apagones en varias zonas, entre ellas las ciudades de Quito y Guayaquil.<\/strong><\/p>\n\n\n\n<p>Seg\u00fan inform\u00f3 el gobierno en un comunicado, se decret\u00f3 \u00ab<strong>la suspensi\u00f3n de la jornada laboral<\/strong>.  Ni tampoco es capaz de respetar las normas internacionales, recordar el.asalto a la embajada de M\u00e9xico<\/p>\n\n\n\n<figure class=\"wp-block-gallery has-nested-images columns-default is-cropped wp-block-gallery-3 is-layout-flex wp-block-gallery-is-layout-flex\">\n<figure class=\"wp-block-image size-large\"><img decoding=\"async\" width=\"1024\" height=\"768\" data-id=\"5447\" src=\"https:\/\/xn--tuvozdiasporaespaola-k7b.com\/wp-content\/uploads\/2024\/04\/PJTKG2AIDZFB7MFCSH555I442M-1024x768.jpeg\" alt=\"\" class=\"wp-image-5447\" srcset=\"https:\/\/xn--tuvozdiasporaespaola-k7b.com\/wp-content\/uploads\/2024\/04\/PJTKG2AIDZFB7MFCSH555I442M-1024x768.jpeg 1024w, https:\/\/xn--tuvozdiasporaespaola-k7b.com\/wp-content\/uploads\/2024\/04\/PJTKG2AIDZFB7MFCSH555I442M-300x225.jpeg 300w, https:\/\/xn--tuvozdiasporaespaola-k7b.com\/wp-content\/uploads\/2024\/04\/PJTKG2AIDZFB7MFCSH555I442M-768x576.jpeg 768w, https:\/\/xn--tuvozdiasporaespaola-k7b.com\/wp-content\/uploads\/2024\/04\/PJTKG2AIDZFB7MFCSH555I442M-1536x1152.jpeg 1536w, https:\/\/xn--tuvozdiasporaespaola-k7b.com\/wp-content\/uploads\/2024\/04\/PJTKG2AIDZFB7MFCSH555I442M.jpeg 1662w\" sizes=\"(max-width: 1024px) 100vw, 1024px\" \/><\/figure>\n<\/figure>\n\n\n\n<p><\/p>\n\n\n\n<p><em>Resumen de las preguntas incluidas en la consulta popular y referendo que recibieron el respaldo de los votantes: <\/em><\/p>\n\n\n\n<p><em>1)Aprobar que las Fuerzas Armadas le den un apoyo complementario a la Polic\u00eda Nacional para combatir el crimen organizado.<\/em><\/p>\n\n\n\n<p><em> 2)Permitir la extradici\u00f3n de ecuatorianos. Establecimiento de judicaturas especializadas en materia constitucional. <\/em><\/p>\n\n\n\n<p><em>3)Que las Fuerzas Armadas realicen control de armas, municiones, explosivos y accesorios, permanentemente en las calles. <\/em><\/p>\n\n\n\n<p><em>4)Incrementar las penas de los delitos de terrorismo y su financiaci\u00f3n, producci\u00f3n y tr\u00e1fico il\u00edcito de sustancias, delincuencia organizada, asesinato, sicariato, trata de personas, secuestro extorsivo, tr\u00e1fico de armas, lavado de activos y actividad il\u00edcita de recursos mineros. <\/em><\/p>\n\n\n\n<p><em>5)Que las personas privadas de la libertad cumplan la totalidad de su pena. Tipificar el delito de tenencia o porte de armas, municiones o componentes que son de uso privativo de las Fuerzas Armadas o la Polic\u00eda Nacional.<\/em><\/p>\n\n\n\n<p><em> 6)Que las armas que fueron instrumentos u objeto material de un delito puedan destinarse al uso inmediato de la Polic\u00eda Nacional o las Fuerzas Armadas. <\/em><\/p>\n\n\n\n<p><em>7)Que el Estado proceda a ser el titular (propietario) de los bienes de origen il\u00edcito o injustificado.<\/em><\/p>\n\n\n\n<figure class=\"wp-block-gallery has-nested-images columns-default is-cropped wp-block-gallery-4 is-layout-flex wp-block-gallery-is-layout-flex\">\n<figure class=\"wp-block-image size-large\"><img loading=\"lazy\" decoding=\"async\" width=\"1024\" height=\"339\" data-id=\"5448\" src=\"https:\/\/xn--tuvozdiasporaespaola-k7b.com\/wp-content\/uploads\/2024\/04\/20240428_114701-1-1024x339.jpg\" alt=\"\" class=\"wp-image-5448\" srcset=\"https:\/\/xn--tuvozdiasporaespaola-k7b.com\/wp-content\/uploads\/2024\/04\/20240428_114701-1-1024x339.jpg 1024w, https:\/\/xn--tuvozdiasporaespaola-k7b.com\/wp-content\/uploads\/2024\/04\/20240428_114701-1-300x99.jpg 300w, https:\/\/xn--tuvozdiasporaespaola-k7b.com\/wp-content\/uploads\/2024\/04\/20240428_114701-1-768x254.jpg 768w, https:\/\/xn--tuvozdiasporaespaola-k7b.com\/wp-content\/uploads\/2024\/04\/20240428_114701-1-1536x508.jpg 1536w, https:\/\/xn--tuvozdiasporaespaola-k7b.com\/wp-content\/uploads\/2024\/04\/20240428_114701-1-2048x677.jpg 2048w\" sizes=\"(max-width: 1024px) 100vw, 1024px\" \/><\/figure>\n<\/figure>\n\n\n\n<p>Resumen de las propuestas rechazadas por los votantes, seg\u00fan los primeros resultados:<\/p>\n\n\n\n<p> <em><strong>1)Rechazo a que el Estado ecuatoriano reconozca el arbitraje internacional como m\u00e9todo para solucionar controversias en materia de inversi\u00f3n,<\/strong> contractuales o comerciales. <\/em><\/p>\n\n\n\n<p><em>2) <strong>Rechazo a cambiar las leyes para establecer un contrato de trabajo a plazo fijo y por horas, cu<\/strong>ando se celebre por primera vez.<\/em><\/p>\n\n\n\n<p><strong>Noboa crey\u00f3 que gobernar es lo mismo que hacer una campa\u00f1a electoral, no d\u00e1ndose nunca cuenta lo que implica ser presidente de una naci\u00f3n y tener que gobernar con un congreso maximo exponente de la representacion popular<\/strong> .<\/p>\n\n\n\n<p>Esste resultado <strong>electoral adverso en la consulta es un rev\u00e9s importante para Noboa, y abre otro panorama distinto de cara a las presidenciales de Febrero del 2025.<\/strong> (Nota: Noboa se equivoc\u00f3 tambi\u00e9n en subestimar la fuerza de la militancia del  correismo que defendi\u00f3 el NO  junto a movimientos sociales y la plataforma:va por ti Ecuador\u00bb precisamente en las preguntas en las que gan\u00f3 el NO).<\/p>\n","protected":false},"excerpt":{"rendered":"<p>Redacci\u00f3n Revista TU VOZ Ecuador esta en una gran crisis desde hace a\u00f1os, crisis institucional, pol\u00edtica, social, econ\u00f3mica, energ\u00e9tica y de seguridad. Es una &#8230; <\/p>\n<p class=\"read-more-container\"><a title=\"Gran Derrota de Noboa en Ecuador \u00bfY si a Milei le pasara igual en Argentina?\" class=\"read-more button\" href=\"https:\/\/xn--tuvozdiasporaespaola-k7b.com\/page\/2\/gran-derrota-de-noboa-en-ecuador-y-si-a-milei-le-pasara-igual-en-argentina\/#more-5439\" aria-label=\"M\u00e1s en Gran Derrota de Noboa en Ecuador \u00bfY si a Milei le pasara igual en Argentina?\">Leer m\u00e1s<\/a><\/p>\n","protected":false},"author":222560522,"featured_media":5450,"comment_status":"open","ping_status":"open","sticky":false,"template":"","format":"standard","meta":{"footnotes":""},"categories":[121853,121868],"tags":[],"class_list":["post-5439","post","type-post","status-publish","format-standard","has-post-thumbnail","hentry","category-elecciones","category-latinoamerica","resize-featured-image"],"_links":{"self":[{"href":"https:\/\/xn--tuvozdiasporaespaola-k7b.com\/page\/2\/wp-json\/wp\/v2\/posts\/5439","targetHints":{"allow":["GET"]}}],"collection":[{"href":"https:\/\/xn--tuvozdiasporaespaola-k7b.com\/page\/2\/wp-json\/wp\/v2\/posts"}],"about":[{"href":"https:\/\/xn--tuvozdiasporaespaola-k7b.com\/page\/2\/wp-json\/wp\/v2\/types\/post"}],"author":[{"embeddable":true,"href":"https:\/\/xn--tuvozdiasporaespaola-k7b.com\/page\/2\/wp-json\/wp\/v2\/users\/222560522"}],"replies":[{"embeddable":true,"href":"https:\/\/xn--tuvozdiasporaespaola-k7b.com\/page\/2\/wp-json\/wp\/v2\/comments?post=5439"}],"version-history":[{"count":10,"href":"https:\/\/xn--tuvozdiasporaespaola-k7b.com\/page\/2\/wp-json\/wp\/v2\/posts\/5439\/revisions"}],"predecessor-version":[{"id":5461,"href":"https:\/\/xn--tuvozdiasporaespaola-k7b.com\/page\/2\/wp-json\/wp\/v2\/posts\/5439\/revisions\/5461"}],"wp:featuredmedia":[{"embeddable":true,"href":"https:\/\/xn--tuvozdiasporaespaola-k7b.com\/page\/2\/wp-json\/wp\/v2\/media\/5450"}],"wp:attachment":[{"href":"https:\/\/xn--tuvozdiasporaespaola-k7b.com\/page\/2\/wp-json\/wp\/v2\/media?parent=5439"}],"wp:term":[{"taxonomy":"category","embeddable":true,"href":"https:\/\/xn--tuvozdiasporaespaola-k7b.com\/page\/2\/wp-json\/wp\/v2\/categories?post=5439"},{"taxonomy":"post_tag","embeddable":true,"href":"https:\/\/xn--tuvozdiasporaespaola-k7b.com\/page\/2\/wp-json\/wp\/v2\/tags?post=5439"}],"curies":[{"name":"wp","href":"https:\/\/api.w.org\/{rel}","templated":true}]}}