{"id":5433,"date":"2024-04-26T11:47:41","date_gmt":"2024-04-26T14:47:41","guid":{"rendered":"https:\/\/xn--tuvozdiasporaespaola-k7b.com\/page\/2\/?p=5433"},"modified":"2024-04-26T11:47:41","modified_gmt":"2024-04-26T14:47:41","slug":"tenemos-la-esperanza-de-que-exista-una-ley-de-memoria-democratica-estatal","status":"publish","type":"post","link":"https:\/\/xn--tuvozdiasporaespaola-k7b.com\/page\/2\/tenemos-la-esperanza-de-que-exista-una-ley-de-memoria-democratica-estatal\/","title":{"rendered":"\u201cTenemos la esperanza de que exista una Ley de Memoria Democr\u00e1tica Estatal\u201d"},"content":{"rendered":"\n<p>Walter C. Medina<\/p>\n\n\n\n<p><strong>ENTREVISTA A ARTURO PEINADO<\/strong><\/p>\n\n\n\n<p><\/p>\n\n\n\n<p>En di\u00e1logo con Francisco L\u00f3pez, para el programa radial \u201cCenizas de Babilonia. Di\u00e1spora Espa\u00f1ola\u201d (AM830 Radio del Pueblo), el Presidente del Foro por la Memoria de Espa\u00f1a, Arturo Peinado, se refiri\u00f3 a la conmemoraci\u00f3n que se realizar\u00e1 el pr\u00f3ximo 14 de abril con motivo de cumplirse un nuevo aniversario de la instauraci\u00f3n de la Rep\u00fablica Espa\u00f1ola. Adem\u00e1s, hizo hincapi\u00e9 en la necesidad de que se cumpla con la Ley de Memoria Democr\u00e1tica que establece sanciones para quienes enaltezcan institucionalmente al franquismo.&nbsp; \u201cSi la derecha conservadora en las instituciones, gobiernos auton\u00f3micos o ayuntamientos en donde est\u00e9 gobernando, intenta poner trabas a la Ley de Memoria Democr\u00e1tica, se puede implementar una pol\u00edtica de sanciones serias\u201d, sintetiz\u00f3.<\/p>\n\n\n\n<p><strong>Estamos en un mes Republicano por excelencia. \u00bfQu\u00e9 significa el 14 de abril para todos los republicanos?<\/strong><\/p>\n\n\n\n<p>Significa fundamentalmente el recuerdo de la enorme esperanza que se abri\u00f3 aquel 14 de abril de 1931 donde cay\u00f3 la Monarqu\u00eda, pero no solamente cay\u00f3, sino que se abri\u00f3 un per\u00edodo de amplias expectativas, de una democracia profunda, de reformas que afectaban a la vida cotidiana de la gente. Mantenemos ese recuerdo y la admiraci\u00f3n por el esfuerzo que hizo en aquel momento el pueblo espa\u00f1ol para conquistar la Rep\u00fablica.<\/p>\n\n\n\n<figure class=\"wp-block-gallery has-nested-images columns-default is-cropped wp-block-gallery-1 is-layout-flex wp-block-gallery-is-layout-flex\">\n<figure class=\"wp-block-image size-large\"><img fetchpriority=\"high\" decoding=\"async\" width=\"410\" height=\"671\" data-id=\"5435\" src=\"https:\/\/xn--tuvozdiasporaespaola-k7b.com\/wp-content\/uploads\/2024\/04\/Screenshot_20240418_154155_Telegram.jpg\" alt=\"\" class=\"wp-image-5435\" srcset=\"https:\/\/xn--tuvozdiasporaespaola-k7b.com\/wp-content\/uploads\/2024\/04\/Screenshot_20240418_154155_Telegram.jpg 410w, https:\/\/xn--tuvozdiasporaespaola-k7b.com\/wp-content\/uploads\/2024\/04\/Screenshot_20240418_154155_Telegram-183x300.jpg 183w\" sizes=\"(max-width: 410px) 100vw, 410px\" \/><\/figure>\n<\/figure>\n\n\n\n<p><strong>\u00bfC\u00f3mo ves que los gobiernos del PP en las distintas comunidades auton\u00f3micas est\u00e9n poniendo tantas trabas a la aplicaci\u00f3n de la Ley de Memoria Democr\u00e1tica?&nbsp;<\/strong><\/p>\n\n\n\n<p>Hay que reconocer que la llegada de una derecha espa\u00f1ola conservadora, representada por el Partido Popular est\u00e1 utilizando la complicidad, la formaci\u00f3n de acuerdos con la extrema derecha para frenar las reformas que se estaban dando en diferentes comunidades aut\u00f3nomas. Es cierto que la derecha conservadora utiliza argumentos que producen bastantes retrocesos. Se hab\u00edan dado en los \u00faltimos a\u00f1os unas leyes de memoria de car\u00e1cter auton\u00f3mico que estaban suponiendo un avance en pol\u00edticas de reparaci\u00f3n, pol\u00edticas conmemorativas y de recuerdo&nbsp; y de recuperaci\u00f3n de la memoria, y ahora esto est\u00e1 siendo frenado. Nosotros tenemos la esperanza de que exista una Ley de Memoria Democr\u00e1tica Estatal. Como Federaci\u00f3n de Foros de la Memoria exigimos al gobierno que se d\u00e9 prisa y que aplique de manera contundente la Ley de Memoria Democr\u00e1tica, porque tiene un rango superior, y significar\u00eda dejar sin efecto ese proceso negacionista y revisionista por parte de la derecha conservadora. La Ley de Memoria Democr\u00e1tica, aunque tiene muchos defectos y no reconoce el derecho de acceso a la justicia, tiene otros elementos interesantes en cuento al proceso de exhumaci\u00f3n de fosas comunes, bases de datos y pol\u00edticas conmemorativas que pueden significar un avance. Adem\u00e1s, con respecto a la Memoria Democr\u00e1tica de 2007, la de 2022 tiene un elemento fundamental: Tiene un r\u00e9gimen sancionador a quien la incumpla, sea particulares como instituciones, con lo cual si la ley de memoria se aplica por parte de la derecha conservadora en las instituciones, gobiernos auton\u00f3micos, ayuntamientos en donde est\u00e9 gobernando, intente poner trabas, se puede implementar una pol\u00edtica de sanciones serias y profundas que pueden dificultar esas trabas que est\u00e1 poniendo la derecha conservadora.<\/p>\n\n\n\n<p><strong>\u00bfLes ha llegado alg\u00fan dato concreto de alguna Comunidad Auton\u00f3mica en donde est\u00e9 sucediendo esto?<\/strong><\/p>\n\n\n\n<p>La Junta de Andaluc\u00eda, por ejemplo, hab\u00eda paralizado muchas exhumaciones mediante la eliminaci\u00f3n de presupuestos; no votar presupuestariamente. Pero el elemento fundamental es que el gobierno necesita sacar lo m\u00e1s r\u00e1pidamente posible un reglamento; porque en el reglamento se concretan muchas cosas como definir el tipo de sanciones, el tipo del delito si atentamos contra la Ley de Memoria Democr\u00e1tica. Y para esa aprobaci\u00f3n no hace falta m\u00e1s que pasar por las cortes, no hace falta debate parlamentario ni nada. Este es el arma fundamental que tendr\u00eda que tener el gobierno, eliminar las trabas que ponen las comunidades auton\u00f3micas y los ayuntamientos de derecha.<\/p>\n\n\n\n<p><strong>\u00bfQu\u00e9 se espera para el 16 de junio que es el d\u00eda en el que Franco le otorg\u00f3 el poder a Juan Carlos?<\/strong><\/p>\n\n\n\n<p>Yo creo que podemos ser capaces de movilizar a bastante gente en diferentes puntos del Estado Espa\u00f1ol. Existe el hecho lamentable y vergonzoso de que en los \u00faltimos ochenta a\u00f1os se ha prohibido y se ha impedido por la fuerza al pueblo espa\u00f1ol elegir a su Jefe de Estado. Primero mediante un golpe de estado y posteriormente por la sucesi\u00f3n a dedo del dictador Franco a Juan Carlos de Borb\u00f3n, y luego por la sucesi\u00f3n borb\u00f3nica misma. Yo creo que progresivamente va calando entre la gente que Rep\u00fablica es democracia y que hay determinados elementos del r\u00e9gimen del 78, esencialmente la monarqu\u00eda, que son profundamente anti-democr\u00e1ticos. No solamente la monarqu\u00eda como un hecho anticuado y desfasado e inaceptable por parte de las sociedades, sino como un hecho anti-democr\u00e1tico. El movimiento Republicano espa\u00f1ol habla de un refer\u00e9ndum de Monarqu\u00eda o Rep\u00fablica; para nosotros el tema de la Rep\u00fablica es central y l\u00f3gico; es como si en este momento se pidiera votar entre esclavitud o no esclavitud o la igualdad entre el hombre y la mujer. Estas son cosas que no se votan. Y el derecho a exigir la Rep\u00fablica espa\u00f1ola tampoco es un tema de andar exigiendo el refer\u00e9ndum, porque ser\u00eda muy complicado por la cantidad de poderes econ\u00f3micos y medi\u00e1ticos que apoyar\u00edan a la monarqu\u00eda. Y no tener un resultado claro para la Rep\u00fablica podr\u00eda resultar un aval para la Monarqu\u00eda\u00a0.<\/p>\n\n\n\n<figure class=\"wp-block-gallery has-nested-images columns-default is-cropped wp-block-gallery-2 is-layout-flex wp-block-gallery-is-layout-flex\"><\/figure>\n\n\n\n<p><strong>Hoy en d\u00eda continuemos viendo muchos monumentos al franquismo; incluso aqu\u00ed en Argentina, por ejemplo en el Hospital Espa\u00f1ol, en donde est\u00e1 el escudo del \u00e1guila, y en algunas oficinas vice consulares. \u00bfC\u00f3mo se puede hacer para incentivar a que el Ministerio de Asuntos Exteriores proceda a retirar estos s\u00edmbolos franquistas de instituciones que en muchos casos est\u00e1n recibiendo subvenciones por parte del Estado Espa\u00f1ol? \u00bfC\u00f3mo se podr\u00eda hacer para reforzar la Ley de Memoria Democr\u00e1tica en el exterior?<\/strong><\/p>\n\n\n\n<p>De momento la forma es seguir denunciando y protestando. El reglamento de la Ley de Memoria Democr\u00e1tica de 2022 tiene que suponer de una manera muy clara que haya sanciones. Mucha simbolog\u00eda franquista ha sido retirada por las denuncias de asociaciones memoralistas, de diputados o senadores. Como no hab\u00eda habido sanciones, la retirada de elementos franquistas ha dependido de la voluntad de los gobernantes. En la propia sede del Ministerio de Asuntos Exteriores hab\u00eda seis \u00e1guilas franquistas y se logr\u00f3 que se retirasen mediante denuncias; por lo cual es un tema de voluntad pol\u00edtica&nbsp;&nbsp;&nbsp;&nbsp;&nbsp;&nbsp;&nbsp;&nbsp;&nbsp;&nbsp;&nbsp;&nbsp;&nbsp;&nbsp;&nbsp;&nbsp;&nbsp;&nbsp;&nbsp;&nbsp;&nbsp;&nbsp;&nbsp;&nbsp;&nbsp;&nbsp;&nbsp;&nbsp;&nbsp;<\/p>\n","protected":false},"excerpt":{"rendered":"<p>Walter C. Medina ENTREVISTA A ARTURO PEINADO En di\u00e1logo con Francisco L\u00f3pez, para el programa radial \u201cCenizas de Babilonia. Di\u00e1spora Espa\u00f1ola\u201d (AM830 Radio del &#8230; <\/p>\n<p class=\"read-more-container\"><a title=\"\u201cTenemos la esperanza de que exista una Ley de Memoria Democr\u00e1tica Estatal\u201d\" class=\"read-more button\" href=\"https:\/\/xn--tuvozdiasporaespaola-k7b.com\/page\/2\/tenemos-la-esperanza-de-que-exista-una-ley-de-memoria-democratica-estatal\/#more-5433\" aria-label=\"M\u00e1s en \u201cTenemos la esperanza de que exista una Ley de Memoria Democr\u00e1tica Estatal\u201d\">Leer m\u00e1s<\/a><\/p>\n","protected":false},"author":222560522,"featured_media":5437,"comment_status":"open","ping_status":"open","sticky":false,"template":"","format":"standard","meta":{"footnotes":""},"categories":[121854],"tags":[],"class_list":["post-5433","post","type-post","status-publish","format-standard","has-post-thumbnail","hentry","category-consejo-de-residentes-espanoles","resize-featured-image"],"_links":{"self":[{"href":"https:\/\/xn--tuvozdiasporaespaola-k7b.com\/page\/2\/wp-json\/wp\/v2\/posts\/5433","targetHints":{"allow":["GET"]}}],"collection":[{"href":"https:\/\/xn--tuvozdiasporaespaola-k7b.com\/page\/2\/wp-json\/wp\/v2\/posts"}],"about":[{"href":"https:\/\/xn--tuvozdiasporaespaola-k7b.com\/page\/2\/wp-json\/wp\/v2\/types\/post"}],"author":[{"embeddable":true,"href":"https:\/\/xn--tuvozdiasporaespaola-k7b.com\/page\/2\/wp-json\/wp\/v2\/users\/222560522"}],"replies":[{"embeddable":true,"href":"https:\/\/xn--tuvozdiasporaespaola-k7b.com\/page\/2\/wp-json\/wp\/v2\/comments?post=5433"}],"version-history":[{"count":2,"href":"https:\/\/xn--tuvozdiasporaespaola-k7b.com\/page\/2\/wp-json\/wp\/v2\/posts\/5433\/revisions"}],"predecessor-version":[{"id":5438,"href":"https:\/\/xn--tuvozdiasporaespaola-k7b.com\/page\/2\/wp-json\/wp\/v2\/posts\/5433\/revisions\/5438"}],"wp:featuredmedia":[{"embeddable":true,"href":"https:\/\/xn--tuvozdiasporaespaola-k7b.com\/page\/2\/wp-json\/wp\/v2\/media\/5437"}],"wp:attachment":[{"href":"https:\/\/xn--tuvozdiasporaespaola-k7b.com\/page\/2\/wp-json\/wp\/v2\/media?parent=5433"}],"wp:term":[{"taxonomy":"category","embeddable":true,"href":"https:\/\/xn--tuvozdiasporaespaola-k7b.com\/page\/2\/wp-json\/wp\/v2\/categories?post=5433"},{"taxonomy":"post_tag","embeddable":true,"href":"https:\/\/xn--tuvozdiasporaespaola-k7b.com\/page\/2\/wp-json\/wp\/v2\/tags?post=5433"}],"curies":[{"name":"wp","href":"https:\/\/api.w.org\/{rel}","templated":true}]}}