{"id":5425,"date":"2024-04-26T00:07:07","date_gmt":"2024-04-26T03:07:07","guid":{"rendered":"https:\/\/xn--tuvozdiasporaespaola-k7b.com\/page\/2\/?p=5425"},"modified":"2024-04-26T00:07:08","modified_gmt":"2024-04-26T03:07:08","slug":"los-efectos-geopoliticos-sobre-el-continente-africano","status":"publish","type":"post","link":"https:\/\/xn--tuvozdiasporaespaola-k7b.com\/page\/2\/los-efectos-geopoliticos-sobre-el-continente-africano\/","title":{"rendered":"Los efectos geopol\u00edticos sobre el continente africano"},"content":{"rendered":"\n<p>Por Jes\u00fas Rivero,  Rosario,  Argentina <\/p>\n\n\n\n<p>\u00c1frica ha sido el basurero del sistema capitalista, desde el inicio del mismo, el presente no es la excepci\u00f3n.<\/p>\n\n\n\n<p>El escenario pospand\u00e9mico ha tenido un gran impacto sobre la realidad efectiva del continente africano. Hasta no hace mucho las previsiones y discursos internacionales sobre esta regi\u00f3n eran optimistas. En el plano econ\u00f3mico algunas de las econom\u00edas del mundo que crecieron m\u00e1s r\u00e1pido y de forma constante eran africanas como Angola, Nigeria, Etiop\u00eda y Ruanda. Al inicio de la d\u00e9cada de 2010, tambi\u00e9n se imaginaba un aparente descenso del n\u00famero de conflictos armados.<\/p>\n\n\n\n<figure class=\"wp-block-gallery has-nested-images columns-default is-cropped wp-block-gallery-1 is-layout-flex wp-block-gallery-is-layout-flex\">\n<figure class=\"wp-block-image size-large\"><img fetchpriority=\"high\" decoding=\"async\" width=\"1024\" height=\"576\" data-id=\"5430\" src=\"https:\/\/xn--tuvozdiasporaespaola-k7b.com\/wp-content\/uploads\/2024\/04\/791181739_235746108_1706x960-1024x576.jpeg\" alt=\"\" class=\"wp-image-5430\" srcset=\"https:\/\/xn--tuvozdiasporaespaola-k7b.com\/wp-content\/uploads\/2024\/04\/791181739_235746108_1706x960-1024x576.jpeg 1024w, https:\/\/xn--tuvozdiasporaespaola-k7b.com\/wp-content\/uploads\/2024\/04\/791181739_235746108_1706x960-300x169.jpeg 300w, https:\/\/xn--tuvozdiasporaespaola-k7b.com\/wp-content\/uploads\/2024\/04\/791181739_235746108_1706x960-768x432.jpeg 768w, https:\/\/xn--tuvozdiasporaespaola-k7b.com\/wp-content\/uploads\/2024\/04\/791181739_235746108_1706x960.jpeg 1068w\" sizes=\"(max-width: 1024px) 100vw, 1024px\" \/><\/figure>\n<\/figure>\n\n\n\n<p>En 2013 la Uni\u00f3n Africana en el contexto de la conmemoraci\u00f3n de los 50 a\u00f1os de la antigua Organizaci\u00f3n para la Unidad Africana, presentaba su flamante \u201cagenda 2063&#8243; un conjunto de medidas y objetivos que dibujaban a cinco d\u00e9cadas vista un continente libre de pobreza (una utop\u00eda), econ\u00f3micamente m\u00e1s integrado, pol\u00edticamente capaz de minimizar la presencia e impacto de la violencia armada y culturalmente anclado en valores de un nuevo panafricanismo que aspiraba a dejar atr\u00e1s las dependencias de las potencias.<\/p>\n\n\n\n<p>Todos estos vientos de cambio que se instalaban en el imaginario social, cayeron de la escena, ya que a nivel global coexistian con otras tendencias, es decir, determinantes geopol\u00edticos que dibujaban un continente complejo y hac\u00edan que \u00c1frica caminara en diferentes direcciones, sin rumbo propio, nada nuevo.<\/p>\n\n\n\n<p>El lidiar con la pandemia y sus efectos supuso no s\u00f3lo para el continente africano sino para la realidad global un punto de inflexi\u00f3n.<\/p>\n\n\n\n<p>\u00c1frica pudo hacerle frente a la primera ola de covid-19, el papel del Centro para el Control y la Prevenci\u00f3n de Enfermedades un organismo creado en el seno de la UA tras la crisis provocada por la epidemia del \u00c9bola que afect\u00f3 a varios pa\u00edses de \u00c1frica Occidental entre 2014 y 2016, fue crucial al respecto. Pero m\u00e1s all\u00e1 de la gesti\u00f3n exitosa que la AU logr\u00f3 en esta primera fase de la pandemia el continente africano ha quedado atrapado en la geopol\u00edtica internacional.<\/p>\n\n\n\n<p>Si bien los estragos humanos causados por el covid-19 fueron limitados, no as\u00ed los econ\u00f3micos, es decir pol\u00edticos por ende sociales.<\/p>\n\n\n\n<p>Estos determinantes politicos-economicos han profundizado los problemas de inseguridad alimentaria e inestabilidad politica-social.<\/p>\n\n\n\n<p>Asimismo la pandemia fue tambi\u00e9n la excusa para que determinados reg\u00edmenes pol\u00edticos endurecieran sus pol\u00edticas para mantener el statu quo, reprimiendo manifestaciones opositoras de las mayor\u00edas, como de las minor\u00edas.<\/p>\n\n\n\n<p>Luego de dos a\u00f1os del punto de inflexi\u00f3n efecto de la pandemia el continente africano como todo el planeta, sobre todo la regi\u00f3n del Cuerno de \u00c1frica dependiente de las reservas de cereales procedentes de Ucrania o Rusia volvi\u00f3 a incrementar la crisis alimentaria, es decir agudizar la crisis pol\u00edtica-social.<\/p>\n\n\n\n<p>La llamada \u201cNueva Disputa por \u00c1frica\u201d ha convertido a la regi\u00f3n en un tablero geopol\u00edtico, con movimientos t\u00e1cticos de primer orden, en el que adem\u00e1s de las potencias occidentales, ahora juegan China, Turqu\u00eda, India y Rusia.<\/p>\n\n\n\n<figure class=\"wp-block-gallery has-nested-images columns-default is-cropped wp-block-gallery-2 is-layout-flex wp-block-gallery-is-layout-flex\">\n<figure class=\"wp-block-image size-large\"><img decoding=\"async\" width=\"1024\" height=\"768\" data-id=\"5429\" src=\"https:\/\/xn--tuvozdiasporaespaola-k7b.com\/wp-content\/uploads\/2024\/04\/descarga-1024x768.jpeg\" alt=\"\" class=\"wp-image-5429\" srcset=\"https:\/\/xn--tuvozdiasporaespaola-k7b.com\/wp-content\/uploads\/2024\/04\/descarga-1024x768.jpeg 1024w, https:\/\/xn--tuvozdiasporaespaola-k7b.com\/wp-content\/uploads\/2024\/04\/descarga-300x225.jpeg 300w, https:\/\/xn--tuvozdiasporaespaola-k7b.com\/wp-content\/uploads\/2024\/04\/descarga-768x576.jpeg 768w, https:\/\/xn--tuvozdiasporaespaola-k7b.com\/wp-content\/uploads\/2024\/04\/descarga.jpeg 1200w\" sizes=\"(max-width: 1024px) 100vw, 1024px\" \/><\/figure>\n<\/figure>\n\n\n\n<p>Estos mismos han intensificado sus agendas diplom\u00e1ticas de forma extraordinaria.<\/p>\n\n\n\n<p>En lo que respecta al conflicto b\u00e9lico en Medio Oriente y la participaci\u00f3n de Ir\u00e1n, no quedan dudas que esto \u00faltimo afectar\u00e1 al continente africano.<\/p>\n\n\n\n<p>El comercio entre \u00c1frica e Ir\u00e1n hab\u00eda aumentado entre 2005 y 2007, luego cay\u00f3 a partir de fines de 2007 efecto de la crisis financiera mundial y los bloqueos impuestos a la Rep\u00fablica Isl\u00e1mica en virtud de una resoluci\u00f3n del Consejo de Seguridad de la ONU (Organizaci\u00f3n de las Naciones Unidas).<\/p>\n","protected":false},"excerpt":{"rendered":"<p>Por Jes\u00fas Rivero, Rosario, Argentina \u00c1frica ha sido el basurero del sistema capitalista, desde el inicio del mismo, el presente no es la excepci\u00f3n. &#8230; <\/p>\n<p class=\"read-more-container\"><a title=\"Los efectos geopol\u00edticos sobre el continente africano\" class=\"read-more button\" href=\"https:\/\/xn--tuvozdiasporaespaola-k7b.com\/page\/2\/los-efectos-geopoliticos-sobre-el-continente-africano\/#more-5425\" aria-label=\"M\u00e1s en Los efectos geopol\u00edticos sobre el continente africano\">Leer m\u00e1s<\/a><\/p>\n","protected":false},"author":222560522,"featured_media":5431,"comment_status":"open","ping_status":"open","sticky":false,"template":"","format":"standard","meta":{"footnotes":""},"categories":[121869],"tags":[],"class_list":["post-5425","post","type-post","status-publish","format-standard","has-post-thumbnail","hentry","category-internaciones","resize-featured-image"],"_links":{"self":[{"href":"https:\/\/xn--tuvozdiasporaespaola-k7b.com\/page\/2\/wp-json\/wp\/v2\/posts\/5425","targetHints":{"allow":["GET"]}}],"collection":[{"href":"https:\/\/xn--tuvozdiasporaespaola-k7b.com\/page\/2\/wp-json\/wp\/v2\/posts"}],"about":[{"href":"https:\/\/xn--tuvozdiasporaespaola-k7b.com\/page\/2\/wp-json\/wp\/v2\/types\/post"}],"author":[{"embeddable":true,"href":"https:\/\/xn--tuvozdiasporaespaola-k7b.com\/page\/2\/wp-json\/wp\/v2\/users\/222560522"}],"replies":[{"embeddable":true,"href":"https:\/\/xn--tuvozdiasporaespaola-k7b.com\/page\/2\/wp-json\/wp\/v2\/comments?post=5425"}],"version-history":[{"count":2,"href":"https:\/\/xn--tuvozdiasporaespaola-k7b.com\/page\/2\/wp-json\/wp\/v2\/posts\/5425\/revisions"}],"predecessor-version":[{"id":5432,"href":"https:\/\/xn--tuvozdiasporaespaola-k7b.com\/page\/2\/wp-json\/wp\/v2\/posts\/5425\/revisions\/5432"}],"wp:featuredmedia":[{"embeddable":true,"href":"https:\/\/xn--tuvozdiasporaespaola-k7b.com\/page\/2\/wp-json\/wp\/v2\/media\/5431"}],"wp:attachment":[{"href":"https:\/\/xn--tuvozdiasporaespaola-k7b.com\/page\/2\/wp-json\/wp\/v2\/media?parent=5425"}],"wp:term":[{"taxonomy":"category","embeddable":true,"href":"https:\/\/xn--tuvozdiasporaespaola-k7b.com\/page\/2\/wp-json\/wp\/v2\/categories?post=5425"},{"taxonomy":"post_tag","embeddable":true,"href":"https:\/\/xn--tuvozdiasporaespaola-k7b.com\/page\/2\/wp-json\/wp\/v2\/tags?post=5425"}],"curies":[{"name":"wp","href":"https:\/\/api.w.org\/{rel}","templated":true}]}}