{"id":5405,"date":"2024-04-23T19:13:37","date_gmt":"2024-04-23T22:13:37","guid":{"rendered":"https:\/\/xn--tuvozdiasporaespaola-k7b.com\/page\/2\/?p=5405"},"modified":"2024-04-23T20:11:42","modified_gmt":"2024-04-23T23:11:42","slug":"la-marcha-universitaria-convoco-a-cerca-de-900-000-personas-en-buenos-aires","status":"publish","type":"post","link":"https:\/\/xn--tuvozdiasporaespaola-k7b.com\/page\/2\/la-marcha-universitaria-convoco-a-cerca-de-900-000-personas-en-buenos-aires\/","title":{"rendered":"La Marcha Universitaria convoc\u00f3 a cerca de 900.000 personas en Buenos Aires."},"content":{"rendered":"\n<p>Por Francisco L\u00f3pez,  Redacci\u00f3n Revista TU VOZ,  Buenos Aires   Argentina. <\/p>\n\n\n\n<p>Bajo el lema \u00abEn defensa de la educaci\u00f3n p\u00fablica\u00bb, la multitudinaria movilizaci\u00f3n cop\u00f3 la Plaza de Mayo, donde en estos momentos se lee un comunicado elaborado de forma consensuada entre la UBA, todas las facultades y otras universidades nacionales.<\/p>\n\n\n\n<p>Esta Marcha ha terminado con un acto central en la Plaza de Mayo.<\/p>\n\n\n\n<figure class=\"wp-block-gallery has-nested-images columns-default is-cropped wp-block-gallery-1 is-layout-flex wp-block-gallery-is-layout-flex\">\n<figure class=\"wp-block-image size-large\"><img fetchpriority=\"high\" decoding=\"async\" width=\"461\" height=\"1024\" data-id=\"5409\" src=\"https:\/\/xn--tuvozdiasporaespaola-k7b.com\/wp-content\/uploads\/2024\/04\/20240423_171523-461x1024.jpg\" alt=\"\" class=\"wp-image-5409\" srcset=\"https:\/\/xn--tuvozdiasporaespaola-k7b.com\/wp-content\/uploads\/2024\/04\/20240423_171523-461x1024.jpg 461w, https:\/\/xn--tuvozdiasporaespaola-k7b.com\/wp-content\/uploads\/2024\/04\/20240423_171523-135x300.jpg 135w, https:\/\/xn--tuvozdiasporaespaola-k7b.com\/wp-content\/uploads\/2024\/04\/20240423_171523-768x1707.jpg 768w, https:\/\/xn--tuvozdiasporaespaola-k7b.com\/wp-content\/uploads\/2024\/04\/20240423_171523-691x1536.jpg 691w, https:\/\/xn--tuvozdiasporaespaola-k7b.com\/wp-content\/uploads\/2024\/04\/20240423_171523-922x2048.jpg 922w, https:\/\/xn--tuvozdiasporaespaola-k7b.com\/wp-content\/uploads\/2024\/04\/20240423_171523-scaled.jpg 1152w\" sizes=\"(max-width: 461px) 100vw, 461px\" \/><\/figure>\n<\/figure>\n\n\n\n<p>Este  acto que comenz\u00f3 a las 18 horas de este 23 de Abril dio comienzo con la lectura de un documento redactado entre las autoridades de las universidades. <\/p>\n\n\n\n<p>Para ello, se mont\u00f3 un escenario en Plaza de Mayo, donde por peticion de los referentes de las Casas de Altos estudios no habr\u00e1 ning\u00fan dirigente pol\u00edtico.<\/p>\n\n\n\n<p>El eje ha sido reclamar m\u00e1s presupuesto, repitiendo la consigna que desat\u00f3 el conflicto: las partidas son las mismas de 2023 pese a los altos \u00edndices de inflaci\u00f3n que devaluaron la moneda. <\/p>\n\n\n\n<p>As\u00ed, los recursos se vieron reducidos en t\u00e9rminos reales en un 70%, aseguran. \u00abEl eje del texto ha consistido en exigir m\u00e1s presupuesto para la universidad, porque as\u00ed no podemos seguir funcionando\u00bb.<\/p>\n\n\n\n<p>Seg\u00fan los organizadores, se movilizaron 900 mil personas contra las pol\u00edticas del presidente Javier Milei. Docentes, no docentes y estudiantes universitarios fueron los convocantes de esta movilizaci\u00f3n masiva, que en la previa cont\u00f3 con el apoyo de distintos sectores del espectro pol\u00edtico: respaldaron la marcha el peronismo, gran parte del radicalismo, la Confederaci\u00f3n General del Trabajo (CGT), la izquierda, los movimientos sociales, referentes de universidades privadas, gremios docentes de primaria y secundaria y ciudadanos comprometidos con la causa de las universidades p\u00fablicas.<\/p>\n\n\n\n<p>En el acto de cierre de la plaza de mayo intervinieron diversos dirigentes sindicales educativos y de Derechos Humanos.<\/p>\n\n\n\n<figure class=\"wp-block-gallery has-nested-images columns-default is-cropped wp-block-gallery-2 is-layout-flex wp-block-gallery-is-layout-flex\">\n<figure class=\"wp-block-image size-large\"><img decoding=\"async\" width=\"609\" height=\"1024\" data-id=\"5411\" src=\"https:\/\/xn--tuvozdiasporaespaola-k7b.com\/wp-content\/uploads\/2024\/04\/20240423_180044-1-609x1024.jpg\" alt=\"\" class=\"wp-image-5411\" srcset=\"https:\/\/xn--tuvozdiasporaespaola-k7b.com\/wp-content\/uploads\/2024\/04\/20240423_180044-1-609x1024.jpg 609w, https:\/\/xn--tuvozdiasporaespaola-k7b.com\/wp-content\/uploads\/2024\/04\/20240423_180044-1-178x300.jpg 178w, https:\/\/xn--tuvozdiasporaespaola-k7b.com\/wp-content\/uploads\/2024\/04\/20240423_180044-1-768x1291.jpg 768w, https:\/\/xn--tuvozdiasporaespaola-k7b.com\/wp-content\/uploads\/2024\/04\/20240423_180044-1-914x1536.jpg 914w, https:\/\/xn--tuvozdiasporaespaola-k7b.com\/wp-content\/uploads\/2024\/04\/20240423_180044-1-1218x2048.jpg 1218w, https:\/\/xn--tuvozdiasporaespaola-k7b.com\/wp-content\/uploads\/2024\/04\/20240423_180044-1-scaled.jpg 1523w\" sizes=\"(max-width: 609px) 100vw, 609px\" \/><\/figure>\n<\/figure>\n\n\n\n<p>El secretario general de la FEDUN, Daniel Ricci: \u00abEste acto que era un acto de universitarios se convirti\u00f3 en un acto de todos los argentinos\u201d.<\/p>\n\n\n\n<p>Oscar Vallejos de la Conadu Hist\u00f3rica denunci\u00f3: \u00abEste Gobierno pretende desmantelar la universidad p\u00fablica y todas las agencias p\u00fablicas que buscan garantizar el bienestar social. Solamente quieren mantener el Estado para garantizar el latrocinio y la represi\u00f3n.\u00bb. \u00abEsta plaza lo que demuestra es que es inadmisible que el presidente quiera destruir una de las instituciones m\u00e1s importantes de nuestra sociedad para garantizar igualdad y solidaridad\u00bb.<\/p>\n\n\n\n<p>Norberto Heyaca, docente de la UTN destac\u00f3 que \u00abla universidad p\u00fablica es parte de la soluci\u00f3n, no del problema\u00bb. \u00abCu\u00e1ntos en esta plaza somos o vamos a ser primeros profesionales de nuestra familia. Eso muestra el valor de la universidad p\u00fablica\u00bb, expuso \u00abEstamos aqu\u00ed para decirles a quienes est\u00e1n en esa casa pintada de rosa y en esa otra casa tan bonita con una c\u00fapula verde que dejamos atr\u00e1s que hay que dialogar m\u00e1s\u00bb.<\/p>\n\n\n\n<p>Sergio Romero de UDA (Uni\u00f3n de Docentes Argentinos), tambi\u00e9n apunt\u00f3 a las pol\u00edticas de Javier Milei: \u00abLo que hay que hacer es cumplir, financiar y aprobar las leyes\u00bb. Adem\u00e1s, agreg\u00f3 que \u00abesta lucha reci\u00e9n comienza\u00bb y record\u00f3: \u00abNosotros ya hicimos un paro general con los sindicatos compa\u00f1eros docentes\u00bb. \u00abQueremos garantizar la paz social pero el Gobierno nos la pone dif\u00edcil\u00bb.<\/p>\n\n\n\n<figure class=\"wp-block-gallery has-nested-images columns-default is-cropped wp-block-gallery-3 is-layout-flex wp-block-gallery-is-layout-flex\">\n<figure class=\"wp-block-image size-large\"><img decoding=\"async\" width=\"1024\" height=\"1024\" data-id=\"5420\" src=\"https:\/\/xn--tuvozdiasporaespaola-k7b.com\/wp-content\/uploads\/2024\/04\/20240423_201018-1024x1024.jpg\" alt=\"\" class=\"wp-image-5420\" srcset=\"https:\/\/xn--tuvozdiasporaespaola-k7b.com\/wp-content\/uploads\/2024\/04\/20240423_201018-1024x1024.jpg 1024w, https:\/\/xn--tuvozdiasporaespaola-k7b.com\/wp-content\/uploads\/2024\/04\/20240423_201018-300x300.jpg 300w, https:\/\/xn--tuvozdiasporaespaola-k7b.com\/wp-content\/uploads\/2024\/04\/20240423_201018-150x150.jpg 150w, https:\/\/xn--tuvozdiasporaespaola-k7b.com\/wp-content\/uploads\/2024\/04\/20240423_201018-768x768.jpg 768w, https:\/\/xn--tuvozdiasporaespaola-k7b.com\/wp-content\/uploads\/2024\/04\/20240423_201018-1536x1536.jpg 1536w, https:\/\/xn--tuvozdiasporaespaola-k7b.com\/wp-content\/uploads\/2024\/04\/20240423_201018-2048x2048.jpg 2048w\" sizes=\"(max-width: 1024px) 100vw, 1024px\" \/><\/figure>\n<\/figure>\n\n\n\n<p>Sonia Alesso del sindicato docente Ctera, tambi\u00e9n habl\u00f3 y vincul\u00f3 el conflicto universitario con la desfinanciaci\u00f3n de todo el sistema educativo p\u00fablico: \u00abEstamos ac\u00e1 defendiendo el Fonid, el presupuesto universitario, de las escuelas y la inversi\u00f3n educativa. Necesitamos leyes que mejoren el presupuesto para la educaci\u00f3n y para salir de la crisis.\u201d<\/p>\n\n\n\n<p>El dirigente Carlos de Feo de Conadu asegur\u00f3: \u00abLos universitarios demostramos hoy que vamos a estar junto al pueblo dando la lucha\u00bb. En su discurso frente a una Plaza de Mayo colmada, asegur\u00f3: \u00abHoy estamos defendiendo la universidad y ma\u00f1ana estaremos defendiendo al pueblo frente al ajuste. Nuestra universidad se vestir\u00e1 de negro, de obrero para luchar junto al pueblo\u00bb.<\/p>\n\n\n\n<p>El premio N\u00f3bel de la Paz, Adolfo P\u00e9rez Esquivel, defendi\u00f3 la universidad \u00abp\u00fablica, libre y gratuita\u00bb y destac\u00f3: \u00abEs una de las grandes conquistas de nuestro pueblo y no la vamos a renunciar\u00bb. \u00abAqu\u00ed lo importante es que no todos tenemos que pensar igual. El objetivo central de la educaci\u00f3n es crear conciencias cr\u00edticas\u00bb.<\/p>\n\n\n\n<p>Taty Almeida , la referente de Madres de Plaza de Mayo habl\u00f3 primera en el acto de la Marcha Universitaria en Plaza de Mayo y celebr\u00f3: \u00abYo tambi\u00e9n ca\u00ed en la educaci\u00f3n p\u00fablica\u00bb. Adem\u00e1s critic\u00f3 a Javier Milei y su Gobierno por \u00abdesfinanciar a las universidades p\u00fablicas\u00bb.<\/p>\n\n\n\n<figure class=\"wp-block-gallery has-nested-images columns-default is-cropped wp-block-gallery-4 is-layout-flex wp-block-gallery-is-layout-flex\">\n<figure class=\"wp-block-image size-large\"><img loading=\"lazy\" decoding=\"async\" width=\"1024\" height=\"1024\" data-id=\"5418\" src=\"https:\/\/xn--tuvozdiasporaespaola-k7b.com\/wp-content\/uploads\/2024\/04\/20240423_193332-1-1024x1024.jpg\" alt=\"\" class=\"wp-image-5418\" srcset=\"https:\/\/xn--tuvozdiasporaespaola-k7b.com\/wp-content\/uploads\/2024\/04\/20240423_193332-1-1024x1024.jpg 1024w, https:\/\/xn--tuvozdiasporaespaola-k7b.com\/wp-content\/uploads\/2024\/04\/20240423_193332-1-300x300.jpg 300w, https:\/\/xn--tuvozdiasporaespaola-k7b.com\/wp-content\/uploads\/2024\/04\/20240423_193332-1-150x150.jpg 150w, https:\/\/xn--tuvozdiasporaespaola-k7b.com\/wp-content\/uploads\/2024\/04\/20240423_193332-1-768x768.jpg 768w, https:\/\/xn--tuvozdiasporaespaola-k7b.com\/wp-content\/uploads\/2024\/04\/20240423_193332-1-1536x1536.jpg 1536w, https:\/\/xn--tuvozdiasporaespaola-k7b.com\/wp-content\/uploads\/2024\/04\/20240423_193332-1-2048x2048.jpg 2048w\" sizes=\"(max-width: 1024px) 100vw, 1024px\" \/><\/figure>\n<\/figure>\n\n\n\n<p>Esta Marcha tambi\u00e9n tuvo gran participacion en el resto de provincias , como Tucum\u00e1n,  C\u00f3rdoba,  Santa Fe , Mendoza,  etc&#8230; as\u00ed como en poblaciones del interior, en ellas particip\u00f3 PODEMOS ARGENTINA  y su militancia repartida en todo el pa\u00eds.<\/p>\n","protected":false},"excerpt":{"rendered":"<p>Por Francisco L\u00f3pez, Redacci\u00f3n Revista TU VOZ, Buenos Aires Argentina. Bajo el lema \u00abEn defensa de la educaci\u00f3n p\u00fablica\u00bb, la multitudinaria movilizaci\u00f3n cop\u00f3 la &#8230; <\/p>\n<p class=\"read-more-container\"><a title=\"La Marcha Universitaria convoc\u00f3 a cerca de 900.000 personas en Buenos Aires.\" class=\"read-more button\" href=\"https:\/\/xn--tuvozdiasporaespaola-k7b.com\/page\/2\/la-marcha-universitaria-convoco-a-cerca-de-900-000-personas-en-buenos-aires\/#more-5405\" aria-label=\"M\u00e1s en La Marcha Universitaria convoc\u00f3 a cerca de 900.000 personas en Buenos Aires.\">Leer m\u00e1s<\/a><\/p>\n","protected":false},"author":222560522,"featured_media":5413,"comment_status":"open","ping_status":"open","sticky":false,"template":"","format":"standard","meta":{"footnotes":""},"categories":[121850],"tags":[],"class_list":["post-5405","post","type-post","status-publish","format-standard","has-post-thumbnail","hentry","category-politica","resize-featured-image"],"_links":{"self":[{"href":"https:\/\/xn--tuvozdiasporaespaola-k7b.com\/page\/2\/wp-json\/wp\/v2\/posts\/5405","targetHints":{"allow":["GET"]}}],"collection":[{"href":"https:\/\/xn--tuvozdiasporaespaola-k7b.com\/page\/2\/wp-json\/wp\/v2\/posts"}],"about":[{"href":"https:\/\/xn--tuvozdiasporaespaola-k7b.com\/page\/2\/wp-json\/wp\/v2\/types\/post"}],"author":[{"embeddable":true,"href":"https:\/\/xn--tuvozdiasporaespaola-k7b.com\/page\/2\/wp-json\/wp\/v2\/users\/222560522"}],"replies":[{"embeddable":true,"href":"https:\/\/xn--tuvozdiasporaespaola-k7b.com\/page\/2\/wp-json\/wp\/v2\/comments?post=5405"}],"version-history":[{"count":6,"href":"https:\/\/xn--tuvozdiasporaespaola-k7b.com\/page\/2\/wp-json\/wp\/v2\/posts\/5405\/revisions"}],"predecessor-version":[{"id":5421,"href":"https:\/\/xn--tuvozdiasporaespaola-k7b.com\/page\/2\/wp-json\/wp\/v2\/posts\/5405\/revisions\/5421"}],"wp:featuredmedia":[{"embeddable":true,"href":"https:\/\/xn--tuvozdiasporaespaola-k7b.com\/page\/2\/wp-json\/wp\/v2\/media\/5413"}],"wp:attachment":[{"href":"https:\/\/xn--tuvozdiasporaespaola-k7b.com\/page\/2\/wp-json\/wp\/v2\/media?parent=5405"}],"wp:term":[{"taxonomy":"category","embeddable":true,"href":"https:\/\/xn--tuvozdiasporaespaola-k7b.com\/page\/2\/wp-json\/wp\/v2\/categories?post=5405"},{"taxonomy":"post_tag","embeddable":true,"href":"https:\/\/xn--tuvozdiasporaespaola-k7b.com\/page\/2\/wp-json\/wp\/v2\/tags?post=5405"}],"curies":[{"name":"wp","href":"https:\/\/api.w.org\/{rel}","templated":true}]}}