{"id":5397,"date":"2024-04-22T13:17:24","date_gmt":"2024-04-22T16:17:24","guid":{"rendered":"https:\/\/xn--tuvozdiasporaespaola-k7b.com\/page\/2\/?p=5397"},"modified":"2024-04-22T13:17:25","modified_gmt":"2024-04-22T16:17:25","slug":"aun-no-hemos-visto-lo-peor-irene-montero","status":"publish","type":"post","link":"https:\/\/xn--tuvozdiasporaespaola-k7b.com\/page\/2\/aun-no-hemos-visto-lo-peor-irene-montero\/","title":{"rendered":"\u201cA\u00daN NO HEMOS VISTO LO PEOR\u201d Irene Montero"},"content":{"rendered":"\n<p>Por Walter C. Medina<\/p>\n\n\n\n<p>Irene Montero habl\u00f3 de la violencia machista \u201cRadicalizar la Democracia\u201d, un encuentro feminista en la Universidad Nacional de Buenos Aires, <strong>Irene Montero, Secretaria Pol\u00edtica de Podemos, ex Ministra de Igualdad del Estado Espa\u00f1ol e integrante de la Internacional Feminista, estuvo presente en el encuentro \u201cRadicalizar la Democracia\u201d que se realiz\u00f3 en la Facultad de Ciencia s Sociales de la UBA.<\/strong><\/p>\n\n\n\n<p>En dicho encuentro, del que participaron relevantes activistas sociales, feministas y actores del progresismo, Montero hizo hincapi\u00e9 en el objetivo de la militancia manifestando que \u201cPensar que el poder al que nos enfrentamos es tan grande que no tenemos posibilidad de victoria y que entonces no merece la pena organizarse y luchar, es bastante disciplinador, es bastante evasivo.<\/p>\n\n\n\n<figure class=\"wp-block-gallery has-nested-images columns-default is-cropped wp-block-gallery-1 is-layout-flex wp-block-gallery-is-layout-flex\">\n<figure class=\"wp-block-image size-large\"><img fetchpriority=\"high\" decoding=\"async\" width=\"1024\" height=\"1024\" data-id=\"5399\" src=\"https:\/\/xn--tuvozdiasporaespaola-k7b.com\/wp-content\/uploads\/2024\/04\/IMG_20240420_152655_580-1024x1024.webp\" alt=\"\" class=\"wp-image-5399\" srcset=\"https:\/\/xn--tuvozdiasporaespaola-k7b.com\/wp-content\/uploads\/2024\/04\/IMG_20240420_152655_580-1024x1024.webp 1024w, https:\/\/xn--tuvozdiasporaespaola-k7b.com\/wp-content\/uploads\/2024\/04\/IMG_20240420_152655_580-300x300.webp 300w, https:\/\/xn--tuvozdiasporaespaola-k7b.com\/wp-content\/uploads\/2024\/04\/IMG_20240420_152655_580-150x150.webp 150w, https:\/\/xn--tuvozdiasporaespaola-k7b.com\/wp-content\/uploads\/2024\/04\/IMG_20240420_152655_580-768x768.webp 768w, https:\/\/xn--tuvozdiasporaespaola-k7b.com\/wp-content\/uploads\/2024\/04\/IMG_20240420_152655_580.webp 1080w\" sizes=\"(max-width: 1024px) 100vw, 1024px\" \/><\/figure>\n<\/figure>\n\n\n\n<p> A muchas compa\u00f1eras les puede resultar imprudente luchar para ganar, porque incluso si ganamos esa victoria va a venir contra nosotras en forma de violencia pol\u00edtica, en forma de represi\u00f3n, incluso de soledad. Y yo creo que ese es un objetivo de la violencia pol\u00edtica\u201d.<\/p>\n\n\n\n<p>En el mismo sentido, Montero explic\u00f3 que lo que resulta interesante es que \u201cpensar en violencia pol\u00edtica es interesante porque es una forma de violencia machista contra las mujeres y porque adem\u00e1s no hemos visto lo peor, y hay compa\u00f1eras asesinadas por ser estandartes de lucha. <\/p>\n\n\n\n<figure class=\"wp-block-gallery has-nested-images columns-default is-cropped wp-block-gallery-2 is-layout-flex wp-block-gallery-is-layout-flex\">\n<figure class=\"wp-block-image size-large\"><img decoding=\"async\" width=\"768\" height=\"1024\" data-id=\"5400\" src=\"https:\/\/xn--tuvozdiasporaespaola-k7b.com\/wp-content\/uploads\/2024\/04\/IMG-20240420-WA0009-768x1024.jpg\" alt=\"\" class=\"wp-image-5400\" srcset=\"https:\/\/xn--tuvozdiasporaespaola-k7b.com\/wp-content\/uploads\/2024\/04\/IMG-20240420-WA0009-768x1024.jpg 768w, https:\/\/xn--tuvozdiasporaespaola-k7b.com\/wp-content\/uploads\/2024\/04\/IMG-20240420-WA0009-225x300.jpg 225w, https:\/\/xn--tuvozdiasporaespaola-k7b.com\/wp-content\/uploads\/2024\/04\/IMG-20240420-WA0009-1152x1536.jpg 1152w, https:\/\/xn--tuvozdiasporaespaola-k7b.com\/wp-content\/uploads\/2024\/04\/IMG-20240420-WA0009.jpg 1200w\" sizes=\"(max-width: 768px) 100vw, 768px\" \/><\/figure>\n<\/figure>\n\n\n\n<p>Est\u00e1 muy extendido entre las compa\u00f1eras que est\u00e1n en la instituci\u00f3n y en los movimientos sociales, en el poder judicial, en el \u00e1mbito medi\u00e1tico, hay represi\u00f3n y hay problemas laborales por las compa\u00f1eras que est\u00e1n reivindicando derechos feministas o poni\u00e9ndose al frente de batallas feminista en todos los \u00e1mbitos de poder. <\/p>\n\n\n\n<p>Y con una violencia que llega a tener relevancia p\u00fablica. Una violencia que muchas veces pasa como de menor intensidad a lo que se refiere al conocimiento p\u00fablico pero no a la afectaci\u00f3n en esa compa\u00f1era que puede terminar pas\u00e1ndolo muy mal. Pero insisto en que no hemos visto lo peor a\u00fan, porque el feminismo no va a parar, porque el feminismo es de los procesos pol\u00edticos el motor de los procesos pol\u00edticos, no hay otro m\u00e1s fuerte. <\/p>\n\n\n\n<p>No nos vamos a resignar, y precisamente por eso creo que el castigo va a ser m\u00e1s ejemplarizante todav\u00eda y que la violencia va a ser mayor. Porque si nuestros adversarios, despu\u00e9s de dar golpes de Estado, despu\u00e9s de asesinar a compa\u00f1eras, de recuperar el poder cuando lo han perdido, todav\u00eda no consiguen que paremos, me parece que el enfado va a ir a m\u00e1s, y la violencia va a ir a m\u00e1s\u201d.<\/p>\n\n\n\n<p>Montero manifest\u00f3 la importancia del debate sobre la violencia pol\u00edtica y sus formas de expresi\u00f3n. \u201cEllos usan la violencia pol\u00edtica porque funciona. La violencia pol\u00edtica disciplina, hace que haya compa\u00f1eras que no quieran poner el cuerpo, o que quieran armarizarse porque no quieren exponer su cuerpo, su vida y su vulnerabilidad en determinados contextos en donde saben que la violencia puede ser una discriminaci\u00f3n o una p\u00e9rdida de derechos o el asesinato. <\/p>\n\n\n\n<p>Ellos saben que funciona, que nos hace dudar de nosotras mismas. La mayor ofensiva que ha habido en Espa\u00f1a en la \u00faltima legislatura ha tenido que ver con el derecho a la libertad sexual. Y en los momentos m\u00e1s dif\u00edciles costaba salir a la calle porque en ese momento ten\u00eda un gran costo pol\u00edtico\u201d<\/p>\n\n\n\n<p>Montero reflexion\u00f3 acerca de la importancia de garantizar los derechos \u201csin que esto anule nuestra capacidad de disentir, de ser autocr\u00edticas. Como compa\u00f1eras debemos garantizar ese proceso que nos permite ir a la ofensiva en el momento del pico de la violencia que es cuando m\u00e1s dif\u00edcil es salir o cuando m\u00e1s sola se  est\u00e1 sintiendo una compa\u00f1era\u201d. <\/p>\n\n\n\n<p>La violencia pol\u00edtica no es un d\u00eda en el que te insultan, seg\u00fan sostuvo en su participaci\u00f3n Montero, \u201cEs un proceso constante, de escrutinio de la vida privada, de cuestionamiento de tus capacidades, de violencia f\u00edsica con diferentes grados de agresividad que puede incluir agresiones sexuales e incluso el asesinato. <\/p>\n\n\n\n<p>Pero es un proceso cont\u00ednuo que lo que busca es la ruptura del v\u00ednculo con las compa\u00f1eras y que no te merezca la pena seguir luchando y que tu estado sea de completa vulnerabilidad, que es lo contrario a la capacidad de transformaci\u00f3n. Si t\u00fa eres un cuerpo vulnerable no puedes enfrentar la violencia. Y para esto vale la guerra judicial, la medi\u00e1tica, el escrutinio de la vida privada, vale todo lo que haga falta para cuestionar a esa o esas compa\u00f1eras que ocupan temporalmente una posici\u00f3n de mayor visibilidad o relevancia\u201d.<\/p>\n\n\n\n<figure class=\"wp-block-gallery has-nested-images columns-default is-cropped wp-block-gallery-3 is-layout-flex wp-block-gallery-is-layout-flex\">\n<figure class=\"wp-block-image size-large\"><img decoding=\"async\" width=\"995\" height=\"995\" data-id=\"5398\" src=\"https:\/\/xn--tuvozdiasporaespaola-k7b.com\/wp-content\/uploads\/2024\/04\/IMG_20240420_152655_016.webp\" alt=\"\" class=\"wp-image-5398\" srcset=\"https:\/\/xn--tuvozdiasporaespaola-k7b.com\/wp-content\/uploads\/2024\/04\/IMG_20240420_152655_016.webp 995w, https:\/\/xn--tuvozdiasporaespaola-k7b.com\/wp-content\/uploads\/2024\/04\/IMG_20240420_152655_016-300x300.webp 300w, https:\/\/xn--tuvozdiasporaespaola-k7b.com\/wp-content\/uploads\/2024\/04\/IMG_20240420_152655_016-150x150.webp 150w, https:\/\/xn--tuvozdiasporaespaola-k7b.com\/wp-content\/uploads\/2024\/04\/IMG_20240420_152655_016-768x768.webp 768w\" sizes=\"(max-width: 995px) 100vw, 995px\" \/><figcaption class=\"wp-element-caption\">Podemos Argentina  , junto a Irene Montero.<\/figcaption><\/figure>\n<\/figure>\n\n\n\n<p>Luego de este encuentro en la Universidad Nacional de Buenos Aires Montero mantuvo una reuni\u00f3n con Podemos Argentina, en la que se trataron temas relacionados con la di\u00e1spora espa\u00f1ola y se analizaron las propuestas que podr\u00eda llevar como Diputada en las pr\u00f3ximas elecciones al Parlamento de Europa que se celebrar\u00e1n en el mes de junio.   <\/p>\n","protected":false},"excerpt":{"rendered":"<p>Por Walter C. Medina Irene Montero habl\u00f3 de la violencia machista \u201cRadicalizar la Democracia\u201d, un encuentro feminista en la Universidad Nacional de Buenos Aires, &#8230; <\/p>\n<p class=\"read-more-container\"><a title=\"\u201cA\u00daN NO HEMOS VISTO LO PEOR\u201d Irene Montero\" class=\"read-more button\" href=\"https:\/\/xn--tuvozdiasporaespaola-k7b.com\/page\/2\/aun-no-hemos-visto-lo-peor-irene-montero\/#more-5397\" aria-label=\"M\u00e1s en \u201cA\u00daN NO HEMOS VISTO LO PEOR\u201d Irene Montero\">Leer m\u00e1s<\/a><\/p>\n","protected":false},"author":222560522,"featured_media":5401,"comment_status":"open","ping_status":"open","sticky":false,"template":"","format":"standard","meta":{"footnotes":""},"categories":[121850],"tags":[],"class_list":["post-5397","post","type-post","status-publish","format-standard","has-post-thumbnail","hentry","category-politica","resize-featured-image"],"_links":{"self":[{"href":"https:\/\/xn--tuvozdiasporaespaola-k7b.com\/page\/2\/wp-json\/wp\/v2\/posts\/5397","targetHints":{"allow":["GET"]}}],"collection":[{"href":"https:\/\/xn--tuvozdiasporaespaola-k7b.com\/page\/2\/wp-json\/wp\/v2\/posts"}],"about":[{"href":"https:\/\/xn--tuvozdiasporaespaola-k7b.com\/page\/2\/wp-json\/wp\/v2\/types\/post"}],"author":[{"embeddable":true,"href":"https:\/\/xn--tuvozdiasporaespaola-k7b.com\/page\/2\/wp-json\/wp\/v2\/users\/222560522"}],"replies":[{"embeddable":true,"href":"https:\/\/xn--tuvozdiasporaespaola-k7b.com\/page\/2\/wp-json\/wp\/v2\/comments?post=5397"}],"version-history":[{"count":1,"href":"https:\/\/xn--tuvozdiasporaespaola-k7b.com\/page\/2\/wp-json\/wp\/v2\/posts\/5397\/revisions"}],"predecessor-version":[{"id":5402,"href":"https:\/\/xn--tuvozdiasporaespaola-k7b.com\/page\/2\/wp-json\/wp\/v2\/posts\/5397\/revisions\/5402"}],"wp:featuredmedia":[{"embeddable":true,"href":"https:\/\/xn--tuvozdiasporaespaola-k7b.com\/page\/2\/wp-json\/wp\/v2\/media\/5401"}],"wp:attachment":[{"href":"https:\/\/xn--tuvozdiasporaespaola-k7b.com\/page\/2\/wp-json\/wp\/v2\/media?parent=5397"}],"wp:term":[{"taxonomy":"category","embeddable":true,"href":"https:\/\/xn--tuvozdiasporaespaola-k7b.com\/page\/2\/wp-json\/wp\/v2\/categories?post=5397"},{"taxonomy":"post_tag","embeddable":true,"href":"https:\/\/xn--tuvozdiasporaespaola-k7b.com\/page\/2\/wp-json\/wp\/v2\/tags?post=5397"}],"curies":[{"name":"wp","href":"https:\/\/api.w.org\/{rel}","templated":true}]}}