{"id":5390,"date":"2024-04-21T20:25:52","date_gmt":"2024-04-21T23:25:52","guid":{"rendered":"https:\/\/xn--tuvozdiasporaespaola-k7b.com\/page\/2\/?p=5390"},"modified":"2024-04-21T20:25:53","modified_gmt":"2024-04-21T23:25:53","slug":"la-importancia-del-notable-incremento-del-voto-cera-podra-incidir-en-el-resultado-final-de-euskadi","status":"publish","type":"post","link":"https:\/\/xn--tuvozdiasporaespaola-k7b.com\/page\/2\/la-importancia-del-notable-incremento-del-voto-cera-podra-incidir-en-el-resultado-final-de-euskadi\/","title":{"rendered":"La importancia del \u00abnotable\u00bb incremento del voto CERA  \u00bfpodra incidir en el resultado final de Euskadi?"},"content":{"rendered":"\n<p>Redacci\u00f3n Revista TU VOZ,  Buenos Aires,  Argentina <\/p>\n\n\n\n<p>La importancia en el resultado final de las elecciones vascas en este domingo ante el incremento registrado en el voto de los vascos inscritos en el Censo Electoral de Residentes Ausentes (CERA), ya que <strong>han votado el 10% de los registrados frente al 3,5% que ejerci\u00f3 su derecho a voto en los comicios de 2020<\/strong>, en cuanto a los resultados definitivos, que el denominado \u00abescrutinio general\u00bb a las elecciones al Parlamento vasco 2024 se realizar\u00e1 en las sedes (palacios de justicia) de las tres juntas electorales de Territorio Hist\u00f3rico el pr\u00f3ximo viernes 26 de abril.<\/p>\n\n\n\n<figure class=\"wp-block-gallery has-nested-images columns-default is-cropped wp-block-gallery-1 is-layout-flex wp-block-gallery-is-layout-flex\">\n<figure class=\"wp-block-image size-large\"><img fetchpriority=\"high\" decoding=\"async\" width=\"994\" height=\"505\" data-id=\"5392\" src=\"https:\/\/xn--tuvozdiasporaespaola-k7b.com\/wp-content\/uploads\/2024\/04\/XHLFNZMUW5AA3JIIFEQTSM5Y6E-1.jpeg\" alt=\"\" class=\"wp-image-5392\" srcset=\"https:\/\/xn--tuvozdiasporaespaola-k7b.com\/wp-content\/uploads\/2024\/04\/XHLFNZMUW5AA3JIIFEQTSM5Y6E-1.jpeg 994w, https:\/\/xn--tuvozdiasporaespaola-k7b.com\/wp-content\/uploads\/2024\/04\/XHLFNZMUW5AA3JIIFEQTSM5Y6E-1-300x152.jpeg 300w, https:\/\/xn--tuvozdiasporaespaola-k7b.com\/wp-content\/uploads\/2024\/04\/XHLFNZMUW5AA3JIIFEQTSM5Y6E-1-768x390.jpeg 768w\" sizes=\"(max-width: 994px) 100vw, 994px\" \/><\/figure>\n<\/figure>\n\n\n\n<p>Este escrutinio, incluir\u00e1 las reclamaciones presentadas a partir del domingo electoral y aceptadas por las juntas electorales de Territorio Hist\u00f3rico (JETH) a los resultados del \u00abescrutinio provisional\u00bb, as\u00ed como el escrutinio del Censo Electoral de Residentes Ausentes (CERA), censo de personas con derecho a voto que viven de manera permanente en el extranjero. <\/p>\n\n\n\n<p>El censo total de 1.795.212 personas con derecho a voto en estas elecciones auton\u00f3micas vascas, y la participaci\u00f3n de este dia 21 e Abril , fue del 62,52 % .<\/p>\n\n\n\n<p>Con derecho a Voto  82.911 vascos y vascas viven de manera permanente en el extranjero, cuando en los anteriores comicios en Euskadi eran 75.988. <\/p>\n\n\n\n<p><strong>De esos 82.911 vascos inscritos en el Censo Electoral de Residentes Ausentes ha ejercido su derecho a voto 8.219, lo que supone el 10% del CERA, frente al 3,5% que vot\u00f3 en las elecciones vascas de julio de 2020<\/strong>,  la participaci\u00f3n en el voto CERA tiene mucho que ver con el cambio del r\u00e9gimen establecido en la legislaci\u00f3n de r\u00e9gimen electoral en relaci\u00f3n con este tipo de voto, el emitido por parte de los residentes ausentes, que antes era rogado y ahora no. <\/p>\n\n\n\n<p>Sin lugar a dudas <strong>este incremento hubiera sido mayor si el articulo 75 de la LOREG  se incrementara en su totalidad , facilitando mas sitios donde depositar el voto fisico, como alternativas al voto por correo recogidas en ese articulo 75 de la Loreg.<\/strong><\/p>\n\n\n\n<p>Desde el Gobierno vasco nos comunicaron que realizaron esfuerzo important\u00edsimo para facilitar los tr\u00e1mites que hay que llevar a cabo para que quienes se encuentren en esta situaci\u00f3n y formen parte del censo de residentes ausentes puedan participar en la votaci\u00f3n, aunque visto los resultados no son muy eficientes.<\/p>\n\n\n\n<figure class=\"wp-block-gallery has-nested-images columns-default is-cropped wp-block-gallery-2 is-layout-flex wp-block-gallery-is-layout-flex\">\n<figure class=\"wp-block-image size-large\"><img decoding=\"async\" width=\"992\" height=\"661\" data-id=\"5393\" src=\"https:\/\/xn--tuvozdiasporaespaola-k7b.com\/wp-content\/uploads\/2024\/04\/BX4HA6LBVSP2H3X6C5OKMPS5HE.avif\" alt=\"\" class=\"wp-image-5393\"\/><\/figure>\n<\/figure>\n\n\n\n<p>En ese sentido,  este incremento constituye un dato relevante de cara, sobre todo, a la incertidumbre que se abre a partir del escrutinio general, porque de los resultados de este domingo 21 de abr a la noche, hasta lo que pueda resultar despu\u00e9s del escrutinio del voto CERA y de la resoluci\u00f3n de las reclamaciones puede haber modificaciones que, en este caso, con este nivel de participaci\u00f3n, pueden llegar a tener una incidencia mayor que en ocasiones anteriores. <\/p>\n\n\n\n<p>En cualquier caso, es hablar en t\u00e9rminos potenciales porque no hay manera de saber exactamente cu\u00e1l es el sentido del voto. <\/p>\n\n\n\n<p>En este proceso electoral el voto  CERA se incrementado notablemente y esto hace que ese voto de residentes ausentes sea m\u00e1s relevante en el resultado final de lo que ha venido siendo, tradicionalmente, en los \u00faltimos a\u00f1os, cuando el voto era rogado y cuando las dificultades y obst\u00e1culos de tipo burocr\u00e1tico para poder participar en el voto eran mayores que ahora.<\/p>\n\n\n\n<p>Lo que nos eeja este 21 de abril con el 98% escrutado, EH Bildu y PNV empatan con 27 diputados cada uno, pero los peneuvistas ganan en esca\u00f1os, con m\u00e1s del 35% del total. El PP gana un esca\u00f1o hasta siete, Sumar logra uno y Vox mantiene el diputado que ten\u00eda.<\/p>\n\n\n\n<p>La suma del PNV y el PSE lograr\u00eda los 38 diputados necesarios oara repetir coalici\u00f3n de Gobierno y hacer lendakari al peneuvista Imanol Pradales. Con este resultado, ambas formaciones lograr\u00edan 27 y 12 representantes, respectivamente, por lo que podr\u00edan repetir lo ocurrido en 2020.<\/p>\n\n\n\n<p>No ha habido \u00absorpasso\u00bb en cualquier caso en n\u00famero votos, ya que el PNV se mantiene como formaci\u00f3n m\u00e1s votada, con m\u00e1s del 35% de los votos mientras que los independentistas obtendr\u00edan el 32,4%. <\/p>\n\n\n\n<p>PSE gana dos esca\u00f1os hasta 12, el PP tambi\u00e9n suma un esca\u00f1o hasta siete, Sumar entra finalmente en el Parlamento y Vox mantiene el que logr\u00f3 hace cuatro a\u00f1os.<\/p>\n\n\n\n<p>Podemos, por su parte, perder\u00eda los seis que obtuvo en los anteriores comicios y se quedar\u00edan fuera, reafirmando una vez m\u00e1s que la divisi\u00f3n de la izquierda resulta perjudicial para ambas formaciones a la vez que la instrumentabilizacion del voto \u00fatil en EH-BILDU pas\u00f3 factura a la izquierda federal.<\/p>\n\n\n\n<p><strong>Tendremos que esperar al d\u00eda 26 de abril para ver si hay cambio sustancial en la representaci\u00f3n de los partidos en el Parlamento Vasco, aunque seguramente no afecte a la gobernabilidad y a los pactos .<\/strong><\/p>\n\n\n\n<p>Aunque ,<strong>Bildu y PNV se disputan el \u00faltimo esca\u00f1o en \u00c1lava<\/strong> con el voto CERA . <strong>En Guip\u00fazcoa EH Bildu podr\u00eda conseguir el \u00faltimo esca\u00f1o, ahora en manos del PSE<\/strong>, con el voto de los vascos que residen en el extranjero, mientras que Sumar se lo puede arrebatar al PSE en Vizcaya .<\/p>\n\n\n\n<p><\/p>\n","protected":false},"excerpt":{"rendered":"<p>Redacci\u00f3n Revista TU VOZ, Buenos Aires, Argentina La importancia en el resultado final de las elecciones vascas en este domingo ante el incremento registrado &#8230; <\/p>\n<p class=\"read-more-container\"><a title=\"La importancia del \u00abnotable\u00bb incremento del voto CERA  \u00bfpodra incidir en el resultado final de Euskadi?\" class=\"read-more button\" href=\"https:\/\/xn--tuvozdiasporaespaola-k7b.com\/page\/2\/la-importancia-del-notable-incremento-del-voto-cera-podra-incidir-en-el-resultado-final-de-euskadi\/#more-5390\" aria-label=\"M\u00e1s en La importancia del \u00abnotable\u00bb incremento del voto CERA  \u00bfpodra incidir en el resultado final de Euskadi?\">Leer m\u00e1s<\/a><\/p>\n","protected":false},"author":222560522,"featured_media":5394,"comment_status":"open","ping_status":"open","sticky":false,"template":"","format":"standard","meta":{"footnotes":""},"categories":[121853,121850],"tags":[],"class_list":["post-5390","post","type-post","status-publish","format-standard","has-post-thumbnail","hentry","category-elecciones","category-politica","resize-featured-image"],"_links":{"self":[{"href":"https:\/\/xn--tuvozdiasporaespaola-k7b.com\/page\/2\/wp-json\/wp\/v2\/posts\/5390","targetHints":{"allow":["GET"]}}],"collection":[{"href":"https:\/\/xn--tuvozdiasporaespaola-k7b.com\/page\/2\/wp-json\/wp\/v2\/posts"}],"about":[{"href":"https:\/\/xn--tuvozdiasporaespaola-k7b.com\/page\/2\/wp-json\/wp\/v2\/types\/post"}],"author":[{"embeddable":true,"href":"https:\/\/xn--tuvozdiasporaespaola-k7b.com\/page\/2\/wp-json\/wp\/v2\/users\/222560522"}],"replies":[{"embeddable":true,"href":"https:\/\/xn--tuvozdiasporaespaola-k7b.com\/page\/2\/wp-json\/wp\/v2\/comments?post=5390"}],"version-history":[{"count":1,"href":"https:\/\/xn--tuvozdiasporaespaola-k7b.com\/page\/2\/wp-json\/wp\/v2\/posts\/5390\/revisions"}],"predecessor-version":[{"id":5395,"href":"https:\/\/xn--tuvozdiasporaespaola-k7b.com\/page\/2\/wp-json\/wp\/v2\/posts\/5390\/revisions\/5395"}],"wp:featuredmedia":[{"embeddable":true,"href":"https:\/\/xn--tuvozdiasporaespaola-k7b.com\/page\/2\/wp-json\/wp\/v2\/media\/5394"}],"wp:attachment":[{"href":"https:\/\/xn--tuvozdiasporaespaola-k7b.com\/page\/2\/wp-json\/wp\/v2\/media?parent=5390"}],"wp:term":[{"taxonomy":"category","embeddable":true,"href":"https:\/\/xn--tuvozdiasporaespaola-k7b.com\/page\/2\/wp-json\/wp\/v2\/categories?post=5390"},{"taxonomy":"post_tag","embeddable":true,"href":"https:\/\/xn--tuvozdiasporaespaola-k7b.com\/page\/2\/wp-json\/wp\/v2\/tags?post=5390"}],"curies":[{"name":"wp","href":"https:\/\/api.w.org\/{rel}","templated":true}]}}