{"id":537,"date":"2022-11-03T06:17:31","date_gmt":"2022-11-03T09:17:31","guid":{"rendered":"https:\/\/xn--tuvozdiasporaespaola-k7b.com\/?p=537"},"modified":"2022-11-03T12:59:26","modified_gmt":"2022-11-03T15:59:26","slug":"el-reloj-del-apocalipsis-y-las-nuevas-amenazas-mundiales-estan-activadas","status":"publish","type":"post","link":"https:\/\/xn--tuvozdiasporaespaola-k7b.com\/page\/2\/el-reloj-del-apocalipsis-y-las-nuevas-amenazas-mundiales-estan-activadas\/","title":{"rendered":"El Reloj del Apocalipsis y las nuevas amenazas mundiales \u00bfEst\u00e1n activadas?"},"content":{"rendered":"\n<p>El Reloj del Fin del Mundo es un indicador cient\u00edfico sobre el riesgo existente en cada momento de una hecatombe generalizada que ponga en peligro la existencia de la humanidad.&nbsp;Este reloj del Apocalipsis, como tambi\u00e9n se le llama, tiene en cuenta par\u00e1metros como el peligro de una guerra nuclear, el calentamiento global, el agotamiento de los recursos naturales, epidemias y otros factores similares.<\/p>\n\n\n\n<p>A los graves riesgos arrastrados desde el final de la segunda Guerra Mundial, a\u00f1os 50, hasta el colapso del bloque del Este y de la llamada \u201cGuerra Fr\u00eda\u201d, a principios de los 90, se han ido sumando los que a juicio de la Junta cient\u00edfica que controla esta original pero alarmante \u201cespada de Damocles\u201d sobre nuestras cabezas (no, Putin no tiene la exclusiva), han considerado otros factores que nos sit\u00faan a la Humanidad al borde del abismo. Estas nuevas amenazas, ninguna incompatible con las dem\u00e1s y todas en crecimiento global ser\u00edan el Cambio Clim\u00e1tico, las crisis sanitarias o pandemias, y las m\u00e1s recientes del bioterrorismo, los efectos de la Inteligencia Artificial y de la guerra en Ucrania.<\/p>\n\n\n\n<figure class=\"wp-block-image size-large\"><img fetchpriority=\"high\" decoding=\"async\" width=\"1104\" height=\"622\" src=\"http:\/\/xn--tuvozdiasporaespaola-k7b.com\/wp-content\/uploads\/2022\/11\/img-20221101-wa00204492436058361888198.jpg?w=1024\" alt=\"\" class=\"wp-image-532\" srcset=\"https:\/\/xn--tuvozdiasporaespaola-k7b.com\/wp-content\/uploads\/2022\/11\/img-20221101-wa00204492436058361888198.jpg 1104w, https:\/\/xn--tuvozdiasporaespaola-k7b.com\/wp-content\/uploads\/2022\/11\/img-20221101-wa00204492436058361888198-300x169.jpg 300w, https:\/\/xn--tuvozdiasporaespaola-k7b.com\/wp-content\/uploads\/2022\/11\/img-20221101-wa00204492436058361888198-1024x577.jpg 1024w, https:\/\/xn--tuvozdiasporaespaola-k7b.com\/wp-content\/uploads\/2022\/11\/img-20221101-wa00204492436058361888198-768x433.jpg 768w\" sizes=\"(max-width: 1104px) 100vw, 1104px\" \/><figcaption class=\"wp-element-caption\">\u00daltima cumbre del G7<\/figcaption><\/figure>\n\n\n\n<p>Por otra parte las premoniciones de nuestro estimado periodista e intelectual galaico-franchute Ignacio Ramonet ya expresadas en una conferencia en La Casa Encendida de Madrid en el 2018, antes de la pandemia y otros escenarios estresantes posteriores, se han visto incrementadas, tal y como dej\u00f3 claro en su reciente intervenci\u00f3n \u00abGlobalizaci\u00f3n, Innovaci\u00f3n y territorios inteligentes\u00bb en la Casa del Mediterr\u00e1neo de Alicante, por otros tres factores sobrevenidos: el ya referido de las pandemias, el de los nuevos conflictos b\u00e9licos y la correspondiente escalada armament\u00edstica y el aumento incontrolable de la inflaci\u00f3n con sus efectos de empobrecimiento y malestar social.<br \/><br \/>Hablando de verdaderas amenazas a la Democracia y la paz mundial, tenemos los dos procesos electorales m\u00e1s decisivos en estos tiempos que determinar\u00e1n ya sea el giro de Latinoam\u00e9rica definitivo hacia una identidad progresista renovada con opciones de avances sociales y medioambientales, o bien la confirmaci\u00f3n de la locura y la violencia que el fascismo afronta con Bolsonaro como l\u00edder en la regi\u00f3n.<br \/><br \/><\/p>\n\n\n\n<figure class=\"wp-block-image size-large\"><img decoding=\"async\" width=\"1080\" height=\"1552\" src=\"http:\/\/xn--tuvozdiasporaespaola-k7b.com\/wp-content\/uploads\/2022\/11\/screenshot_20221103-085041_chrome1054287744220116733.jpg?w=713\" alt=\"\" class=\"wp-image-533\" srcset=\"https:\/\/xn--tuvozdiasporaespaola-k7b.com\/wp-content\/uploads\/2022\/11\/screenshot_20221103-085041_chrome1054287744220116733.jpg 1080w, https:\/\/xn--tuvozdiasporaespaola-k7b.com\/wp-content\/uploads\/2022\/11\/screenshot_20221103-085041_chrome1054287744220116733-209x300.jpg 209w, https:\/\/xn--tuvozdiasporaespaola-k7b.com\/wp-content\/uploads\/2022\/11\/screenshot_20221103-085041_chrome1054287744220116733-713x1024.jpg 713w, https:\/\/xn--tuvozdiasporaespaola-k7b.com\/wp-content\/uploads\/2022\/11\/screenshot_20221103-085041_chrome1054287744220116733-768x1104.jpg 768w\" sizes=\"(max-width: 1080px) 100vw, 1080px\" \/><\/figure>\n\n\n\n<p>En el otro lado del ring en donde nos jugamos el futuro de la Humanidad y del Planeta est\u00e1n las elecciones del midterm en EEUU, en donde cualquiera de los dos p\u00fagiles puede ser letal, pero en donde los Trumpistas y los halcones del partido Republicano, con el conglomerado industrial-militar y las cloacas del Imperio a su favor, quieren darle una estocada mortal a las conquistas c\u00edvicas, sociales y econ\u00f3micas de varios siglos que ahora cuestionan en nombre de un credo reaccionario y negacionista que nos quiere esclavos y sumisos al Mercado.<\/p>\n\n\n\n<p>Muchos analistas, como el mencionado Ramonet desde su privilegiado observatorio de Le Monde Diplomatique y su amplio conocimiento de la geopol\u00edtica del conflicto internacional, nos avisan del peligro real de una segunda Guerra Civil en la potencia dominante surgida del final de la Guerra europea y de la descomposici\u00f3n de la Uni\u00f3n Sovi\u00e9tica. No, no es un tema de broma. Actualmente controlan m\u00e1s de 800 bases militares en 70 paises y muchas m\u00e1s de utilizaci\u00f3n conjunta bajo el paraguas de la OTAN. Cualquier suceso grave, y ya lo fue y mucho la deslegitimaci\u00f3n de las vias democr\u00e1ticas tras del asalto impune a la Casa Blanca, puede acelerar o reavivar un escenario belicista mundial que nadie parece querer o poder parar. Por lo tanto, contengamos la respiraci\u00f3n hasta el 8 de noviembre. Luego s\u00ed o s\u00ed habr\u00e1 que salir a las calles, cualquiera de los dos posibles mandatarios, Biden o Trump y cia, pretenden desplazar su maquinaria de muerte al escenario europeo, con la instalaci\u00f3n de sus bombas nucleares t\u00e1cticas B61-12 en la frontera con Rusia. Apaga y v\u00e1monos!, de este mundo, claro.<\/p>\n\n\n\n<figure class=\"wp-block-image size-large\"><img decoding=\"async\" width=\"1080\" height=\"1633\" src=\"http:\/\/xn--tuvozdiasporaespaola-k7b.com\/wp-content\/uploads\/2022\/11\/screenshot_20221103-090505_chrome163695964398998313.jpg?w=677\" alt=\"\" class=\"wp-image-534\" srcset=\"https:\/\/xn--tuvozdiasporaespaola-k7b.com\/wp-content\/uploads\/2022\/11\/screenshot_20221103-090505_chrome163695964398998313.jpg 1080w, https:\/\/xn--tuvozdiasporaespaola-k7b.com\/wp-content\/uploads\/2022\/11\/screenshot_20221103-090505_chrome163695964398998313-198x300.jpg 198w, https:\/\/xn--tuvozdiasporaespaola-k7b.com\/wp-content\/uploads\/2022\/11\/screenshot_20221103-090505_chrome163695964398998313-677x1024.jpg 677w, https:\/\/xn--tuvozdiasporaespaola-k7b.com\/wp-content\/uploads\/2022\/11\/screenshot_20221103-090505_chrome163695964398998313-768x1161.jpg 768w\" sizes=\"(max-width: 1080px) 100vw, 1080px\" \/><\/figure>\n\n\n\n<p>Tan s\u00f3lo existe un posible contrapeso en esta inclinada rampa que nos arrastra a los infiernos del ecocidio y el exterminio de la Humanidad. Y esa posible esperanza est\u00e1 en la Am\u00e9rica Latina que ha sabido combatir el dominio de la potencia imperial del Norte y le ha obligado a respetar en mayor medida su territorio y decisiones pol\u00edticas. Los \u00faltimos desencuentros de numerosos pa\u00edses con los gobiernos estadounidenses en sucesivas Cumbres regionales as\u00ed lo demuestran. Hasta en Colombia, considerada por ellos como su Israel en la zona, han tenido que negociar con el nuevo gobierno para cambiar las doctrinas y condiciones de una colaboraci\u00f3n m\u00fatua. Un ejemplo la reciente entrega de 12 helic\u00f3pteros militares para vigilar la protecci\u00f3n del Amazonas colombiano.<\/p>\n\n\n\n<figure class=\"wp-block-image size-large\"><img loading=\"lazy\" decoding=\"async\" width=\"1080\" height=\"854\" src=\"http:\/\/xn--tuvozdiasporaespaola-k7b.com\/wp-content\/uploads\/2022\/11\/screenshot_20221103-091101_chrome3214646156732603431.jpg?w=1024\" alt=\"\" class=\"wp-image-535\" srcset=\"https:\/\/xn--tuvozdiasporaespaola-k7b.com\/wp-content\/uploads\/2022\/11\/screenshot_20221103-091101_chrome3214646156732603431.jpg 1080w, https:\/\/xn--tuvozdiasporaespaola-k7b.com\/wp-content\/uploads\/2022\/11\/screenshot_20221103-091101_chrome3214646156732603431-300x237.jpg 300w, https:\/\/xn--tuvozdiasporaespaola-k7b.com\/wp-content\/uploads\/2022\/11\/screenshot_20221103-091101_chrome3214646156732603431-1024x810.jpg 1024w, https:\/\/xn--tuvozdiasporaespaola-k7b.com\/wp-content\/uploads\/2022\/11\/screenshot_20221103-091101_chrome3214646156732603431-768x607.jpg 768w\" sizes=\"(max-width: 1080px) 100vw, 1080px\" \/><\/figure>\n\n\n\n<p>Una posible alianza de las nuevas realidades pol\u00edticas en Am\u00e9rica Latina que aspiren a una mayor justicia social y ambiental en un contexto de paz total y democracia, podr\u00eda ser el inicio de un reequilibrio a favor de la opci\u00f3n de los Paises No Alineados,&nbsp; a cuya Coalici\u00f3n muy potente en los decenios de Guerra Fria de los 70 y 80, todav\u00eda pertenecen nada m\u00e1s ni nada menos que 120 paises. En 2016 su presidencia recay\u00f3 en Venezuela, y en la Cumbre celebrada sus resoluciones abogaron por la refundaci\u00f3n de la ONU, la defensa del Pueblo Palestino, el fin del bloqueo a Cuba y la descolonizaci\u00f3n de Puerto Rico. Todo ello sigue siendo muy v\u00e1lido y actual. <\/p>\n\n\n\n<figure class=\"wp-block-image size-large\"><img loading=\"lazy\" decoding=\"async\" width=\"1080\" height=\"1606\" src=\"http:\/\/xn--tuvozdiasporaespaola-k7b.com\/wp-content\/uploads\/2022\/11\/screenshot_20221103-091332_chrome286773814215206272.jpg?w=689\" alt=\"\" class=\"wp-image-536\" srcset=\"https:\/\/xn--tuvozdiasporaespaola-k7b.com\/wp-content\/uploads\/2022\/11\/screenshot_20221103-091332_chrome286773814215206272.jpg 1080w, https:\/\/xn--tuvozdiasporaespaola-k7b.com\/wp-content\/uploads\/2022\/11\/screenshot_20221103-091332_chrome286773814215206272-202x300.jpg 202w, https:\/\/xn--tuvozdiasporaespaola-k7b.com\/wp-content\/uploads\/2022\/11\/screenshot_20221103-091332_chrome286773814215206272-689x1024.jpg 689w, https:\/\/xn--tuvozdiasporaespaola-k7b.com\/wp-content\/uploads\/2022\/11\/screenshot_20221103-091332_chrome286773814215206272-768x1142.jpg 768w\" sizes=\"(max-width: 1080px) 100vw, 1080px\" \/><\/figure>\n\n\n\n<p>Es el momento quiz\u00e1s de volver a potenciar ese Movimiento Internacional y salir de nuevo masivamente a las calles, como se hizo ante la anunciada instalaci\u00f3n de misiles de Reagan en los 80 o los criminales bombardeos en Iraq, y ahora frente a tanta irresponsabilidad y perversi\u00f3n de nuestros muy alineados gobernantes.<\/p>\n\n\n\n<p>\u00abSe podr\u00edan integrar con lo que se conoce como G 77, que antes se conoc\u00eda como el Movimiento de Pa\u00edses No Alineados, constituido por alrededor de 130 pa\u00edses que son una especie de voz del Sur Global. Los BRICS se podr\u00edan integrar a ellos y contribuir a esta alianza.\u00bb <strong>As\u00ed opina  tambi\u00e9n Noam Chomsky en esta reciente entrevista<\/strong>.<\/p>\n\n\n\n<p>Miguel \u00c1ngel Ferris, Equipo de Redacci\u00f3n de Revista TU VOZ. y Cenizas de Babilonia Di\u00e1spora Espa\u00f1ola en Radio Argentina AM570. <\/p>\n\n\n\n<p><\/p>\n\n\n\n<p><\/p>\n","protected":false},"excerpt":{"rendered":"<p>El Reloj del Fin del Mundo es un indicador cient\u00edfico sobre el riesgo existente en cada momento de una hecatombe generalizada que ponga en &#8230; <\/p>\n<p class=\"read-more-container\"><a title=\"El Reloj del Apocalipsis y las nuevas amenazas mundiales \u00bfEst\u00e1n activadas?\" class=\"read-more button\" href=\"https:\/\/xn--tuvozdiasporaespaola-k7b.com\/page\/2\/el-reloj-del-apocalipsis-y-las-nuevas-amenazas-mundiales-estan-activadas\/#more-537\" aria-label=\"M\u00e1s en El Reloj del Apocalipsis y las nuevas amenazas mundiales \u00bfEst\u00e1n activadas?\">Leer m\u00e1s<\/a><\/p>\n","protected":false},"author":222560522,"featured_media":0,"comment_status":"open","ping_status":"open","sticky":false,"template":"","format":"standard","meta":{"footnotes":""},"categories":[1771],"tags":[],"class_list":["post-537","post","type-post","status-publish","format-standard","hentry","category-sociales"],"_links":{"self":[{"href":"https:\/\/xn--tuvozdiasporaespaola-k7b.com\/page\/2\/wp-json\/wp\/v2\/posts\/537","targetHints":{"allow":["GET"]}}],"collection":[{"href":"https:\/\/xn--tuvozdiasporaespaola-k7b.com\/page\/2\/wp-json\/wp\/v2\/posts"}],"about":[{"href":"https:\/\/xn--tuvozdiasporaespaola-k7b.com\/page\/2\/wp-json\/wp\/v2\/types\/post"}],"author":[{"embeddable":true,"href":"https:\/\/xn--tuvozdiasporaespaola-k7b.com\/page\/2\/wp-json\/wp\/v2\/users\/222560522"}],"replies":[{"embeddable":true,"href":"https:\/\/xn--tuvozdiasporaespaola-k7b.com\/page\/2\/wp-json\/wp\/v2\/comments?post=537"}],"version-history":[{"count":0,"href":"https:\/\/xn--tuvozdiasporaespaola-k7b.com\/page\/2\/wp-json\/wp\/v2\/posts\/537\/revisions"}],"wp:attachment":[{"href":"https:\/\/xn--tuvozdiasporaespaola-k7b.com\/page\/2\/wp-json\/wp\/v2\/media?parent=537"}],"wp:term":[{"taxonomy":"category","embeddable":true,"href":"https:\/\/xn--tuvozdiasporaespaola-k7b.com\/page\/2\/wp-json\/wp\/v2\/categories?post=537"},{"taxonomy":"post_tag","embeddable":true,"href":"https:\/\/xn--tuvozdiasporaespaola-k7b.com\/page\/2\/wp-json\/wp\/v2\/tags?post=537"}],"curies":[{"name":"wp","href":"https:\/\/api.w.org\/{rel}","templated":true}]}}