{"id":527,"date":"2022-11-02T17:00:33","date_gmt":"2022-11-02T20:00:33","guid":{"rendered":"https:\/\/xn--tuvozdiasporaespaola-k7b.com\/?p=527"},"modified":"2022-11-03T09:28:27","modified_gmt":"2022-11-03T12:28:27","slug":"ley-de-memoria-democratica","status":"publish","type":"post","link":"https:\/\/xn--tuvozdiasporaespaola-k7b.com\/page\/2\/ley-de-memoria-democratica\/","title":{"rendered":"Ley de Memoria Democr\u00e1tica"},"content":{"rendered":"\n<p>La Ley de Memoria Democr\u00e1tica entr\u00f3 en vigor el pasado d\u00eda 21 de octubre 2022. Se<br>basa en los principios de verdad, justicia, reparaci\u00f3n y garant\u00edas de no repetici\u00f3n, as\u00ed como en los valores democr\u00e1ticos de concordia, convivencia, pluralismo pol\u00edtico, defensa de los derechos humanos, cultura de paz e igualdad de hombres y mujeres, como reza el comunicado de Presidencia del Gobierno.<\/p>\n\n\n\n<figure class=\"wp-block-image size-large\"><img fetchpriority=\"high\" decoding=\"async\" width=\"1200\" height=\"799\" src=\"http:\/\/xn--tuvozdiasporaespaola-k7b.com\/wp-content\/uploads\/2022\/11\/a1-3468167-13206061566497286856.jpg?w=1024\" alt=\"\" class=\"wp-image-526\" srcset=\"https:\/\/xn--tuvozdiasporaespaola-k7b.com\/wp-content\/uploads\/2022\/11\/a1-3468167-13206061566497286856.jpg 1200w, https:\/\/xn--tuvozdiasporaespaola-k7b.com\/wp-content\/uploads\/2022\/11\/a1-3468167-13206061566497286856-300x200.jpg 300w, https:\/\/xn--tuvozdiasporaespaola-k7b.com\/wp-content\/uploads\/2022\/11\/a1-3468167-13206061566497286856-1024x682.jpg 1024w, https:\/\/xn--tuvozdiasporaespaola-k7b.com\/wp-content\/uploads\/2022\/11\/a1-3468167-13206061566497286856-768x511.jpg 768w\" sizes=\"(max-width: 1200px) 100vw, 1200px\" \/><\/figure>\n\n\n\n<p>Para F\u00e9lix Bola\u00f1os, Ministro de Presidencia y Memoria Democr\u00e1tica, con esta ley \u00ab<em>pasamos <\/em><br \/><em>definitivamente p\u00e1gina de la etapa m\u00e1s negra de nuestra historia, de la Dictadura y de la <\/em><br \/><em>Guerra Civil, y abrazamos y reivindicamos lo mejor de nuestra historia, a las personas que <\/em><br \/><em>lucharon por la democracia, por la Transici\u00f3n, por la Ley de Amnist\u00eda y por la Constituci\u00f3n\u00bb. <\/em><br \/>Para el ministro, la Ley de Memoria sit\u00faa a Espa\u00f1a al mismo nivel que otras democracias <br \/>europeas y ajusta a nuestro pa\u00eds a los principios de derecho internacional. <br \/>La nueva ley es el paso m\u00e1s grande que se ha dado en este sentido durante el \u00faltimo <br \/>periodo democr\u00e1tico en Espa\u00f1a, y sin embargo, no supone una reparaci\u00f3n o un marco legislativo completo.<\/p>\n\n\n\n<p> <strong>Xulio Garc\u00eda Bilbao, del Foro por la Memoria de Guadalajara<\/strong>, as\u00ed lo <br \/>cree. \u00ab<em>Muchas asociaciones de memoria hist\u00f3rica denunciamos desde que se promulg\u00f3 la <\/em><em>ley, en 2007, que era insuficiente y por supuesto dejaba a las v\u00edctimas lejos de su derecho <\/em><em>de acceso a la justicia. No ten\u00eda un reglamento aprobado para desarrollarla y eso nos trajo <\/em><em>muchos problemas\u00bb<\/em> explica. <br \/>\u00ab<em>En mi asociaci\u00f3n -prosigue- la Federaci\u00f3n Estatal de Foros por la Memoria, elaboramos un <\/em> <em>proyecto alternativo de ley de v\u00edctimas del franquismo que equiparara a las v\u00edctimas de la <\/em><br \/><em>dictadura con las v\u00edctimas de cualquier otra naturaleza. La llegamos a presentar en <\/em><br \/><em>Guadalajara en 2015, cuando nos reunimos 60 asociaciones de todo el Estado espa\u00f1ol y <\/em><br \/><em>redactamos un documento reivindicativo que se resum\u00eda en 16 puntos que entregamos a <\/em><br \/><em>todos los partidos pol\u00edticos de cara a las elecciones de este a\u00f1o\u00bb <\/em><\/p>\n\n\n\n<figure class=\"wp-block-image size-large\"><img decoding=\"async\" width=\"627\" height=\"352\" src=\"http:\/\/xn--tuvozdiasporaespaola-k7b.com\/wp-content\/uploads\/2022\/11\/transiciocc81n-espancc83ola5900667707745363285..jpg?w=627\" alt=\"\" class=\"wp-image-524\" srcset=\"https:\/\/xn--tuvozdiasporaespaola-k7b.com\/wp-content\/uploads\/2022\/11\/transiciocc81n-espancc83ola5900667707745363285..jpg 627w, https:\/\/xn--tuvozdiasporaespaola-k7b.com\/wp-content\/uploads\/2022\/11\/transiciocc81n-espancc83ola5900667707745363285.-300x168.jpg 300w\" sizes=\"(max-width: 627px) 100vw, 627px\" \/><\/figure>\n\n\n\n<p>Los principales puntos de La Carta de Vic\u00e1lvaro, como se llam\u00f3 al documento, eran<br \/>anulaci\u00f3n de la Ley de Amnist\u00eda de 1977 y el cumplimiento de las recomendaciones de<br \/>Naciones Unidas en materia de derechos humanos. En el a\u00f1o 2020 nos reunimos con la<br \/>Ministra Carmen Calvo <strong>comenta Xulio Garc\u00eda<\/strong> Bilbao \u00abe <em>incluso consideramos que el que se plantearan una nueva ley ya era un triunfo en s\u00ed mismo porque demostraba que la anterior ley de 2007 estaba obsoleta en muchos aspectos\u00bb. <\/em>Xulio Garc\u00eda Bilbao afirma<em> <\/em>que \u00bb <em>el Gobierno acept\u00f3 introducir varios cambios en el texto tras un proceso abierto a la participaci\u00f3n ciudadana. Entre ellos, el cambio de ilegal a ileg\u00edtimo en el art\u00edculo 5, en el tema de la nulidad, aunque sea un t\u00e9rmino que en este caso est\u00e9 vac\u00edo de contenido oor qu\u00e9 no tiene consecuencias jur\u00eddicas\u00bb<\/em> precisa.<br \/>Como experto en la b\u00fasqueda en archivos militares de personas desaparecidas en la<br \/>guerra, as\u00ed como en localizar fosas y rastrear causas judiciales de la Guerra Civil y la<br \/>represi\u00f3n posterior, Garc\u00eda Bilbao cree que la nueva ley es un avance, \u00ab<em>pero incurre por<\/em><br \/><em>desgracia en algunas faltas fundamentales para nosotros. Enuncia mejoras que realmente<\/em><br \/><em>no lo son. Por ejemplo dice que se van a anular la sentencia judiciales pero no es cierto, es<\/em><br \/><em>una simple declaraci\u00f3n que no tendr\u00e1 consecuencias jur\u00eddicas. As\u00ed que en realidad esa<\/em> <em>reparaci\u00f3n es solo moral\u00bb. <\/em><\/p>\n\n\n\n<figure class=\"wp-block-image size-large\"><img decoding=\"async\" width=\"768\" height=\"574\" src=\"http:\/\/xn--tuvozdiasporaespaola-k7b.com\/wp-content\/uploads\/2022\/11\/gettyimages-545334027-2112f5d5251045448212142722.jpg?w=768\" alt=\"\" class=\"wp-image-525\" srcset=\"https:\/\/xn--tuvozdiasporaespaola-k7b.com\/wp-content\/uploads\/2022\/11\/gettyimages-545334027-2112f5d5251045448212142722.jpg 768w, https:\/\/xn--tuvozdiasporaespaola-k7b.com\/wp-content\/uploads\/2022\/11\/gettyimages-545334027-2112f5d5251045448212142722-300x224.jpg 300w\" sizes=\"(max-width: 768px) 100vw, 768px\" \/><\/figure>\n\n\n\n<p>\u00ab<em>Por otra parte, no conlleva reparaciones econ\u00f3micas como las&nbsp; derivadas de los Tribunales de Responsabilidades Pol\u00edticas y la recuperaci\u00f3n e&nbsp; indemnizaci\u00f3n a cargo del Estado, o de los responsables patrimoniales si existieran, de los&nbsp; bienes expoliados a personas f\u00edsicas o jur\u00eddicas por motivos pol\u00edticos, religiosos o de represalias de cualquier tipo, y la devoluci\u00f3n del dinero incautado por el r\u00e9gimen franquista <\/em><br \/><em>a la sociedad civil\u00bb.<\/em><br \/>Otro punto en el que la nueva Ley no da respuesta a las demandas de las Asociaciones <br \/>memorialistas, seg\u00fan se\u00f1alan \u00e9stas, es el referido a la b\u00fasqueda de desaparecidos. <br \/>\u00ab<em>Reivindic\u00e1bamos que fuera el propio Estado el que se encargara de la b\u00fasqueda pero <\/em><br \/><em>vemos que no es as\u00ed. La ley crea una fiscal\u00eda de sala que se limita a hacer una investigaci\u00f3n&nbsp; sin consecuencias jur\u00eddicas. El derecho de las v\u00edctimas de acceso a la justicia no existe en&nbsp; esta nueva ley\u00bb,<\/em> se\u00f1ala el responsable del Foro por la Memoria de Guadalajara. <\/p>\n\n\n\n<figure class=\"wp-block-image size-large\"><img loading=\"lazy\" decoding=\"async\" width=\"680\" height=\"510\" src=\"http:\/\/xn--tuvozdiasporaespaola-k7b.com\/wp-content\/uploads\/2022\/11\/la-toba-agosto-2011_xulio6113333028327578078.jpg?w=680\" alt=\"\" class=\"wp-image-529\" srcset=\"https:\/\/xn--tuvozdiasporaespaola-k7b.com\/wp-content\/uploads\/2022\/11\/la-toba-agosto-2011_xulio6113333028327578078.jpg 680w, https:\/\/xn--tuvozdiasporaespaola-k7b.com\/wp-content\/uploads\/2022\/11\/la-toba-agosto-2011_xulio6113333028327578078-300x225.jpg 300w\" sizes=\"(max-width: 680px) 100vw, 680px\" \/><figcaption class=\"wp-element-caption\">Xulio Garc\u00eda Bilbao <\/figcaption><\/figure>\n\n\n\n<p><br \/>Las asociaciones apelan a que se desarrolle cuanto antes el reglamento de la nueva Ley de Memoria, incluyendo la creaci\u00f3n de un banco de ADN, as\u00ed como un r\u00e9gimen sancionador para quienes no cumplan la ley. \u00ab<em>En materia de justicia la ley es muy deficiente y eso sigue siendo una gran asignatura pendiente. La impunidad de los cr\u00edmenes de la dictadura permanece. Y permanece el modelo privatizado de exhumaciones en el cual son los propios familiares y las asociaciones y universidades los que se van a encargar de llevar a cabo esas exhumaciones\u00bb<\/em> aclara Xulio Garc\u00eda Bilbao.<\/p>\n\n\n\n<figure class=\"wp-block-image size-large\"><img loading=\"lazy\" decoding=\"async\" width=\"1024\" height=\"546\" src=\"http:\/\/xn--tuvozdiasporaespaola-k7b.com\/wp-content\/uploads\/2022\/11\/screenshot_2021-04-16-home-encuentro-por-la-memoria-1024x5463226756089326469629-1.png?w=1024\" alt=\"\" class=\"wp-image-530\" srcset=\"https:\/\/xn--tuvozdiasporaespaola-k7b.com\/wp-content\/uploads\/2022\/11\/screenshot_2021-04-16-home-encuentro-por-la-memoria-1024x5463226756089326469629-1.png 1024w, https:\/\/xn--tuvozdiasporaespaola-k7b.com\/wp-content\/uploads\/2022\/11\/screenshot_2021-04-16-home-encuentro-por-la-memoria-1024x5463226756089326469629-1-300x160.png 300w, https:\/\/xn--tuvozdiasporaespaola-k7b.com\/wp-content\/uploads\/2022\/11\/screenshot_2021-04-16-home-encuentro-por-la-memoria-1024x5463226756089326469629-1-768x410.png 768w\" sizes=\"(max-width: 1024px) 100vw, 1024px\" \/><figcaption class=\"wp-element-caption\">Foro por la Memoria <\/figcaption><\/figure>\n\n\n\n<p>Juan L\u00f3pez, Equipo de Redacci\u00f3n de Revista TU VOZ, y Delegado de Foro por la Memoria en Argentina<\/p>\n\n\n\n<p><\/p>\n","protected":false},"excerpt":{"rendered":"<p>La Ley de Memoria Democr\u00e1tica entr\u00f3 en vigor el pasado d\u00eda 21 de octubre 2022. Sebasa en los principios de verdad, justicia, reparaci\u00f3n y &#8230; <\/p>\n<p class=\"read-more-container\"><a title=\"Ley de Memoria Democr\u00e1tica\" class=\"read-more button\" href=\"https:\/\/xn--tuvozdiasporaespaola-k7b.com\/page\/2\/ley-de-memoria-democratica\/#more-527\" aria-label=\"M\u00e1s en Ley de Memoria Democr\u00e1tica\">Leer m\u00e1s<\/a><\/p>\n","protected":false},"author":222560522,"featured_media":0,"comment_status":"open","ping_status":"open","sticky":false,"template":"","format":"standard","meta":{"footnotes":""},"categories":[1771],"tags":[],"class_list":["post-527","post","type-post","status-publish","format-standard","hentry","category-sociales"],"_links":{"self":[{"href":"https:\/\/xn--tuvozdiasporaespaola-k7b.com\/page\/2\/wp-json\/wp\/v2\/posts\/527","targetHints":{"allow":["GET"]}}],"collection":[{"href":"https:\/\/xn--tuvozdiasporaespaola-k7b.com\/page\/2\/wp-json\/wp\/v2\/posts"}],"about":[{"href":"https:\/\/xn--tuvozdiasporaespaola-k7b.com\/page\/2\/wp-json\/wp\/v2\/types\/post"}],"author":[{"embeddable":true,"href":"https:\/\/xn--tuvozdiasporaespaola-k7b.com\/page\/2\/wp-json\/wp\/v2\/users\/222560522"}],"replies":[{"embeddable":true,"href":"https:\/\/xn--tuvozdiasporaespaola-k7b.com\/page\/2\/wp-json\/wp\/v2\/comments?post=527"}],"version-history":[{"count":0,"href":"https:\/\/xn--tuvozdiasporaespaola-k7b.com\/page\/2\/wp-json\/wp\/v2\/posts\/527\/revisions"}],"wp:attachment":[{"href":"https:\/\/xn--tuvozdiasporaespaola-k7b.com\/page\/2\/wp-json\/wp\/v2\/media?parent=527"}],"wp:term":[{"taxonomy":"category","embeddable":true,"href":"https:\/\/xn--tuvozdiasporaespaola-k7b.com\/page\/2\/wp-json\/wp\/v2\/categories?post=527"},{"taxonomy":"post_tag","embeddable":true,"href":"https:\/\/xn--tuvozdiasporaespaola-k7b.com\/page\/2\/wp-json\/wp\/v2\/tags?post=527"}],"curies":[{"name":"wp","href":"https:\/\/api.w.org\/{rel}","templated":true}]}}