{"id":522,"date":"2022-10-31T15:15:35","date_gmt":"2022-10-31T18:15:35","guid":{"rendered":"https:\/\/xn--tuvozdiasporaespaola-k7b.com\/?p=522"},"modified":"2022-10-31T15:15:50","modified_gmt":"2022-10-31T18:15:50","slug":"hacer-justicia-con-los-ciudadanos-espanoles-en-el-exterior","status":"publish","type":"post","link":"https:\/\/xn--tuvozdiasporaespaola-k7b.com\/page\/2\/hacer-justicia-con-los-ciudadanos-espanoles-en-el-exterior\/","title":{"rendered":"\u201cHacer justicia con los ciudadanos espa\u00f1oles en el exterior\u201d"},"content":{"rendered":"\n<p>El pasado 26 de octubre, durante un encuentro celebrado en Buenos Aires, el ministro de Asuntos Exteriores, Uni\u00f3n Europea y Cooperaci\u00f3n de Espa\u00f1a, Jos\u00e9 Manuel Albares, se refiri\u00f3 al acceso a la nacionalidad a trav\u00e9s de la Ley de Memoria Democr\u00e1tica manifestando que <em>\u201cdesde el Ministerio estamos haciendo todos los esfuerzos para mejorar la atenci\u00f3n de los ciudadanos y para que estas medidas se desarrollen plenamente\u201d.<\/em><\/p>\n\n\n\n<p>Durante el encuentro, Albares mencion\u00f3 adem\u00e1s los pormenores de la Ley de Nietos, incluida dentro de la Ley de Memoria Democr\u00e1tica, y adelant\u00f3 algunas novedades acerca de la digitalizaci\u00f3n de documentos de los exiliados.&nbsp;&nbsp;&nbsp;<\/p>\n\n\n\n<p>Los consulados generales de Espa\u00f1a se preparan para atender las miles de solicitudes de nacionalidad que se esperan al implementarse la nueva ley. En relaci\u00f3n a esto, Albares sostuvo que \u201c<em>Hoy se ha publicado la instrucci\u00f3n sobre el derecho de opci\u00f3n a la nacionalidad espa\u00f1ola que establece todos los requisitos y los modelos que hay que cubrir para presentar la solicitud en la red de consulados de Espa\u00f1a en todo el mundo<\/em>\u00ab.<\/p>\n\n\n\n<figure class=\"wp-block-image size-large\"><img fetchpriority=\"high\" decoding=\"async\" width=\"1200\" height=\"1600\" src=\"http:\/\/xn--tuvozdiasporaespaola-k7b.com\/wp-content\/uploads\/2022\/10\/img-20221027-wa01155581771576046933292.jpg?w=768\" alt=\"\" class=\"wp-image-518\" srcset=\"https:\/\/xn--tuvozdiasporaespaola-k7b.com\/wp-content\/uploads\/2022\/10\/img-20221027-wa01155581771576046933292.jpg 1200w, https:\/\/xn--tuvozdiasporaespaola-k7b.com\/wp-content\/uploads\/2022\/10\/img-20221027-wa01155581771576046933292-225x300.jpg 225w, https:\/\/xn--tuvozdiasporaespaola-k7b.com\/wp-content\/uploads\/2022\/10\/img-20221027-wa01155581771576046933292-768x1024.jpg 768w\" sizes=\"(max-width: 1200px) 100vw, 1200px\" \/><\/figure>\n\n\n\n<p> Continua diciendo <em>\u00abPara hacer m\u00e1s f\u00e1ciles, m\u00e1s \u00e1giles y m\u00e1s accesibles todos los servicios que prestan los consulados de Espa\u00f1a. La mejora de la atenci\u00f3n a los ciudadanos ser\u00e1 fundamental para dar respuesta a sus necesidades\u201d.<\/em><\/p>\n\n\n\n<p>El ministro expres\u00f3 su satisfacci\u00f3n por la iniciativa de la Ley de Memoria Democr\u00e1tica y asegur\u00f3 que se trata de un verdadero beneficio a la ciudadan\u00eda espa\u00f1ola en el exterior: <em>\u201cEsta ley tambi\u00e9n se la conoce como la Ley de Nietos, porque permitir\u00e1 a todos los nietos y nietas de exiliados por cualquier raz\u00f3n optar a la nacionalidad espa\u00f1ola\u201d,<\/em> resalt\u00f3.<\/p>\n\n\n\n<p>En cuanto <strong>al\u00a0<\/strong><strong><a href=\"https:\/\/www.boe.es\/boe\/dias\/2022\/10\/03\/pdfs\/BOE-A-2022-16018.pdf\">nuevo procedimiento para el voto exterior que incluye la derogaci\u00f3n del voto rogado<\/a><\/strong><strong>\u00a0<\/strong>y que se aplicar\u00e1 por primera vez en las elecciones auton\u00f3micas previstas para el mes de mayo de 2023, Albares afirm\u00f3 que desde el Gobierno espa\u00f1ol se har\u00e1 \u201c<em>un enorme esfuerzo log\u00edstico, econ\u00f3mico y humano<\/em>\u201d para facilitar y garantizar el derecho al voto de la ciudadan\u00eda espa\u00f1ola que reside en el exterior.<\/p>\n\n\n\n<figure class=\"wp-block-image size-large\"><img decoding=\"async\" width=\"2880\" height=\"2880\" src=\"http:\/\/xn--tuvozdiasporaespaola-k7b.com\/wp-content\/uploads\/2022\/10\/img_20221028_124101_1573685820927051678448.jpg?w=1024\" alt=\"\" class=\"wp-image-519\" srcset=\"https:\/\/xn--tuvozdiasporaespaola-k7b.com\/wp-content\/uploads\/2022\/10\/img_20221028_124101_1573685820927051678448.jpg 2880w, https:\/\/xn--tuvozdiasporaespaola-k7b.com\/wp-content\/uploads\/2022\/10\/img_20221028_124101_1573685820927051678448-300x300.jpg 300w, https:\/\/xn--tuvozdiasporaespaola-k7b.com\/wp-content\/uploads\/2022\/10\/img_20221028_124101_1573685820927051678448-1024x1024.jpg 1024w, https:\/\/xn--tuvozdiasporaespaola-k7b.com\/wp-content\/uploads\/2022\/10\/img_20221028_124101_1573685820927051678448-150x150.jpg 150w, https:\/\/xn--tuvozdiasporaespaola-k7b.com\/wp-content\/uploads\/2022\/10\/img_20221028_124101_1573685820927051678448-768x768.jpg 768w, https:\/\/xn--tuvozdiasporaespaola-k7b.com\/wp-content\/uploads\/2022\/10\/img_20221028_124101_1573685820927051678448-1568x1568.jpg 1568w\" sizes=\"(max-width: 2880px) 100vw, 2880px\" \/><\/figure>\n\n\n\n<p>El responsable de la diplomacia espa\u00f1ola realiz\u00f3 estas declaraciones en un encuentro que mantuvo con representantes de la colectividad espa\u00f1ola en el Club Espa\u00f1ol de Buenos Aires. All\u00ed, Albares manifest\u00f3 su satisfacci\u00f3n por visitar el pa\u00eds que acoge a la mayor cantidad de ciudadanos espa\u00f1oles que residen fuera de Espa\u00f1a \u201c<em>en el momento en el que se acaban de aprobar dos leyes muy importantes para todos los espa\u00f1oles en el exterior\u201d,<\/em> se\u00f1al\u00f3 en referencia a la reciente modificaci\u00f3n a la Loreg (Ley Org\u00e1nica del R\u00e9gimen Electoral General) que suprimi\u00f3 el voto rogado y a la aprobaci\u00f3n de la Ley de Memoria Democr\u00e1tica, mediante la cual todos los nietos de espa\u00f1oles exiliados podr\u00e1n acceder sin ning\u00fan tipo de discriminaci\u00f3n a obtener la nacionalidad espa\u00f1ola.<\/p>\n\n\n\n<p><strong>Sobre la nueva regulaci\u00f3n del voto exterior<\/strong><\/p>\n\n\n\n<figure class=\"wp-block-image size-large\"><img decoding=\"async\" width=\"1024\" height=\"768\" src=\"http:\/\/xn--tuvozdiasporaespaola-k7b.com\/wp-content\/uploads\/2022\/10\/img-20221027-wa00152980764260662806355.jpg?w=1024\" alt=\"\" class=\"wp-image-520\" srcset=\"https:\/\/xn--tuvozdiasporaespaola-k7b.com\/wp-content\/uploads\/2022\/10\/img-20221027-wa00152980764260662806355.jpg 1024w, https:\/\/xn--tuvozdiasporaespaola-k7b.com\/wp-content\/uploads\/2022\/10\/img-20221027-wa00152980764260662806355-300x225.jpg 300w, https:\/\/xn--tuvozdiasporaespaola-k7b.com\/wp-content\/uploads\/2022\/10\/img-20221027-wa00152980764260662806355-768x576.jpg 768w\" sizes=\"(max-width: 1024px) 100vw, 1024px\" \/><figcaption class=\"wp-element-caption\">CEDEU Argentina.<\/figcaption><\/figure>\n\n\n\n<p>En primer t\u00e9rmino, el Ministro de Exteriores se refiri\u00f3 a la reforma de la Loreg, de la que destac\u00f3 que fue aceptada por todas las fuerzas pol\u00edticas y aprobada por unanimidad, <em>\u201cdando de esta manera respuesta a una de las demandas m\u00e1s extendidas de la ciudadan\u00eda espa\u00f1ola en el exterior\u201d.<\/em> Adem\u00e1s subray\u00f3 que esta reforma <em>\u201ccorrige un enorme error que se cometi\u00f3 en 2011 y hace justicia con todos ustedes, los ciudadanos espa\u00f1oles en el exterior, facilit\u00e1ndoles que puedan volver a ejercer su derecho constitucional<\/em>\u00ab.\u00a0<br><br>En relaci\u00f3n a lo\u00a0que supondr\u00e1 la nueva ley electoral, Albares destac\u00f3 la posibilidad de poder imprimir las papeletas de voto descarg\u00e1ndolas desde cualquier ordenador <em>\u201cpara que nunca m\u00e1s sea necesario esperar a ver si el sobre llega o no\u201d,<\/em> la ampliaci\u00f3n del plazo de tres a seis d\u00edas para poder depositar el voto de manera presencial en las urnas, y la posibilidad de que se abran por primera vez en la historia centros de votaci\u00f3n fuera de las oficinas consulares de Espa\u00f1a.<\/p>\n\n\n\n<p><br><br><em>\u201cPor tanto, se simplifican los procedimientos y se ampl\u00edan los lugares y los d\u00edas para poder votar en urna y por correo, todo ello con un \u00fanico objetivo, que es el de facilitar el ejercicio del sufragio de los 2,3 millones de electores espa\u00f1oles en el extranjero\u201d,<\/em> recalc\u00f3, y finaliz\u00f3: <em>\u201cDesde el Gobierno estamos haciendo, y vamos a seguir haciendo un enorme esfuerzo log\u00edstico, econ\u00f3mico y humano para facilitar el derecho al voto y que el mayor n\u00famero de espa\u00f1oles puedan ejercerlo efectivamente\u201d.<\/em><\/p>\n\n\n\n<figure class=\"wp-block-image size-large\"><img loading=\"lazy\" decoding=\"async\" width=\"1600\" height=\"1200\" src=\"http:\/\/xn--tuvozdiasporaespaola-k7b.com\/wp-content\/uploads\/2022\/10\/img-20221027-wa01016336196841443358413.jpg?w=1024\" alt=\"\" class=\"wp-image-521\" srcset=\"https:\/\/xn--tuvozdiasporaespaola-k7b.com\/wp-content\/uploads\/2022\/10\/img-20221027-wa01016336196841443358413.jpg 1600w, https:\/\/xn--tuvozdiasporaespaola-k7b.com\/wp-content\/uploads\/2022\/10\/img-20221027-wa01016336196841443358413-300x225.jpg 300w, https:\/\/xn--tuvozdiasporaespaola-k7b.com\/wp-content\/uploads\/2022\/10\/img-20221027-wa01016336196841443358413-1024x768.jpg 1024w, https:\/\/xn--tuvozdiasporaespaola-k7b.com\/wp-content\/uploads\/2022\/10\/img-20221027-wa01016336196841443358413-768x576.jpg 768w, https:\/\/xn--tuvozdiasporaespaola-k7b.com\/wp-content\/uploads\/2022\/10\/img-20221027-wa01016336196841443358413-1568x1176.jpg 1568w\" sizes=\"(max-width: 1600px) 100vw, 1600px\" \/><\/figure>\n\n\n\n<p>Walter C. Medina<br \/>EQUIPO de Redacci\u00f3n de Revista TU VOZ<br \/><\/p>\n","protected":false},"excerpt":{"rendered":"<p>El pasado 26 de octubre, durante un encuentro celebrado en Buenos Aires, el ministro de Asuntos Exteriores, Uni\u00f3n Europea y Cooperaci\u00f3n de Espa\u00f1a, Jos\u00e9 &#8230; <\/p>\n<p class=\"read-more-container\"><a title=\"\u201cHacer justicia con los ciudadanos espa\u00f1oles en el exterior\u201d\" class=\"read-more button\" href=\"https:\/\/xn--tuvozdiasporaespaola-k7b.com\/page\/2\/hacer-justicia-con-los-ciudadanos-espanoles-en-el-exterior\/#more-522\" aria-label=\"M\u00e1s en \u201cHacer justicia con los ciudadanos espa\u00f1oles en el exterior\u201d\">Leer m\u00e1s<\/a><\/p>\n","protected":false},"author":222560522,"featured_media":0,"comment_status":"open","ping_status":"open","sticky":false,"template":"","format":"standard","meta":{"footnotes":""},"categories":[1771],"tags":[],"class_list":["post-522","post","type-post","status-publish","format-standard","hentry","category-sociales"],"_links":{"self":[{"href":"https:\/\/xn--tuvozdiasporaespaola-k7b.com\/page\/2\/wp-json\/wp\/v2\/posts\/522","targetHints":{"allow":["GET"]}}],"collection":[{"href":"https:\/\/xn--tuvozdiasporaespaola-k7b.com\/page\/2\/wp-json\/wp\/v2\/posts"}],"about":[{"href":"https:\/\/xn--tuvozdiasporaespaola-k7b.com\/page\/2\/wp-json\/wp\/v2\/types\/post"}],"author":[{"embeddable":true,"href":"https:\/\/xn--tuvozdiasporaespaola-k7b.com\/page\/2\/wp-json\/wp\/v2\/users\/222560522"}],"replies":[{"embeddable":true,"href":"https:\/\/xn--tuvozdiasporaespaola-k7b.com\/page\/2\/wp-json\/wp\/v2\/comments?post=522"}],"version-history":[{"count":0,"href":"https:\/\/xn--tuvozdiasporaespaola-k7b.com\/page\/2\/wp-json\/wp\/v2\/posts\/522\/revisions"}],"wp:attachment":[{"href":"https:\/\/xn--tuvozdiasporaespaola-k7b.com\/page\/2\/wp-json\/wp\/v2\/media?parent=522"}],"wp:term":[{"taxonomy":"category","embeddable":true,"href":"https:\/\/xn--tuvozdiasporaespaola-k7b.com\/page\/2\/wp-json\/wp\/v2\/categories?post=522"},{"taxonomy":"post_tag","embeddable":true,"href":"https:\/\/xn--tuvozdiasporaespaola-k7b.com\/page\/2\/wp-json\/wp\/v2\/tags?post=522"}],"curies":[{"name":"wp","href":"https:\/\/api.w.org\/{rel}","templated":true}]}}