{"id":5219,"date":"2024-03-20T20:26:00","date_gmt":"2024-03-20T23:26:00","guid":{"rendered":"https:\/\/xn--tuvozdiasporaespaola-k7b.com\/page\/2\/?p=5219"},"modified":"2024-03-20T20:26:01","modified_gmt":"2024-03-20T23:26:01","slug":"elecciones-en-estados-unidos","status":"publish","type":"post","link":"https:\/\/xn--tuvozdiasporaespaola-k7b.com\/page\/2\/elecciones-en-estados-unidos\/","title":{"rendered":"Elecciones en Estados Unidos"},"content":{"rendered":"\n<p>Por Jes\u00fas Rivero,  Rosario,  Argentina <\/p>\n\n\n\n<p>El expresidente Donald Trump dijo este s\u00e1bado 16 de marzo en un mitin en Ohio que los comicios presidenciales del 5 de noviembre ser\u00e1n la \u201cfecha m\u00e1s importante\u201d en la historia de Estados Unidos.<\/p>\n\n\n\n<p>Tambi\u00e9n afirm\u00f3 que habr\u00e1 un \u201cba\u00f1o de sangre y ser\u00e1 el \u201cfin de la democracia\u201d en el pa\u00eds si pierde esas elecciones.En medio de una secci\u00f3n de su discurso sobre la imposici\u00f3n de aranceles a los autom\u00f3viles importados y la competencia extranjera para la industria automotriz estadounidense, asegur\u00f3 que \u201cestos son planes chinos\u201d para fabricar veh\u00edculos en M\u00e9xico y venderlos a los Estados.<\/p>\n\n\n\n<figure class=\"wp-block-gallery has-nested-images columns-default is-cropped wp-block-gallery-1 is-layout-flex wp-block-gallery-is-layout-flex\">\n<figure class=\"wp-block-image size-large\"><img fetchpriority=\"high\" decoding=\"async\" width=\"414\" height=\"276\" data-id=\"5221\" src=\"https:\/\/xn--tuvozdiasporaespaola-k7b.com\/wp-content\/uploads\/2024\/03\/QKKXORTFCWZUMDAJ3NE6IA7Q4A.jpg\" alt=\"\" class=\"wp-image-5221\" srcset=\"https:\/\/xn--tuvozdiasporaespaola-k7b.com\/wp-content\/uploads\/2024\/03\/QKKXORTFCWZUMDAJ3NE6IA7Q4A.jpg 414w, https:\/\/xn--tuvozdiasporaespaola-k7b.com\/wp-content\/uploads\/2024\/03\/QKKXORTFCWZUMDAJ3NE6IA7Q4A-300x200.jpg 300w\" sizes=\"(max-width: 414px) 100vw, 414px\" \/><\/figure>\n<\/figure>\n\n\n\n<p><strong>Donald Trump que no ha reconocido su derrota frente al \u201cdem\u00f3crata\u201d Joe Biden en las elecciones presidenciales de 2020, est\u00e1 imputado por haber intentado revertir los resultados electorales de hace cuatro a\u00f1os y haber instigado el asalto al Capitolio del 6 de enero de 2021.<\/strong><\/p>\n\n\n\n<p>Durante su discurso en Ohio el republicano calific\u00f3 de \u201crehenes\u201d a los detenidos por atacar el Congreso y prometi\u00f3 que los indultara si consigue volver a la Casa Blanca.<\/p>\n\n\n\n<p>A mediados de este mes, Donald Trump y Biden ganaron cada uno los suficientes delegados para asegurarse las nominaciones de sus partidos en la carrera presidencial de 2024 lo que pr\u00e1cticamente garantiz\u00f3 una revancha y estableci\u00f3 una de las campa\u00f1as electorales m\u00e1s largas en la historia de los Estados Unidos. Este s\u00e1bado el pol\u00edtico republicano tambi\u00e9n volvi\u00f3 a mencionar la frontera con M\u00e9xico y trato de acercarse a las minor\u00edas, tradicionalmente votantes de los dem\u00f3cratas.<\/p>\n\n\n\n<figure class=\"wp-block-gallery has-nested-images columns-default is-cropped wp-block-gallery-2 is-layout-flex wp-block-gallery-is-layout-flex\">\n<figure class=\"wp-block-image size-large\"><img decoding=\"async\" width=\"1024\" height=\"683\" data-id=\"5222\" src=\"https:\/\/xn--tuvozdiasporaespaola-k7b.com\/wp-content\/uploads\/2024\/03\/17007728039456-1024x683.jpg\" alt=\"\" class=\"wp-image-5222\" srcset=\"https:\/\/xn--tuvozdiasporaespaola-k7b.com\/wp-content\/uploads\/2024\/03\/17007728039456-1024x683.jpg 1024w, https:\/\/xn--tuvozdiasporaespaola-k7b.com\/wp-content\/uploads\/2024\/03\/17007728039456-300x200.jpg 300w, https:\/\/xn--tuvozdiasporaespaola-k7b.com\/wp-content\/uploads\/2024\/03\/17007728039456-768x512.jpg 768w, https:\/\/xn--tuvozdiasporaespaola-k7b.com\/wp-content\/uploads\/2024\/03\/17007728039456-1536x1024.jpg 1536w, https:\/\/xn--tuvozdiasporaespaola-k7b.com\/wp-content\/uploads\/2024\/03\/17007728039456.jpg 1980w\" sizes=\"(max-width: 1024px) 100vw, 1024px\" \/><\/figure>\n<\/figure>\n\n\n\n<p>En lo que respecta a la Rep\u00fablica Argentina, Carlos Trujillo embajador pol\u00edtico de Donald Trump en Latinoam\u00e9rica, afirm\u00f3 <strong>\u201cArgentina es nuestro \u00fanico aliado en el presente\u201d<\/strong>.En su breve estad\u00eda en Argentina aprovecho para mantener <strong>reuniones pol\u00edticas reservadas varias de ellas, con las principalesfiguras del Pro y La Libertad Avanza, alineados en el presente con los Republicanos.<\/strong><\/p>\n","protected":false},"excerpt":{"rendered":"<p>Por Jes\u00fas Rivero, Rosario, Argentina El expresidente Donald Trump dijo este s\u00e1bado 16 de marzo en un mitin en Ohio que los comicios presidenciales &#8230; <\/p>\n<p class=\"read-more-container\"><a title=\"Elecciones en Estados Unidos\" class=\"read-more button\" href=\"https:\/\/xn--tuvozdiasporaespaola-k7b.com\/page\/2\/elecciones-en-estados-unidos\/#more-5219\" aria-label=\"M\u00e1s en Elecciones en Estados Unidos\">Leer m\u00e1s<\/a><\/p>\n","protected":false},"author":222560522,"featured_media":5223,"comment_status":"open","ping_status":"open","sticky":false,"template":"","format":"standard","meta":{"footnotes":""},"categories":[121869],"tags":[],"class_list":["post-5219","post","type-post","status-publish","format-standard","has-post-thumbnail","hentry","category-internaciones","resize-featured-image"],"_links":{"self":[{"href":"https:\/\/xn--tuvozdiasporaespaola-k7b.com\/page\/2\/wp-json\/wp\/v2\/posts\/5219","targetHints":{"allow":["GET"]}}],"collection":[{"href":"https:\/\/xn--tuvozdiasporaespaola-k7b.com\/page\/2\/wp-json\/wp\/v2\/posts"}],"about":[{"href":"https:\/\/xn--tuvozdiasporaespaola-k7b.com\/page\/2\/wp-json\/wp\/v2\/types\/post"}],"author":[{"embeddable":true,"href":"https:\/\/xn--tuvozdiasporaespaola-k7b.com\/page\/2\/wp-json\/wp\/v2\/users\/222560522"}],"replies":[{"embeddable":true,"href":"https:\/\/xn--tuvozdiasporaespaola-k7b.com\/page\/2\/wp-json\/wp\/v2\/comments?post=5219"}],"version-history":[{"count":2,"href":"https:\/\/xn--tuvozdiasporaespaola-k7b.com\/page\/2\/wp-json\/wp\/v2\/posts\/5219\/revisions"}],"predecessor-version":[{"id":5224,"href":"https:\/\/xn--tuvozdiasporaespaola-k7b.com\/page\/2\/wp-json\/wp\/v2\/posts\/5219\/revisions\/5224"}],"wp:featuredmedia":[{"embeddable":true,"href":"https:\/\/xn--tuvozdiasporaespaola-k7b.com\/page\/2\/wp-json\/wp\/v2\/media\/5223"}],"wp:attachment":[{"href":"https:\/\/xn--tuvozdiasporaespaola-k7b.com\/page\/2\/wp-json\/wp\/v2\/media?parent=5219"}],"wp:term":[{"taxonomy":"category","embeddable":true,"href":"https:\/\/xn--tuvozdiasporaespaola-k7b.com\/page\/2\/wp-json\/wp\/v2\/categories?post=5219"},{"taxonomy":"post_tag","embeddable":true,"href":"https:\/\/xn--tuvozdiasporaespaola-k7b.com\/page\/2\/wp-json\/wp\/v2\/tags?post=5219"}],"curies":[{"name":"wp","href":"https:\/\/api.w.org\/{rel}","templated":true}]}}