{"id":5191,"date":"2024-03-20T15:14:34","date_gmt":"2024-03-20T18:14:34","guid":{"rendered":"https:\/\/xn--tuvozdiasporaespaola-k7b.com\/page\/2\/?p=5191"},"modified":"2024-03-20T15:14:35","modified_gmt":"2024-03-20T18:14:35","slug":"en-el-siglo-xxi-debe-haber-una-direccion-integraldiaspora-espanola","status":"publish","type":"post","link":"https:\/\/xn--tuvozdiasporaespaola-k7b.com\/page\/2\/en-el-siglo-xxi-debe-haber-una-direccion-integraldiaspora-espanola\/","title":{"rendered":"\u201cEn el Siglo XXI debe haber una direcci\u00f3n integral\u201dDi\u00e1spora Espa\u00f1ola"},"content":{"rendered":"\n<p>Por Walter C. Medina<\/p>\n\n\n\n<p>ENTREVISTA A DIEGO SAMIGUEL <\/p>\n\n\n\n<p><\/p>\n\n\n\n<p>\u201cTiempo del CRE\u201d, el bloque de \u201cCenizas de Babilonia. Di\u00e1spora Espa\u00f1ola\u201d dedicado a informar respecto de las actividades del Consejo de Espa\u00f1oles Residentes en el Exterior\u201d, tuvo como entrevistado a Diego Samiguel, quien hizo hincapi\u00e9 en la necesidad de acelerar los procesos relacionados al voto exterior, ya que en las pasadas elecciones celebradas en Galicia, la participaci\u00f3n argentina a trav\u00e9s del Consulado de Buenos Aires fue muy escasa.  <\/p>\n\n\n\n<p>\u201c<strong>Todos aplaudimos cuando se hizo el cambio de la Loreg y se elimin\u00f3 el Voto Rogado, pero hay todav\u00eda muchas cuestiones que no est\u00e1n resueltas<\/strong>\u00ab.  Diego devlaro entre otra cosas Vemos que van pasando las elecciones auton\u00f3micas y me parece que el quiebre tiene que ser, para nosotros, para Latinoam\u00e9rica y para Argentina en particular, las elecciones de Galicia. <\/p>\n\n\n\n<p>La bisagra con los datos fue las elecciones de Galicia por la cantidad de personas y lo movilizado que est\u00e1 el gallego y la gallega; y que han podido votar tan pocos debido a todas estas imposibilidades, creo que es en la segunda etapa en donde tiene que entrar la efectividad de la eliminaci\u00f3n del Voto Rogado y forzar a que se cumplan todas estas disposiciones y enmiendas, y si \u00e9stas no dan resultado, implementar otras que allanen muchas otras cosas m\u00e1s con la digitalizaci\u00f3n de los procesos. Me parece que es a eso a lo que tenemos que apuntar todas las iniciativas.<\/p>\n\n\n\n<figure class=\"wp-block-gallery has-nested-images columns-default is-cropped wp-block-gallery-1 is-layout-flex wp-block-gallery-is-layout-flex\">\n<figure class=\"wp-block-image size-large\"><img fetchpriority=\"high\" decoding=\"async\" width=\"1024\" height=\"576\" data-id=\"5214\" src=\"https:\/\/xn--tuvozdiasporaespaola-k7b.com\/wp-content\/uploads\/2024\/03\/papeletas-elecciones-generales-2023-colocadas-provincias-facilitar-voto-residentes-extranjero_98-1024x576.webp\" alt=\"\" class=\"wp-image-5214\" srcset=\"https:\/\/xn--tuvozdiasporaespaola-k7b.com\/wp-content\/uploads\/2024\/03\/papeletas-elecciones-generales-2023-colocadas-provincias-facilitar-voto-residentes-extranjero_98-1024x576.webp 1024w, https:\/\/xn--tuvozdiasporaespaola-k7b.com\/wp-content\/uploads\/2024\/03\/papeletas-elecciones-generales-2023-colocadas-provincias-facilitar-voto-residentes-extranjero_98-300x169.webp 300w, https:\/\/xn--tuvozdiasporaespaola-k7b.com\/wp-content\/uploads\/2024\/03\/papeletas-elecciones-generales-2023-colocadas-provincias-facilitar-voto-residentes-extranjero_98-768x432.webp 768w, https:\/\/xn--tuvozdiasporaespaola-k7b.com\/wp-content\/uploads\/2024\/03\/papeletas-elecciones-generales-2023-colocadas-provincias-facilitar-voto-residentes-extranjero_98-1536x864.webp 1536w, https:\/\/xn--tuvozdiasporaespaola-k7b.com\/wp-content\/uploads\/2024\/03\/papeletas-elecciones-generales-2023-colocadas-provincias-facilitar-voto-residentes-extranjero_98.webp 1900w\" sizes=\"(max-width: 1024px) 100vw, 1024px\" \/><\/figure>\n<\/figure>\n\n\n\n<p><strong>Podemos Argentina ha enviado una carta al Consulado instando a que se cumplan las articulaciones que est\u00e1n en el Art\u00edculo 75 de la Loreg y que no se han cumplido. Buenos Aires tiene 165 mil gallegos con derecho a voto y s\u00f3lo han votado siete mil \u00bfCres que tiene solucion y como hacerlo ?.<\/strong><\/p>\n\n\n\n<p>Nosotros como CRE, como partido pol\u00edtico y como parte del Consejo General de la Ciudadan\u00eda, despu\u00e9s de haberse aprobado estos cambios somos los que estamos viviendo esta realidad de la imposibilidad de los tiempos, de que el correo no es efectivo y de que la informaci\u00f3n no llega. <\/p>\n\n\n\n<p>Ah\u00ed es donde m\u00e1s tenemos que meterle con nuestros representantes y con todo espacio; esto debe ir al un\u00edsono y debe ser en un car\u00e1cter de unidad de diferentes sectores para impulsar esto, y sobre todo tener un abanico, porque tenemos que ocuparnos de las distancias y de los problemas con el correo. <\/p>\n\n\n\n<p>Seguramente en Europa no viven tanto como nosotros este tema de los correos; por eso hay que hacer mucha fuerza para que se den estos cambios Aplaudimos el primer paso, pero hay que trabajar para la real efectivizaci\u00f3n para que la persona que est\u00e1 en el exterior pueda ir a votar. <\/p>\n\n\n\n<p>Los reclamos que venimos haciendo desde antes del \u00faltimo pleno de Asturias, era una cuesti\u00f3n general: Debemos hacer todo lo posible para que se vuelva a votar desde el exterior. Ahora ya tenemos que ir por parte, viendo cu\u00e1les son los problemas. Ver si el problema en Latinoam\u00e9rica es el correo, o los plazos. Hay que empezar a ser preciso en esto para que tambi\u00e9n sean efectivas las respuestas que tienen que darnos nuestros legisladores.<\/p>\n\n\n\n<figure class=\"wp-block-gallery has-nested-images columns-default is-cropped wp-block-gallery-2 is-layout-flex wp-block-gallery-is-layout-flex\">\n<figure class=\"wp-block-image size-large\"><img decoding=\"async\" width=\"1024\" height=\"1003\" data-id=\"5215\" src=\"https:\/\/xn--tuvozdiasporaespaola-k7b.com\/wp-content\/uploads\/2024\/03\/Screenshot_20240320_190831_Gallery-1-1024x1003.jpg\" alt=\"\" class=\"wp-image-5215\" srcset=\"https:\/\/xn--tuvozdiasporaespaola-k7b.com\/wp-content\/uploads\/2024\/03\/Screenshot_20240320_190831_Gallery-1-1024x1003.jpg 1024w, https:\/\/xn--tuvozdiasporaespaola-k7b.com\/wp-content\/uploads\/2024\/03\/Screenshot_20240320_190831_Gallery-1-300x294.jpg 300w, https:\/\/xn--tuvozdiasporaespaola-k7b.com\/wp-content\/uploads\/2024\/03\/Screenshot_20240320_190831_Gallery-1-768x752.jpg 768w, https:\/\/xn--tuvozdiasporaespaola-k7b.com\/wp-content\/uploads\/2024\/03\/Screenshot_20240320_190831_Gallery-1.jpg 1080w\" sizes=\"(max-width: 1024px) 100vw, 1024px\" \/><\/figure>\n<figcaption class=\"blocks-gallery-caption wp-element-caption\">Elecciones en el  pa\u00eds Vaco <\/figcaption><\/figure>\n\n\n\n<p><strong>\u00bfEn cuanto a pol\u00edticas destinadas a Exterior cu\u00e1l crees que ser\u00eda las que la gente est\u00e1 demandando?<\/strong> <\/p>\n\n\n\n<p>Yo creo que el tema central es el del retorno. En cierto sector etario de la poblaci\u00f3n, o por una cuesti\u00f3n de edad, ah\u00ed podemos meter el IMSERSO o con la cuesti\u00f3n de ese recupero identitario; pero la cuesti\u00f3n del retorno y el v\u00ednculo tenemos que verlo m\u00e1s ampliado para las nuevas generaciones, en la persona que se quiere capacitar, que quiere tener un v\u00ednculo cultural con la regi\u00f3n de sus abuelos, de sus padres. <\/p>\n\n\n\n<p>Pero todo gira hacia un apol\u00edtca integral de retorno, que haya un v\u00ednculo m\u00e1s de movilidad entre el espa\u00f1ol en el territorio y el que est\u00e1 afuera. Tambi\u00e9n se pueden meter en retorno cuestiones que tienen que ver con las certificaciones de t\u00edtulos y dem\u00e1s tr\u00e1mites que deber\u00edan entrar en una pol\u00edtica integral de retorno. En esto tendr\u00edan que poner la mirada las propuestas electorales. Ac\u00e1 en Argentina y en toda Latinoam\u00e9rica tenemos much\u00edsimas instituciones y en un amplio espectro federal pero que no est\u00e1n cumpliendo la funci\u00f3n que en Espa\u00f1a creen que cumplen. <\/p>\n\n\n\n<figure class=\"wp-block-gallery has-nested-images columns-default is-cropped wp-block-gallery-3 is-layout-flex wp-block-gallery-is-layout-flex\">\n<figure class=\"wp-block-image size-large\"><img decoding=\"async\" width=\"600\" height=\"600\" data-id=\"5216\" src=\"https:\/\/xn--tuvozdiasporaespaola-k7b.com\/wp-content\/uploads\/2024\/03\/viajes-del-imserso-1.jpg\" alt=\"\" class=\"wp-image-5216\" srcset=\"https:\/\/xn--tuvozdiasporaespaola-k7b.com\/wp-content\/uploads\/2024\/03\/viajes-del-imserso-1.jpg 600w, https:\/\/xn--tuvozdiasporaespaola-k7b.com\/wp-content\/uploads\/2024\/03\/viajes-del-imserso-1-300x300.jpg 300w, https:\/\/xn--tuvozdiasporaespaola-k7b.com\/wp-content\/uploads\/2024\/03\/viajes-del-imserso-1-150x150.jpg 150w\" sizes=\"(max-width: 600px) 100vw, 600px\" \/><\/figure>\n<\/figure>\n\n\n\n<p><strong>\u00bfC\u00f3mo se controla que las instituciones cumplan con su funci\u00f3n?<\/strong><\/p>\n\n\n\n<p>Nosotros estamos a tientas de abordar este tema porque sabemos que toca much\u00edsimos intereses. Hay una serie de opacidad sobre ciertas cosas porque cada quien est\u00e1 involucrado en su propio centro y no tiene la amplitud de todo el resto. <\/p>\n\n\n\n<p>Tomando datos oficiales del a\u00f1o pasado se puede tirar de la punta del iceberg. No puede ser que la mayor recaudaci\u00f3n de dinero, m\u00e1s del 85 por ciento, vaya a actividades recreativas y culturales Incluso hay fondos que no son ejecutados Hay que encausar, decir la necesidad que nosotros vemos, como gobierno espa\u00f1ol afuera, es esta, no la otra. En el Siglo XXI debe haber una direcci\u00f3n integral, empezar a modernizar los espacios para que no s\u00f3lo se ponga en cuestiones recreativas, porque si no, todas las cuestiones que tienen que ver con lo electoral con la salud, con tr\u00e1mites, se afectan.                         <\/p>\n","protected":false},"excerpt":{"rendered":"<p>Por Walter C. Medina ENTREVISTA A DIEGO SAMIGUEL \u201cTiempo del CRE\u201d, el bloque de \u201cCenizas de Babilonia. Di\u00e1spora Espa\u00f1ola\u201d dedicado a informar respecto de &#8230; <\/p>\n<p class=\"read-more-container\"><a title=\"\u201cEn el Siglo XXI debe haber una direcci\u00f3n integral\u201dDi\u00e1spora Espa\u00f1ola\" class=\"read-more button\" href=\"https:\/\/xn--tuvozdiasporaespaola-k7b.com\/page\/2\/en-el-siglo-xxi-debe-haber-una-direccion-integraldiaspora-espanola\/#more-5191\" aria-label=\"M\u00e1s en \u201cEn el Siglo XXI debe haber una direcci\u00f3n integral\u201dDi\u00e1spora Espa\u00f1ola\">Leer m\u00e1s<\/a><\/p>\n","protected":false},"author":222560522,"featured_media":5217,"comment_status":"open","ping_status":"open","sticky":false,"template":"","format":"standard","meta":{"footnotes":""},"categories":[121854],"tags":[],"class_list":["post-5191","post","type-post","status-publish","format-standard","has-post-thumbnail","hentry","category-consejo-de-residentes-espanoles","resize-featured-image"],"_links":{"self":[{"href":"https:\/\/xn--tuvozdiasporaespaola-k7b.com\/page\/2\/wp-json\/wp\/v2\/posts\/5191","targetHints":{"allow":["GET"]}}],"collection":[{"href":"https:\/\/xn--tuvozdiasporaespaola-k7b.com\/page\/2\/wp-json\/wp\/v2\/posts"}],"about":[{"href":"https:\/\/xn--tuvozdiasporaespaola-k7b.com\/page\/2\/wp-json\/wp\/v2\/types\/post"}],"author":[{"embeddable":true,"href":"https:\/\/xn--tuvozdiasporaespaola-k7b.com\/page\/2\/wp-json\/wp\/v2\/users\/222560522"}],"replies":[{"embeddable":true,"href":"https:\/\/xn--tuvozdiasporaespaola-k7b.com\/page\/2\/wp-json\/wp\/v2\/comments?post=5191"}],"version-history":[{"count":2,"href":"https:\/\/xn--tuvozdiasporaespaola-k7b.com\/page\/2\/wp-json\/wp\/v2\/posts\/5191\/revisions"}],"predecessor-version":[{"id":5218,"href":"https:\/\/xn--tuvozdiasporaespaola-k7b.com\/page\/2\/wp-json\/wp\/v2\/posts\/5191\/revisions\/5218"}],"wp:featuredmedia":[{"embeddable":true,"href":"https:\/\/xn--tuvozdiasporaespaola-k7b.com\/page\/2\/wp-json\/wp\/v2\/media\/5217"}],"wp:attachment":[{"href":"https:\/\/xn--tuvozdiasporaespaola-k7b.com\/page\/2\/wp-json\/wp\/v2\/media?parent=5191"}],"wp:term":[{"taxonomy":"category","embeddable":true,"href":"https:\/\/xn--tuvozdiasporaespaola-k7b.com\/page\/2\/wp-json\/wp\/v2\/categories?post=5191"},{"taxonomy":"post_tag","embeddable":true,"href":"https:\/\/xn--tuvozdiasporaespaola-k7b.com\/page\/2\/wp-json\/wp\/v2\/tags?post=5191"}],"curies":[{"name":"wp","href":"https:\/\/api.w.org\/{rel}","templated":true}]}}