{"id":5126,"date":"2024-03-07T16:57:19","date_gmt":"2024-03-07T19:57:19","guid":{"rendered":"https:\/\/xn--tuvozdiasporaespaola-k7b.com\/page\/2\/?p=5126"},"modified":"2024-03-07T16:57:19","modified_gmt":"2024-03-07T19:57:19","slug":"podem-en-catalunya-es-la-unica-fuerza-politica-que-defiende-a-la-clase-trabajadora","status":"publish","type":"post","link":"https:\/\/xn--tuvozdiasporaespaola-k7b.com\/page\/2\/podem-en-catalunya-es-la-unica-fuerza-politica-que-defiende-a-la-clase-trabajadora\/","title":{"rendered":"\u201cPodem en Catalunya es la \u00fanica fuerza pol\u00edtica que defiende a la clase trabajadora\u201d"},"content":{"rendered":"\n<p>Por Walter C. Medina<\/p>\n\n\n\n<p>ENTREVISTA A CONCHI ABELL\u00c1N.<\/p>\n\n\n\n<p>El acoso escolar y el suicidio como causa primera de muerte en los adolescentes, fueron algunos de los temas en los que ahond\u00f3 la Conchi Abell\u00e1n, activista social, pol\u00edtica y militante de Podemos. \u201cNecesitamos una buena organizaci\u00f3n y predisposici\u00f3n para trabajar con todos los colectivos sociales y con toda la gente luchadora organizada para realmente ser esa herramienta \u00fatil de transformaci\u00f3n\u201d, sostuvo la representante de Podem Catalunya durante una entrevista concedida  a Noelia  Morinigo  y Ximena Donamar\u00eda en el  programa de Radio \u201cCenizas de Babilonia. Di\u00e1spora Espa\u00f1ola\u201d, que emite Radio del Pueblo, AM 830.<\/p>\n\n\n\n<p> \u00bf<strong>Qu\u00e9 cambios crees que se pueden hacer respecto al per\u00edodo anterior con el fin de mejorar la fluidez y la comunicaci\u00f3n entre los miembros de la coordinaci\u00f3n y los c\u00edrculos?<\/strong><\/p>\n\n\n\n<p>Se pueden hacer muchos. En principio, la etapa anterior fue m\u00e1s para establecernos como direcci\u00f3n, establ\u00f1ecernos en Catalunya, y estructurarnos, porque ven\u00edamos de una desestructuraci\u00f3n bastante amplia y de tener muchos coordinadores, muchos secretarios generales, y tambi\u00e9n gestores y equipos t\u00e9cnicos. <\/p>\n\n\n\n<p>Y tres a\u00f1os y medio dan para establecerte como organizaci\u00f3n, como Podem en Catalunya. Ahora lo que toca es reafirmar mucho m\u00e1s los c\u00edrculos, cuidar m\u00e1s a la militancia y ser\u00eda una organizaci\u00f3n mucho m\u00e1s estable que ponga en el cetro la pol\u00edtica de lo p\u00fablico y por eso no vamos a centrar en las tareas de estructuraci\u00f3n interna como partido para que haya una comunicaci\u00f3n real y mucho m\u00e1s efectiva con los c\u00edrculos.<\/p>\n\n\n\n<p> Por eso proponemos una sede comarcal, que es un enlace nuevo que no hab\u00eda tenido hasta ahora, y esto nos va a ayudar a tener mucha m\u00e1s interacci\u00f3n y comunicaci\u00f3n directa, porque hasta ahora costaba llegar a todos lados, porque Catalunya es muy grande. Tambi\u00e9n ir viendo c\u00f3mo trasladamos hacia afuera esa necesidad de que Podem tenga m\u00e1s presencia en la pol\u00edtica y no que sea una fuerza subalterna como nos han puesto hasta ahora. Hemos venido a hacer pol\u00edtica, queremos hacerla y vamos a ir con todo para poder hacerla.<\/p>\n\n\n\n<figure class=\"wp-block-gallery has-nested-images columns-default is-cropped wp-block-gallery-1 is-layout-flex wp-block-gallery-is-layout-flex\">\n<figure class=\"wp-block-image size-large\"><img fetchpriority=\"high\" decoding=\"async\" width=\"1024\" height=\"576\" data-id=\"5133\" src=\"https:\/\/xn--tuvozdiasporaespaola-k7b.com\/wp-content\/uploads\/2024\/03\/bc3e5f05-e964-4f4a-ae9e-f5ff0d7069cf_16-9-aspect-ratio_default_0-1024x576.jpg\" alt=\"\" class=\"wp-image-5133\" srcset=\"https:\/\/xn--tuvozdiasporaespaola-k7b.com\/wp-content\/uploads\/2024\/03\/bc3e5f05-e964-4f4a-ae9e-f5ff0d7069cf_16-9-aspect-ratio_default_0-1024x576.jpg 1024w, https:\/\/xn--tuvozdiasporaespaola-k7b.com\/wp-content\/uploads\/2024\/03\/bc3e5f05-e964-4f4a-ae9e-f5ff0d7069cf_16-9-aspect-ratio_default_0-300x169.jpg 300w, https:\/\/xn--tuvozdiasporaespaola-k7b.com\/wp-content\/uploads\/2024\/03\/bc3e5f05-e964-4f4a-ae9e-f5ff0d7069cf_16-9-aspect-ratio_default_0-768x432.jpg 768w, https:\/\/xn--tuvozdiasporaespaola-k7b.com\/wp-content\/uploads\/2024\/03\/bc3e5f05-e964-4f4a-ae9e-f5ff0d7069cf_16-9-aspect-ratio_default_0-1536x864.jpg 1536w, https:\/\/xn--tuvozdiasporaespaola-k7b.com\/wp-content\/uploads\/2024\/03\/bc3e5f05-e964-4f4a-ae9e-f5ff0d7069cf_16-9-aspect-ratio_default_0.jpg 1600w\" sizes=\"(max-width: 1024px) 100vw, 1024px\" \/><\/figure>\n<\/figure>\n\n\n\n<p>\u00bf<strong>Qu\u00e9 significa que la gente haya vuelto a poner su confianza para que est\u00e9s al frente de este proyecto?<\/strong><\/p>\n\n\n\n<p>Significa mucho. Para m\u00ed Podem y Podemos fue un cambio en c\u00f3mo ten\u00eda que entender c\u00f3mo ten\u00eda que ser la pol\u00edtica, porque vengo de movimientos sociales, no vengo de haber estado nunca en ning\u00fan partido y ten\u00eda la ilusi\u00f3n de hacer pol\u00edtica de otra forma.<\/p>\n\n\n\n<p> Salir escogida otra vez despu\u00e9s de tres a\u00f1os y medio, que ya de por s\u00ed soy la primera coordinadora auton\u00f3mica que m\u00e1s tiempo ha estado en Catalunya, pues es todo un honor. Despu\u00e9s de empujar este proyecto, hay posibilidades de hacer mucho todav\u00eda y la verdad es que es uva alegr\u00eda, un honor y una gran responsabilidad. <\/p>\n\n\n\n<p>Y por otro lado, en plan humano, acojonada; porque ahora toca el otro reto que es el de cuatro a\u00f1os m\u00e1s de mucha intensidad, porque precisamente Podem en Catalunya tiene que ser el centro, y por tanto asustada, en el buen sentido; pero con much\u00edsimas ganas de afrontar esto que no solo es necesario como fuerza pol\u00edtica en Catalunya, que tenga un Podem fuerte, porque Podem en Catalunya es la \u00fanica fuerza pol\u00edtica que defiende a la clase trabajadora y los servicios p\u00fablicos. <\/p>\n\n\n\n<p>Necesitamos una buena organizaci\u00f3n y predisposici\u00f3n para trabajar con todos los colectivos sociales y con toda la gente luchadora organizada para realmente ser esa herramienta \u00fatil de transformaci\u00f3n. Durante el \u00faltimo tiempo has hecho un gran trabajo para visibilizar el acoso (bullyng) en las instituciones educativas. <\/p>\n\n\n\n<p><strong>\u00bfQu\u00e9 falencias crees que hay al respecto y c\u00f3mo se pueden mejorar?<\/strong><\/p>\n\n\n\n<p>Aunque siempre hemos tenido bullyng, es un tema que se est\u00e1 viendo cada vez m\u00e1s en las escuelas. Y las instituciones no est\u00e1n haciendo absolutamente nada, todo lo contrario, lo que suelen hacer es ocultarlo para que no digan que el colegio est\u00e1 mal.<\/p>\n\n\n\n<p> El tema de la salud mental es otro tema. En el tema del bullyng tengo dos experiencias. Cuando yo era muy jovencita mi hermana sufr\u00eda bullyng; ella ni siquiera pod\u00eda hacer clases porque ten\u00eda que ir directamente al despacho del director a hacer las clases porque incluso le pegaban delante del profesorado; sal\u00eda al patio e iban al patio a pegarle. <\/p>\n\n\n\n<p>Y yo sal\u00eda a defenderla. Era mi hermana, y por tanto yo me dejaba la piel por ella. Hab\u00eda como un silencio, y ese silencio de todo el resto me marc\u00f3 un antes y un despu\u00e9s; pero si a todo esto le sumas que mi hijo tiene autismo, y cuando empieza a hacerse mayor tambi\u00e9n empieza a sufrir bullyng. Y no es solo que lo sufra sino que el propio colegio no hace nada. Lo he tenido que cambiar de colegio tres veces. <\/p>\n\n\n\n<p>A partir de ah\u00ed, cuando vi que los colegios no ten\u00edan los mecanismos, o si los ten\u00edan no los estaban utilizando, pues empiezo a ponerme un poco m\u00e1s en activo con las asociaciones y entidades contra el bullyng, incluso gente que tiene hijos que se han suicidado por esto. Yo ya no solo lo llevo a lo personal, sino que lo llevo a lo pol\u00edtico, porque al final lo pol\u00edtico es personal. No puede ser que todav\u00eda haya chavales y chavalas que tengan que estar pasando por esta situaci\u00f3n, por este drama, por no ser iguales, por no estar en el canon de la norma que hoy en d\u00eda est\u00e1 m\u00e1s marcado por las redes sociales.<\/p>\n\n\n\n<p> En este tema voy a seguir metida hasta el final porque creo que es importante darle voz a todo lo que est\u00e1n viviendo porque hay un aumento de la normalizaci\u00f3n de los ataques. Cuando un chaval o una chavala ya no quieren salir de se casa, eso es preocupante. Si los colegios, para no quedar marcados como malos colegios, no tramitan un expediente, entonces ya tenemos un problema grave. El silencio lo que hace es reafirmar todav\u00eda m\u00e1s a la persona que abusa y empeque\u00f1eciendo m\u00e1s a la persona que es agredida. <\/p>\n\n\n\n<figure class=\"wp-block-gallery has-nested-images columns-default is-cropped wp-block-gallery-2 is-layout-flex wp-block-gallery-is-layout-flex\">\n<figure class=\"wp-block-image size-large\"><img decoding=\"async\" width=\"400\" height=\"400\" data-id=\"5132\" src=\"https:\/\/xn--tuvozdiasporaespaola-k7b.com\/wp-content\/uploads\/2024\/03\/XAgPmvfi_400x400-1.jpg\" alt=\"\" class=\"wp-image-5132\" srcset=\"https:\/\/xn--tuvozdiasporaespaola-k7b.com\/wp-content\/uploads\/2024\/03\/XAgPmvfi_400x400-1.jpg 400w, https:\/\/xn--tuvozdiasporaespaola-k7b.com\/wp-content\/uploads\/2024\/03\/XAgPmvfi_400x400-1-300x300.jpg 300w, https:\/\/xn--tuvozdiasporaespaola-k7b.com\/wp-content\/uploads\/2024\/03\/XAgPmvfi_400x400-1-150x150.jpg 150w\" sizes=\"(max-width: 400px) 100vw, 400px\" \/><\/figure>\n<\/figure>\n\n\n\n<p>\u00bf<strong>Desde Podem Catalunya y el Consejo de Coordinaci\u00f3n har\u00e1n fuerza para poner el tema de la salud mental en agenda?  <\/strong><\/p>\n\n\n\n<p>Claro, es que adem\u00e1s el suicidio juvenil es la mayor causa de muerte en la adolescencia, es la primera causa de muerte en la juventud, Hay un problema importante en el que hay que trabajar. Yo con diecisiete a\u00f1os intente suicidarme. No es algo que yo diga mucho por eso mismo del tab\u00fa. Estuve en un psiqui\u00e1trico ingresada por intento de suicidio. Es un horror estar en un psiqui\u00e1trico y tambi\u00e9n es un horror el despu\u00e9s, porque no hay un acompa\u00f1amiento real. <\/p>\n\n\n\n<p>No era tan com\u00fan en Barcelona en aquellos momentos, pero s\u00ed en los barrios humildes. En esos barrios la tasa de suicidios era muy alta, precisamente porque no ve\u00edas c\u00f3mo salir de all\u00ed, salir del ciclo de la pobreza. Adem\u00e1s la propia sociedad no te ayuda a salir. <\/p>\n\n\n\n<p>Eso mismo es lo que le estamos trasmitiendo a nuestros j\u00f3venes, y a m\u00ed eso me preocupa, que la gente joven se plantee que va a vivir para cobrar 900 Euros de mierda que no da ni para pagar el alquiler. Tenemos que darle una vuelta a esa situaci\u00f3n, porque nuestra gente joven es el futuro de este pa\u00eds, es el que lo va a levantar.                                <\/p>\n","protected":false},"excerpt":{"rendered":"<p>Por Walter C. Medina ENTREVISTA A CONCHI ABELL\u00c1N. El acoso escolar y el suicidio como causa primera de muerte en los adolescentes, fueron algunos &#8230; <\/p>\n<p class=\"read-more-container\"><a title=\"\u201cPodem en Catalunya es la \u00fanica fuerza pol\u00edtica que defiende a la clase trabajadora\u201d\" class=\"read-more button\" href=\"https:\/\/xn--tuvozdiasporaespaola-k7b.com\/page\/2\/podem-en-catalunya-es-la-unica-fuerza-politica-que-defiende-a-la-clase-trabajadora\/#more-5126\" aria-label=\"M\u00e1s en \u201cPodem en Catalunya es la \u00fanica fuerza pol\u00edtica que defiende a la clase trabajadora\u201d\">Leer m\u00e1s<\/a><\/p>\n","protected":false},"author":222560522,"featured_media":5131,"comment_status":"open","ping_status":"open","sticky":false,"template":"","format":"standard","meta":{"footnotes":""},"categories":[121850],"tags":[],"class_list":["post-5126","post","type-post","status-publish","format-standard","has-post-thumbnail","hentry","category-politica","resize-featured-image"],"_links":{"self":[{"href":"https:\/\/xn--tuvozdiasporaespaola-k7b.com\/page\/2\/wp-json\/wp\/v2\/posts\/5126","targetHints":{"allow":["GET"]}}],"collection":[{"href":"https:\/\/xn--tuvozdiasporaespaola-k7b.com\/page\/2\/wp-json\/wp\/v2\/posts"}],"about":[{"href":"https:\/\/xn--tuvozdiasporaespaola-k7b.com\/page\/2\/wp-json\/wp\/v2\/types\/post"}],"author":[{"embeddable":true,"href":"https:\/\/xn--tuvozdiasporaespaola-k7b.com\/page\/2\/wp-json\/wp\/v2\/users\/222560522"}],"replies":[{"embeddable":true,"href":"https:\/\/xn--tuvozdiasporaespaola-k7b.com\/page\/2\/wp-json\/wp\/v2\/comments?post=5126"}],"version-history":[{"count":2,"href":"https:\/\/xn--tuvozdiasporaespaola-k7b.com\/page\/2\/wp-json\/wp\/v2\/posts\/5126\/revisions"}],"predecessor-version":[{"id":5134,"href":"https:\/\/xn--tuvozdiasporaespaola-k7b.com\/page\/2\/wp-json\/wp\/v2\/posts\/5126\/revisions\/5134"}],"wp:featuredmedia":[{"embeddable":true,"href":"https:\/\/xn--tuvozdiasporaespaola-k7b.com\/page\/2\/wp-json\/wp\/v2\/media\/5131"}],"wp:attachment":[{"href":"https:\/\/xn--tuvozdiasporaespaola-k7b.com\/page\/2\/wp-json\/wp\/v2\/media?parent=5126"}],"wp:term":[{"taxonomy":"category","embeddable":true,"href":"https:\/\/xn--tuvozdiasporaespaola-k7b.com\/page\/2\/wp-json\/wp\/v2\/categories?post=5126"},{"taxonomy":"post_tag","embeddable":true,"href":"https:\/\/xn--tuvozdiasporaespaola-k7b.com\/page\/2\/wp-json\/wp\/v2\/tags?post=5126"}],"curies":[{"name":"wp","href":"https:\/\/api.w.org\/{rel}","templated":true}]}}