{"id":506,"date":"2022-10-29T15:58:26","date_gmt":"2022-10-29T18:58:26","guid":{"rendered":"https:\/\/xn--tuvozdiasporaespaola-k7b.com\/?p=506"},"modified":"2022-10-29T15:58:45","modified_gmt":"2022-10-29T18:58:45","slug":"el-empleo-crece-en-espana-esto-afecta-a-la-diaspora-espanola","status":"publish","type":"post","link":"https:\/\/xn--tuvozdiasporaespaola-k7b.com\/page\/2\/el-empleo-crece-en-espana-esto-afecta-a-la-diaspora-espanola\/","title":{"rendered":"El EMPLEO CRECE en ESPA\u00d1A  \u00bfEsto afecta a la DI\u00c1SPORA ESPA\u00d1OLA?"},"content":{"rendered":"\n<p>La bajada del paro y la reforma laboral (Aprobada\u00a0 por un Gobierno Progresista\u00a0 con Podemos como pieza angular),  es\u00a0 una garant\u00eda para el retornado Espa\u00f1ol con la consolidaci\u00f3n de condiciones adecuadas para incorporarse a la vida laboral Espa\u00f1ola.<\/p>\n\n\n\n<p>En estos \u00faltimos datos&nbsp; Espa\u00f1a alcanza la mayor cifra de empleo desde septiembre de 2008.<\/p>\n\n\n\n<figure class=\"wp-block-pullquote\"><blockquote><p>En el tercer trimestre del a\u00f1o, el n\u00famero de empleados aument\u00f3 en 77.700 personas, mientras que el desempleo en el Madrid de Ayuso  subi\u00f3 en 64.400.<\/p><cite>INE- Espa\u00f1a<\/cite><\/blockquote><\/figure>\n\n\n\n<p>El n\u00famero de trabajadores ocupados en Espa\u00f1a ha aumentado en 77.700 personas en el tercer trimestre de este a\u00f1o, lo que supone un crecimiento del 0,38 % con respecto al trimestre anterior y sit\u00faa la cifra de ocupaci\u00f3n en 20.545.700, la m\u00e1s alta desde el tercer trimestre de 2008, seg\u00fan los \u00faltimos datos publicados por el Instituto Nacional de Estad\u00edstica (INE).<\/p>\n\n\n\n<p>As\u00ed, en los \u00faltimos 12 meses, el empleo ha crecido en 514.700 personas: 492.600 en el sector privado y 22.100 en el sector p\u00fablico.<\/p>\n\n\n\n<p>El incremento de 99.300 asalariados se debe al aumento de los contratos indefinidos en 444.200 y a la disminuci\u00f3n de los temporales en 344.900. Por su parte, la cifra de trabajadores aut\u00f3nomos se ha reducido durante esos tres meses en 30.800, aunque a nivel anual ha registrado un aumento de 19.500.<\/p>\n\n\n\n<figure class=\"wp-block-embed is-type-rich is-provider-twitter wp-block-embed-twitter\"><div class=\"wp-block-embed__wrapper\">\n<blockquote class=\"twitter-tweet\" data-width=\"550\" data-dnt=\"true\"><p lang=\"es\" dir=\"ltr\"><a href=\"https:\/\/twitter.com\/hashtag\/EPA?src=hash&amp;ref_src=twsrc%5Etfw\">#EPA<\/a> 3T\/2022<br>El n\u00famero de ocupados aumenta en 77.700 personas en el T3\/2022 y se sit\u00faa en 20.545.700. El empleo ha crecido en 514.700 personas (un 2,57%) en los 12 \u00faltimos meses.<br>Nota de prensa: <a href=\"https:\/\/t.co\/36ZBSurJMi\">https:\/\/t.co\/36ZBSurJMi<\/a><br>Resultados: <a href=\"https:\/\/t.co\/Rrlsdz7miH\">https:\/\/t.co\/Rrlsdz7miH<\/a><a href=\"https:\/\/twitter.com\/es_INE?ref_src=twsrc%5Etfw\">@es_INE<\/a> <a href=\"https:\/\/twitter.com\/hashtag\/INE?src=hash&amp;ref_src=twsrc%5Etfw\">#INE<\/a> <a href=\"https:\/\/t.co\/HJmJpNkKNB\">pic.twitter.com\/HJmJpNkKNB<\/a><\/p>&mdash; INE Espa\u00f1a (@es_INE) <a href=\"https:\/\/twitter.com\/es_INE\/status\/1585526751823892480?ref_src=twsrc%5Etfw\">October 27, 2022<\/a><\/blockquote><script async src=\"https:\/\/platform.twitter.com\/widgets.js\" charset=\"utf-8\"><\/script>\n<\/div><\/figure>\n\n\n\n<p>El empleo ha crecido en el sector servicios (114.300) y en el industrial (33.100), mientras que ha descendido en la agricultura (-60.300) y en la construcci\u00f3n (-9.400). En los \u00faltimos 12 meses, la variaci\u00f3n ha sido positiva en servicios (430.400), industria (81.700) y construcci\u00f3n (35.200); y negativa en agricultura (-32.500).<\/p>\n\n\n\n<p>En el tercer trimestre, Islas Baleares y Catalu\u00f1a han sido las regiones que m\u00e1s empleo han creado, con 41.700 y 38.800 puestos, respectivamente. En el lado opuesto&nbsp;se sit\u00faan la Comunidad de Madrid y Murcia, donde se han destruido 64.400 y 18.300 empleos, respectivamente.<\/p>\n\n\n\n<p>Durante este periodo, el n\u00famero de trabajadores parados ha subido en 60.800 personas hasta alcanzar&nbsp;un total de 2.980.200, mientras que en el conjunto de los \u00faltimos 12 meses ha registrado un descenso de 436.500 personas, lo que supone una bajada del 12,78 %. Con estos datos,&nbsp;la tasa de paro se sit\u00faa en el 12,67 %.<\/p>\n\n\n\n<figure class=\"wp-block-image size-large\"><img fetchpriority=\"high\" decoding=\"async\" width=\"1080\" height=\"963\" src=\"http:\/\/xn--tuvozdiasporaespaola-k7b.com\/wp-content\/uploads\/2022\/10\/screenshot_20221028-085125_telegram9140772632052652166.jpg?w=1024\" alt=\"\" class=\"wp-image-502\" srcset=\"https:\/\/xn--tuvozdiasporaespaola-k7b.com\/wp-content\/uploads\/2022\/10\/screenshot_20221028-085125_telegram9140772632052652166.jpg 1080w, https:\/\/xn--tuvozdiasporaespaola-k7b.com\/wp-content\/uploads\/2022\/10\/screenshot_20221028-085125_telegram9140772632052652166-300x268.jpg 300w, https:\/\/xn--tuvozdiasporaespaola-k7b.com\/wp-content\/uploads\/2022\/10\/screenshot_20221028-085125_telegram9140772632052652166-1024x913.jpg 1024w, https:\/\/xn--tuvozdiasporaespaola-k7b.com\/wp-content\/uploads\/2022\/10\/screenshot_20221028-085125_telegram9140772632052652166-768x685.jpg 768w\" sizes=\"(max-width: 1080px) 100vw, 1080px\" \/><\/figure>\n\n\n\n<p>El crecimiento, tanto del n\u00famero de empleados como de de desempleados, responde al aumento&nbsp;de trabajadores activos. En total, otras 138.500 personas se han insertado en el mercado laboral, por lo que la tasa de actividad sube 15 cent\u00e9simas hasta llegar al 58,86 %.<\/p>\n\n\n\n<p>Las mayores bajadas trimestrales de desempleo se han registrado en Islas Baleares (22.500) y Castilla y Le\u00f3n (14.400); mientras que los mayores incrementos se han producido en la Comunidad de Madrid y en la Comunidad Valenciana, con 38.300 y 23.300 parados m\u00e1s respectivamente.<\/p>\n\n\n\n<figure class=\"wp-block-embed is-type-rich is-provider-twitter wp-block-embed-twitter\"><div class=\"wp-block-embed__wrapper\">\n<blockquote class=\"twitter-tweet\" data-width=\"550\" data-dnt=\"true\"><p lang=\"es\" dir=\"ltr\">Creci\u00f3 el Empleo con la nueva reforma laboral que aprob\u00f3 el Ministerio de Trabajo de Yolanda Diaz  en el Gobierno Progresista de Espa\u00f1a.<a href=\"https:\/\/t.co\/wW685TmLYd\">https:\/\/t.co\/wW685TmLYd<\/a><\/p>&mdash; RED C\u00cdRCULOS PODEMOS LATINOAMERICA (@RedPodemosLatam) <a href=\"https:\/\/twitter.com\/RedPodemosLatam\/status\/1586186386608377856?ref_src=twsrc%5Etfw\">October 29, 2022<\/a><\/blockquote><script async src=\"https:\/\/platform.twitter.com\/widgets.js\" charset=\"utf-8\"><\/script>\n<\/div><\/figure>\n\n\n\n<p><br><br>Preguntamos a Francisco L\u00f3pez integrante del Equipo de Coordinaci\u00f3n de la Red de C\u00edrculos Latinoam\u00e9rica de Podemos Exterior y Cordinador de PODEMOS Argentina Provincias, sobre si estos datos afectan a la Di\u00e1spora Espa\u00f1ola en el Exterior y  nos dice al respecto sobre esta noticia:<br>\u00bb <em>Es importante la consolidaci\u00f3n de la Generaci\u00f3n de empleo en Espa\u00f1a y que las tasas de desempleo bajen,  sobre todo por que con esta proliferaci\u00f3n de empleo estable  muchos espa\u00f1olas y espa\u00f1oles\u00a0 que conforman la di\u00e1spora dar\u00e1n el paso en ese retorno tan anhelado por muc<\/em>has \u00ab<br>Continua diciendo \u00bb <em>Hay otra particularidad importante\u00a0 que es interesante ante la demanda de trabajo estable en Espa\u00f1a muchos compatriotas con doble nacionalidad heredada de sus abuelos u abuelas o padres y madres volveran a esa tierra  Espa\u00f1a que un d\u00eda sus progenitores tuvieron que aband<\/em>onar y que <em>por diversas situaciones econ\u00f3micas en los  pa\u00edses de residencia actuales  podr\u00e1n tener la posibilidad de <\/em>prosperar\u00bb<\/p>\n\n\n\n<figure class=\"wp-block-image size-large\"><img decoding=\"async\" width=\"1076\" height=\"1537\" src=\"http:\/\/xn--tuvozdiasporaespaola-k7b.com\/wp-content\/uploads\/2022\/10\/screenshot_20221029-115031_gallery8997604882982454373.jpg?w=717\" alt=\"\" class=\"wp-image-512\" srcset=\"https:\/\/xn--tuvozdiasporaespaola-k7b.com\/wp-content\/uploads\/2022\/10\/screenshot_20221029-115031_gallery8997604882982454373.jpg 1076w, https:\/\/xn--tuvozdiasporaespaola-k7b.com\/wp-content\/uploads\/2022\/10\/screenshot_20221029-115031_gallery8997604882982454373-210x300.jpg 210w, https:\/\/xn--tuvozdiasporaespaola-k7b.com\/wp-content\/uploads\/2022\/10\/screenshot_20221029-115031_gallery8997604882982454373-717x1024.jpg 717w, https:\/\/xn--tuvozdiasporaespaola-k7b.com\/wp-content\/uploads\/2022\/10\/screenshot_20221029-115031_gallery8997604882982454373-768x1097.jpg 768w\" sizes=\"(max-width: 1076px) 100vw, 1076px\" \/><\/figure>\n\n\n\n<p>Con respecto a ayudas del ministerio de Trabajo para el retorno\u00a0 nos explica lo siguiente: \u00ab<em>El Ministerio de Trabajo con respecto al retorno tambi\u00e9n increment\u00f3 sus partidas en PGE\u00a0 a pesar de reducir el presupuesto del Ministerio en general por la menor necesidad de acometer fondos para desempleado<\/em>s\u00bb, medidas tales como:<\/p>\n\n\n\n<p>.<em>&nbsp;&#8211; Subsidio de desempleo para emigrantes retornados.<\/em><\/p>\n\n\n\n<p>&nbsp;.- <em>Emigrantes retornados que cotizaron en Espa\u00f1a antes de emigrar.<\/em><\/p>\n\n\n\n<p>.-<em>Ayudas extraordinarias para retornados.<\/em><\/p>\n\n\n\n<p>(<em>Con un  subsidio por desempleo que  tambi\u00e9n est\u00e1 contemplado en el caso de aquellos que hayan trabajado en el extranjero y tengan m\u00e1s de 52 a\u00f1os en el momento de volver a Espa\u00f1a<\/em>).<\/p>\n\n\n\n<p><em>Estas ayudas est\u00e1n  destinadas a atender las situaciones de necesidad de los espa\u00f1oles retornados, por los gastos extraordinarios derivados del hecho del retorno, cuando se acredite insuficiencia de recursos en el momento de solicitud de la a<\/em>yuda.<\/p>\n\n\n\n<p>.-<em>Emigrantes retornados que cotizaron en Espa\u00f1a antes de emigrar pode acceder al fondo para desempleo.<\/em><\/p>\n\n\n\n<p>.-<em>Emigrantes retornados mayores de 52 a\u00f1os<\/em><\/p>\n\n\n\n<p>.- <em>Renta activa de inserci\u00f3n para emigrantes retornados con unos requisitos&nbsp; de que la persona desempleada  este inscrita como demandante de empleo y suscribir el compromiso de<\/em> <em>incorporarse al circuito laboral cuando se le demande<\/em>\u00ab.<\/p>\n\n\n\n<figure class=\"wp-block-image size-large\"><img decoding=\"async\" width=\"924\" height=\"1574\" src=\"http:\/\/xn--tuvozdiasporaespaola-k7b.com\/wp-content\/uploads\/2022\/10\/screenshot_20221029-115404_wordpress1181578821408813483.jpg?w=601\" alt=\"\" class=\"wp-image-513\" srcset=\"https:\/\/xn--tuvozdiasporaespaola-k7b.com\/wp-content\/uploads\/2022\/10\/screenshot_20221029-115404_wordpress1181578821408813483.jpg 924w, https:\/\/xn--tuvozdiasporaespaola-k7b.com\/wp-content\/uploads\/2022\/10\/screenshot_20221029-115404_wordpress1181578821408813483-176x300.jpg 176w, https:\/\/xn--tuvozdiasporaespaola-k7b.com\/wp-content\/uploads\/2022\/10\/screenshot_20221029-115404_wordpress1181578821408813483-601x1024.jpg 601w, https:\/\/xn--tuvozdiasporaespaola-k7b.com\/wp-content\/uploads\/2022\/10\/screenshot_20221029-115404_wordpress1181578821408813483-768x1308.jpg 768w\" sizes=\"(max-width: 924px) 100vw, 924px\" \/><\/figure>\n\n\n\n<p>Sin lugar a dudas la Reforma Laboral\u00a0 aprobada en el Congreso y que derogo  a la del PP,  a consolidado en toda Espa\u00f1a la creaci\u00f3n de Empleo Estable y de Calidad a excepci\u00f3n de Madrid que una vez m\u00e1s es el furg\u00f3n de cola en Comunidades Aut\u00f3nomas junto a Murcia (Tambi\u00e9n gobernada por el PP), en crecimiento y en empleo, con lo que la Presidenta Ayuso se ha convertido en un ejemplo de lo que significa pol\u00edticas nefastas para la ciudadan\u00eda, s\u00f3lo preocupada de no subir impuestos a los ricos y hacer recortes en ayudas a los m\u00e1s necesitados para cuadrar un d\u00e9ficit fiscal acusando al Gobierno  Nacional Progresista de PERONISTA por hacer pol\u00edticas sociales.<br><br>Su falta de medidas e iniciativas ha \u00a0 convertido a Madrid en una Comunidad de Servicios con nula proyecci\u00f3n empresarial\u00a0 en creaci\u00f3n de empleo\u00a0estable, estando a la cabeza de una desigualdad social y precarizacion en temas tan imprescindibles como  sanidad, educaci\u00f3n y derechos feministas y LGTBI, pactando con VOX en la Asamblea de Madrid y condenando a miles de madrile\u00f1os y madrile\u00f1as al abandono y al sectarismo Fascista.<\/p>\n\n\n\n<figure class=\"wp-block-image size-large\"><img loading=\"lazy\" decoding=\"async\" width=\"1200\" height=\"900\" src=\"http:\/\/xn--tuvozdiasporaespaola-k7b.com\/wp-content\/uploads\/2022\/10\/wp-image9033165917807281750.jpg?w=1024\" alt=\"\" class=\"wp-image-505\" srcset=\"https:\/\/xn--tuvozdiasporaespaola-k7b.com\/wp-content\/uploads\/2022\/10\/wp-image9033165917807281750.jpg 1200w, https:\/\/xn--tuvozdiasporaespaola-k7b.com\/wp-content\/uploads\/2022\/10\/wp-image9033165917807281750-300x225.jpg 300w, https:\/\/xn--tuvozdiasporaespaola-k7b.com\/wp-content\/uploads\/2022\/10\/wp-image9033165917807281750-1024x768.jpg 1024w, https:\/\/xn--tuvozdiasporaespaola-k7b.com\/wp-content\/uploads\/2022\/10\/wp-image9033165917807281750-768x576.jpg 768w\" sizes=\"(max-width: 1200px) 100vw, 1200px\" \/><\/figure>\n\n\n\n<p>Equipo de Redacci\u00f3n de Revista TU VOZ.<\/p>\n\n\n\n<p>Fuentes: : <a href=\"https:\/\/www.sepe.es\/HomeSepe\/Personas\/plan-retorno-espana.html\">https:\/\/www.sepe.es\/HomeSepe\/Personas\/plan-retorno-espana.html<\/a><\/p>\n\n\n\n<p><a href=\"https:\/\/www.mites.gob.es\/es\/mundo\/consejerias\/argentina\/retorno\/index.htm\">https:\/\/www.mites.gob.es\/es\/mundo\/consejerias\/argentina\/retorno\/index.htm<\/a><\/p>\n","protected":false},"excerpt":{"rendered":"<p>La bajada del paro y la reforma laboral (Aprobada\u00a0 por un Gobierno Progresista\u00a0 con Podemos como pieza angular), es\u00a0 una garant\u00eda para el retornado &#8230; <\/p>\n<p class=\"read-more-container\"><a title=\"El EMPLEO CRECE en ESPA\u00d1A  \u00bfEsto afecta a la DI\u00c1SPORA ESPA\u00d1OLA?\" class=\"read-more button\" href=\"https:\/\/xn--tuvozdiasporaespaola-k7b.com\/page\/2\/el-empleo-crece-en-espana-esto-afecta-a-la-diaspora-espanola\/#more-506\" aria-label=\"M\u00e1s en El EMPLEO CRECE en ESPA\u00d1A  \u00bfEsto afecta a la DI\u00c1SPORA ESPA\u00d1OLA?\">Leer m\u00e1s<\/a><\/p>\n","protected":false},"author":222560522,"featured_media":0,"comment_status":"open","ping_status":"open","sticky":false,"template":"","format":"standard","meta":{"footnotes":""},"categories":[1771],"tags":[],"class_list":["post-506","post","type-post","status-publish","format-standard","hentry","category-sociales"],"_links":{"self":[{"href":"https:\/\/xn--tuvozdiasporaespaola-k7b.com\/page\/2\/wp-json\/wp\/v2\/posts\/506","targetHints":{"allow":["GET"]}}],"collection":[{"href":"https:\/\/xn--tuvozdiasporaespaola-k7b.com\/page\/2\/wp-json\/wp\/v2\/posts"}],"about":[{"href":"https:\/\/xn--tuvozdiasporaespaola-k7b.com\/page\/2\/wp-json\/wp\/v2\/types\/post"}],"author":[{"embeddable":true,"href":"https:\/\/xn--tuvozdiasporaespaola-k7b.com\/page\/2\/wp-json\/wp\/v2\/users\/222560522"}],"replies":[{"embeddable":true,"href":"https:\/\/xn--tuvozdiasporaespaola-k7b.com\/page\/2\/wp-json\/wp\/v2\/comments?post=506"}],"version-history":[{"count":0,"href":"https:\/\/xn--tuvozdiasporaespaola-k7b.com\/page\/2\/wp-json\/wp\/v2\/posts\/506\/revisions"}],"wp:attachment":[{"href":"https:\/\/xn--tuvozdiasporaespaola-k7b.com\/page\/2\/wp-json\/wp\/v2\/media?parent=506"}],"wp:term":[{"taxonomy":"category","embeddable":true,"href":"https:\/\/xn--tuvozdiasporaespaola-k7b.com\/page\/2\/wp-json\/wp\/v2\/categories?post=506"},{"taxonomy":"post_tag","embeddable":true,"href":"https:\/\/xn--tuvozdiasporaespaola-k7b.com\/page\/2\/wp-json\/wp\/v2\/tags?post=506"}],"curies":[{"name":"wp","href":"https:\/\/api.w.org\/{rel}","templated":true}]}}