{"id":490,"date":"2022-10-26T21:25:10","date_gmt":"2022-10-27T00:25:10","guid":{"rendered":"https:\/\/xn--tuvozdiasporaespaola-k7b.com\/?p=490"},"modified":"2022-10-27T09:29:16","modified_gmt":"2022-10-27T12:29:16","slug":"el-ministerio-de-justicia-amplia-los-supuestos-para-optar-a-la-ciudadania-tras-interpretar-la-ley-de-memoria-democratica","status":"publish","type":"post","link":"https:\/\/xn--tuvozdiasporaespaola-k7b.com\/page\/2\/el-ministerio-de-justicia-amplia-los-supuestos-para-optar-a-la-ciudadania-tras-interpretar-la-ley-de-memoria-democratica\/","title":{"rendered":"El Ministerio de Justicia ampl\u00eda los supuestos para optar a la ciudadan\u00eda tras interpretar la Ley de Memoria Democr\u00e1tica"},"content":{"rendered":"\n<p>De 400.000 a 450.000 descendientes de personas espa\u00f1olas se podr\u00e1n beneficiar de esta ley.<\/p>\n\n\n\n<p>\u00abTodos los nacidos fuera de Espa\u00f1a hijos o nietos de personas que originariamente hubieran sido espa\u00f1olas podr\u00e1n acceder a la nacionalidad,\u00bb seg\u00fan se\u00f1ala la&nbsp;Instrucci\u00f3n del Ministerio de Justicia que desarrolla la aplicaci\u00f3n de la disposici\u00f3n adicional octava (DA8\u00aa) de la Ley de Memoria Democr\u00e1tica (LMD) y que se publica en el BOE del 26 de octubre de 2022.<\/p>\n\n\n\n<p>Justicia ha hecho una interpretaci\u00f3n de dicha disposici\u00f3n y ha ampliado el acceso a la nacionalidad no solo a los hijos y nietos de personas que, como consecuencia del exilio, perdieron o tuvieron que renunciar a su nacionalidad, sino a todos los hijos y nietos de espa\u00f1oles de origen nacidos en el extranjero.<\/p>\n\n\n\n<p>Es una victoria de las organizaciones que agrupan a descendientes de espa\u00f1oles en el exterior y de partidos pol\u00edticos con implantaci\u00f3n en el exterior, como PSOE Exterior y Podemos Exterior,&nbsp;que siempre defendieron esta interpretaci\u00f3n amplia de la DA8\u00aa. Esto, a pesar de que unos d\u00edas antes los t\u00e9cnicos del Ministerio de Justicia no contemplaban esta posibilidad, seg\u00fan manifestaron miembros de CEDEU y de otras organizaciones de descendientes en reuni\u00f3n con el Consejo General de la Ciudadan\u00eda Espa\u00f1ola en el Exterior (CGCEE).<\/p>\n\n\n\n<figure class=\"wp-block-embed is-type-rich is-provider-twitter wp-block-embed-twitter\"><div class=\"wp-block-embed__wrapper\">\n<blockquote class=\"twitter-tweet\" data-width=\"550\" data-dnt=\"true\"><p lang=\"es\" dir=\"ltr\">Tenemos instrucci\u00f3n para la disposici\u00f3n 8a de la LMD. Ahora hay que asegurar que los consulados est\u00e9n dotados de recursos y estos 24 meses sean suficientes. A\u00fan quedar\u00e1 gente fuera y desde el <a href=\"https:\/\/twitter.com\/CGCEE_VIII?ref_src=twsrc%5Etfw\">@CGCEE_VIII<\/a> trabajaremos por una ley sin ventanas temporales <a href=\"https:\/\/t.co\/5wV1aLBOeM\">https:\/\/t.co\/5wV1aLBOeM<\/a><\/p>&mdash; Consejo General Ciudadan\u00eda Espa\u00f1ola en el Exterior (@CGCEE_VIII) <a href=\"https:\/\/twitter.com\/CGCEE_VIII\/status\/1585207872006553600?ref_src=twsrc%5Etfw\">October 26, 2022<\/a><\/blockquote><script async src=\"https:\/\/platform.twitter.com\/widgets.js\" charset=\"utf-8\"><\/script>\n<\/div><\/figure>\n\n\n\n<p>Despu\u00e9s de esta reuni\u00f3n contactaron con responsables en materia de emigraci\u00f3n del PSOE quienes estos a su vez  se pusier\u00f3n en contacto con el Ministerio de Justicia para replantear una Instrucci\u00f3n m\u00e1s amplia que beneficiara a todos los descendientes de espa\u00f1oles en el exterior.<\/p>\n\n\n\n<p>El primer p\u00e1rrafo de la DA8\u00aa dice literalmente: \u201cLos nacidos fuera de Espa\u00f1a de padre o madre, abuelo o abuela, que originariamente hubieran sido espa\u00f1oles, y que, como consecuencia de haber sufrido exilio por razones pol\u00edticas, ideol\u00f3gicas o de creencia o de orientaci\u00f3n e identidad sexual, hubieran perdido o renunciado a la nacionalidad espa\u00f1ola, podr\u00e1n optar a la nacionalidad espa\u00f1ola, a los efectos del art\u00edculo 20 del C\u00f3digo Civil\u201d.<\/p>\n\n\n\n<p>El Ministerio de Justicia afirma en la Instrucci\u00f3n que \u201cpese a que este p\u00e1rrafo parece dirigirse \u00fanicamente a los hijos, hijas, nietos y nietas de exiliados que nacieron despu\u00e9s de que sus padres\/madres y\/o abuelos\/abuelas perdieran la nacionalidad espa\u00f1ola, es posible encontrar una interpretaci\u00f3n m\u00e1s acorde con la verdadera voluntad del legislador y el esp\u00edritu de la ley\u201d.<\/p>\n\n\n\n<p>Esa interpretaci\u00f3n que hace el Ministerio de Justicia es que \u201cel legislador no ha querido excluir del \u00e1mbito de aplicaci\u00f3n de esta ley (LMD) a quienes se encontraban en la situaci\u00f3n descrita en el punto primero de la disposici\u00f3n adicional s\u00e9ptima de la Ley 52\/2007 (Ley de Memoria Democr\u00e1tica), que son las personas cuyo padre o madre hubiese sido originariamente espa\u00f1ol podr\u00e1n optar a la nacionalidad espa\u00f1ola de origen\u201d.<\/p>\n\n\n\n<p>Y para ello, concluye Justicia, el legislador \u201cha refundido en un solo p\u00e1rrafo los dos supuestos de la anterior disposici\u00f3n adicional 7\u00aa de la Ley 52\/2007\u201d, es decir, los nacidos fuera de Espa\u00f1a de hijos y nietos de personas originariamente espa\u00f1olas y los descendientes de espa\u00f1oles de origen que hubiesen perdido o renunciado a la nacionalidad por raz\u00f3n del exilio (que estaban incluidos en el punto 2 de la disposici\u00f3n adicional 7\u00aa de la Ley de Memoria Hist\u00f3rica).<\/p>\n\n\n\n<p>Recordemos la redacci\u00f3n original del primer p\u00e1rrafo de la DA8\u00aa: \u201cLos nacidos fuera de Espa\u00f1a de padre o madre, abuelo o abuela, que originariamente hubieran sido espa\u00f1oles,&nbsp;y que, como consecuencia de haber sufrido exilio por razones pol\u00edticas, ideol\u00f3gicas o de creencia o de orientaci\u00f3n e identidad sexual, hubieran perdido o renunciado a la nacionalidad espa\u00f1ola, podr\u00e1n optar a la nacionalidad espa\u00f1ola, a los efectos del art\u00edculo 20 del C\u00f3digo Civil\u201d.<\/p>\n\n\n\n<figure class=\"wp-block-image size-large\"><img fetchpriority=\"high\" decoding=\"async\" width=\"1200\" height=\"871\" src=\"http:\/\/xn--tuvozdiasporaespaola-k7b.com\/wp-content\/uploads\/2022\/10\/20220705073704926567098166091756497475.jpg?w=1024\" alt=\"\" class=\"wp-image-488\" srcset=\"https:\/\/xn--tuvozdiasporaespaola-k7b.com\/wp-content\/uploads\/2022\/10\/20220705073704926567098166091756497475.jpg 1200w, https:\/\/xn--tuvozdiasporaespaola-k7b.com\/wp-content\/uploads\/2022\/10\/20220705073704926567098166091756497475-300x218.jpg 300w, https:\/\/xn--tuvozdiasporaespaola-k7b.com\/wp-content\/uploads\/2022\/10\/20220705073704926567098166091756497475-1024x743.jpg 1024w, https:\/\/xn--tuvozdiasporaespaola-k7b.com\/wp-content\/uploads\/2022\/10\/20220705073704926567098166091756497475-768x557.jpg 768w\" sizes=\"(max-width: 1200px) 100vw, 1200px\" \/><\/figure>\n\n\n\n<p>Destacamos en negrita los t\u00e9rminos \u201cy que\u201d porque el Ministerio de Justicia entiende que su significado es \u201cy, adem\u00e1s\u201d, y as\u00ed justifica la ampliaci\u00f3n del acceso a la nacionalidad a todos los hijos y nietos nacidos en el extranjero de personas originariamente espa\u00f1olas.<\/p>\n\n\n\n<p>Con esta interpretaci\u00f3n, se recoge, a juicio del Ministerio de Justicia, dos supuestos de acceso a la nacionalidad. Por un lado \u201clos nacidos fuera de Espa\u00f1a de padre o madre, abuelo o abuela, que originariamente hubieran sido espa\u00f1oles\u201d y por otro \u201clos nacidos fuera de Espa\u00f1a de padres o abuelos que por el exilio perdieron la nacionalidad espa\u00f1ola o renunciaron a ella\u201d.<\/p>\n\n\n\n<figure class=\"wp-block-embed is-type-rich is-provider-twitter wp-block-embed-twitter\"><div class=\"wp-block-embed__wrapper\">\n<blockquote class=\"twitter-tweet\" data-width=\"550\" data-dnt=\"true\"><p lang=\"es\" dir=\"ltr\">Cuando se quiere se puede ! Cedeu lo logr\u00f3! Felicitaciones a cada uno! Entran 3 supuestos nuevos a los que ya hab\u00eda en la ley anterior por lo que acumula derechos de leyes anteriores:<br>nieto de var\u00f3n que mantuvo la nacionalidad, Nietos de mujeres casadas, hijos mayores <a href=\"https:\/\/t.co\/TltjhxsQbR\">pic.twitter.com\/TltjhxsQbR<\/a><\/p>&mdash; Ce.DEU (@CeDEU2) <a href=\"https:\/\/twitter.com\/CeDEU2\/status\/1585169277732077568?ref_src=twsrc%5Etfw\">October 26, 2022<\/a><\/blockquote><script async src=\"https:\/\/platform.twitter.com\/widgets.js\" charset=\"utf-8\"><\/script>\n<\/div><\/figure>\n\n\n\n<p>Al respecto la CEDEU manifest\u00f3 en un comunicado de prensa que una \u201casociaci\u00f3n sin fines de lucro y apartidista\u201d ha logrado \u201cla mayor reforma en materia de nacionalidad espa\u00f1ola que tuvo en su historia\u201d. Y contin\u00faa: \u201cDesde CEDEU queremos reflexionar que cuando se quiere, se puede, y cuando se presiona sin quedarse de brazos cruzados, aun cuando t\u00e9cnicos dicen que no, se puede recurrir a la decisi\u00f3n pol\u00edtica\u201d, afirman en el comunicado.\u201d Y a\u00f1aden que celebran que \u201cluego de duras negociaciones e intercambios, la decisi\u00f3n pol\u00edtica del Gobierno prim\u00f3, as\u00ed como la seguridad jur\u00eddica de la ley\u00bb. Reafirmando que esta ley \u201ccierra generaciones divididas; realmente es una ley generosa que se encuadra en pa\u00edses del contexto europeo como Portugal e Italia, con la \u00fanica diferencia que es un apartado de una ley de car\u00e1cter temporal por dos a\u00f1os, prorrogables a tres\u201d.<\/p>\n\n\n\n<p>Al aceptar \u00fanicamente a cerca de 250.000 personas, de las casi 500.000 que solicitaron la nacionalidad, mediante la ley de Memoria Hist\u00f3rica, aprobada en 2007, se excluy\u00f3 en la pr\u00e1ctica al 52,8% de los solicitantes, la gran mayor\u00eda de ellos en consulados de Francia, M\u00e9xico, Argentina, Venezuela y Cuba, ( Estos pa\u00edses  es donde m\u00e1s  personas  hab\u00edan solicitado la nacionalidad,  ya que sus  progenitores hab\u00edan sido originariamente espa\u00f1oles y de una u otra forma no la transmitieron sus hijos, hijas o nietos y nietas). Con esta nueva ampliaci\u00f3n, Podemos Exterior nos comunica que estiman se beneficiar\u00e1n entre 400.000 y 450.000 solicitantes.<\/p>\n\n\n\n<figure class=\"wp-block-image size-large\"><img decoding=\"async\" width=\"1200\" height=\"800\" src=\"http:\/\/xn--tuvozdiasporaespaola-k7b.com\/wp-content\/uploads\/2022\/10\/zhshalhxuvejnlto7q3xq6xv744380021471071385560.jpg?w=1024\" alt=\"\" class=\"wp-image-489\" srcset=\"https:\/\/xn--tuvozdiasporaespaola-k7b.com\/wp-content\/uploads\/2022\/10\/zhshalhxuvejnlto7q3xq6xv744380021471071385560.jpg 1200w, https:\/\/xn--tuvozdiasporaespaola-k7b.com\/wp-content\/uploads\/2022\/10\/zhshalhxuvejnlto7q3xq6xv744380021471071385560-300x200.jpg 300w, https:\/\/xn--tuvozdiasporaespaola-k7b.com\/wp-content\/uploads\/2022\/10\/zhshalhxuvejnlto7q3xq6xv744380021471071385560-1024x683.jpg 1024w, https:\/\/xn--tuvozdiasporaespaola-k7b.com\/wp-content\/uploads\/2022\/10\/zhshalhxuvejnlto7q3xq6xv744380021471071385560-768x512.jpg 768w\" sizes=\"(max-width: 1200px) 100vw, 1200px\" \/><figcaption class=\"wp-element-caption\">Consulado de Buenos Aires , Argentina <\/figcaption><\/figure>\n\n\n\n<p>Esperemos que el pr\u00f3ximo paso sea la aprobaci\u00f3n de una ley de nacionalidad integral que termine recogiendo en el C\u00f3digo Civil el derecho a adquirir la nacionalidad v\u00eda ius sanguinis&nbsp;o \u201cderecho de sangre\u201d, como contempla el CGCEE y la mayor\u00eda de los CREs del exterior, asociaciones, agrupaciones y partidos pol\u00edticos como Podemos Exterior.<\/p>\n\n\n\n<p>Equipo de Redacci\u00f3n Revista TU VOZ.<\/p>\n\n\n\n<p>FUENTES: <em>Instrucci\u00f3n del Ministerio de Justicia que desarrolla la aplicaci\u00f3n de la Disposici\u00f3n adicional octava (DA8\u00aa) de la Ley de Memoria Democr\u00e1tica (LMD) y que se publica en el BOE del 26 de octubre de 2022. Comunicado del CEDEU y CGCEE.<\/em><\/p>\n","protected":false},"excerpt":{"rendered":"<p>De 400.000 a 450.000 descendientes de personas espa\u00f1olas se podr\u00e1n beneficiar de esta ley. \u00abTodos los nacidos fuera de Espa\u00f1a hijos o nietos de &#8230; <\/p>\n<p class=\"read-more-container\"><a title=\"El Ministerio de Justicia ampl\u00eda los supuestos para optar a la ciudadan\u00eda tras interpretar la Ley de Memoria Democr\u00e1tica\" class=\"read-more button\" href=\"https:\/\/xn--tuvozdiasporaespaola-k7b.com\/page\/2\/el-ministerio-de-justicia-amplia-los-supuestos-para-optar-a-la-ciudadania-tras-interpretar-la-ley-de-memoria-democratica\/#more-490\" aria-label=\"M\u00e1s en El Ministerio de Justicia ampl\u00eda los supuestos para optar a la ciudadan\u00eda tras interpretar la Ley de Memoria Democr\u00e1tica\">Leer m\u00e1s<\/a><\/p>\n","protected":false},"author":222560522,"featured_media":0,"comment_status":"open","ping_status":"open","sticky":false,"template":"","format":"standard","meta":{"footnotes":""},"categories":[1771],"tags":[],"class_list":["post-490","post","type-post","status-publish","format-standard","hentry","category-sociales"],"_links":{"self":[{"href":"https:\/\/xn--tuvozdiasporaespaola-k7b.com\/page\/2\/wp-json\/wp\/v2\/posts\/490","targetHints":{"allow":["GET"]}}],"collection":[{"href":"https:\/\/xn--tuvozdiasporaespaola-k7b.com\/page\/2\/wp-json\/wp\/v2\/posts"}],"about":[{"href":"https:\/\/xn--tuvozdiasporaespaola-k7b.com\/page\/2\/wp-json\/wp\/v2\/types\/post"}],"author":[{"embeddable":true,"href":"https:\/\/xn--tuvozdiasporaespaola-k7b.com\/page\/2\/wp-json\/wp\/v2\/users\/222560522"}],"replies":[{"embeddable":true,"href":"https:\/\/xn--tuvozdiasporaespaola-k7b.com\/page\/2\/wp-json\/wp\/v2\/comments?post=490"}],"version-history":[{"count":0,"href":"https:\/\/xn--tuvozdiasporaespaola-k7b.com\/page\/2\/wp-json\/wp\/v2\/posts\/490\/revisions"}],"wp:attachment":[{"href":"https:\/\/xn--tuvozdiasporaespaola-k7b.com\/page\/2\/wp-json\/wp\/v2\/media?parent=490"}],"wp:term":[{"taxonomy":"category","embeddable":true,"href":"https:\/\/xn--tuvozdiasporaespaola-k7b.com\/page\/2\/wp-json\/wp\/v2\/categories?post=490"},{"taxonomy":"post_tag","embeddable":true,"href":"https:\/\/xn--tuvozdiasporaespaola-k7b.com\/page\/2\/wp-json\/wp\/v2\/tags?post=490"}],"curies":[{"name":"wp","href":"https:\/\/api.w.org\/{rel}","templated":true}]}}