{"id":486,"date":"2022-10-26T19:41:38","date_gmt":"2022-10-26T22:41:38","guid":{"rendered":"https:\/\/xn--tuvozdiasporaespaola-k7b.com\/?p=486"},"modified":"2022-10-26T21:29:36","modified_gmt":"2022-10-27T00:29:36","slug":"no-podemos-bajar-la-guardia","status":"publish","type":"post","link":"https:\/\/xn--tuvozdiasporaespaola-k7b.com\/page\/2\/no-podemos-bajar-la-guardia\/","title":{"rendered":"\u201cNO PODEMOS BAJAR LA GUARDIA\u201d"},"content":{"rendered":"\n<p><em>ENTREVISTA A MAR\u00cdA BALLESTER<\/em> <\/p>\n\n\n\n<p>La Presidenta de la Comisi\u00f3n de la Mujer y Juventud del Consejo General de la Ciudadan\u00eda de Espa\u00f1oles en el Exterior, Mar\u00eda Ballester, se refiri\u00f3 a la necesidad de ampliar los protocolos de protecci\u00f3n de la mujer en el exterior. Adem\u00e1s explic\u00f3 los proyectos en los que trabaja desde la comisi\u00f3n que preside y asegur\u00f3 que \u201c<em><strong>cuando se baja la guardia es cuando se pierden derechos\u201d<\/strong><\/em><\/p>\n\n\n\n<figure class=\"wp-block-image size-large\"><img fetchpriority=\"high\" decoding=\"async\" width=\"1080\" height=\"694\" src=\"http:\/\/xn--tuvozdiasporaespaola-k7b.com\/wp-content\/uploads\/2022\/10\/screenshot_20221022-223118_chrome6679828233515673632.jpg?w=1024\" alt=\"\" class=\"wp-image-482\" srcset=\"https:\/\/xn--tuvozdiasporaespaola-k7b.com\/wp-content\/uploads\/2022\/10\/screenshot_20221022-223118_chrome6679828233515673632.jpg 1080w, https:\/\/xn--tuvozdiasporaespaola-k7b.com\/wp-content\/uploads\/2022\/10\/screenshot_20221022-223118_chrome6679828233515673632-300x193.jpg 300w, https:\/\/xn--tuvozdiasporaespaola-k7b.com\/wp-content\/uploads\/2022\/10\/screenshot_20221022-223118_chrome6679828233515673632-1024x658.jpg 1024w, https:\/\/xn--tuvozdiasporaespaola-k7b.com\/wp-content\/uploads\/2022\/10\/screenshot_20221022-223118_chrome6679828233515673632-768x494.jpg 768w\" sizes=\"(max-width: 1080px) 100vw, 1080px\" \/><\/figure>\n\n\n\n<p><strong>\u00bfEn qu\u00e9 propuestas est\u00e1s trabajando en esta nueva legislatura dentro del Consejo General?<\/strong><\/p>\n\n\n\n<p>A\u00fan quedaron algunas propuestas pendientes del anterior mandato, de la anterior legislatura que no llegaron a ser tratadas en comisi\u00f3n porque durante dos a\u00f1os no se convoc\u00f3 al Consejo. En las pasadas reuniones de nuestra comisi\u00f3n nos hemos dedicado a trabajar las propuestas que a\u00fan hoy tienen relevancia. Por nombrar algunas, el fomento e implementaci\u00f3n de algunos programas de enraizamiento para los j\u00f3venes en el exterior, que puedan visitar su tierra, su comunidad aut\u00f3noma y no pierdan ese cord\u00f3n cultural, esos or\u00edgenes. Por otro lado tambi\u00e9n trabajamos en programas de becas de estudios para la juventud en el exterior, que se realiza en convenios con diferentes universidades para convocar m\u00e1s pasant\u00edas dentro de las instituciones de la di\u00e1spora, pedimos tambi\u00e9n que se asegure la protecci\u00f3n del menor en el extranjero a partir de un protocolo espec\u00edfico para los casos de abuso en menores, para que la violencia de g\u00e9nero tambi\u00e9n cubra esto. Actualmente tambi\u00e9n trabajamos en una propuesta para que se actualice el material did\u00e1ctico, tambi\u00e9n insistimos en que se actualicen los libros y las actividades de material de inclusi\u00f3n; que se revisen, que se eliminen los estereotipos, que se utilice un lenguaje m\u00e1s inclusivo y los criterios de igualdad de inclusi\u00f3n, a lo que obliga la nueva ley de inclusi\u00f3n; una ley que no se est\u00e1 cumpliendo al cien por cien, y se tienen que revisar estos materiales que les estamos ense\u00f1ando a los ni\u00f1os. Y en violencia de g\u00e9nero, que es uno de los temas base de nuestra comisi\u00f3n, tambi\u00e9n tenemos varias propuestas dedicadas al protocolo de actuaci\u00f3n para la atenci\u00f3n de v\u00edctimas de violencia de g\u00e9nero en el exterior. Este protocolo es bastante extenso y existe desde el 2015 y engloba la labor de cuatro ministerios espa\u00f1oles, cubre la sensibilizaci\u00f3n de la poblaci\u00f3n en materia de g\u00e9nero, la atenci\u00f3n primaria, la ayuda y acompa\u00f1amiento de la v\u00edctima y garantiza el retorno a Espa\u00f1a y la inserci\u00f3n laboral de dichas v\u00edctimas. Y sin embargo nos consta que dependiendo del pa\u00eds, la embajada o la oficina consular se aplica de una forma parcialmente o no se est\u00e1 acompa\u00f1ando a la v\u00edctima, tampoco se hacen campa\u00f1as de concientizaci\u00f3n, algunos consulados se escudan en que tienen toda la informaci\u00f3n sobre el protocolo en sus p\u00e1ginas web; pero tenemos que exigir m\u00e1s esfuerzo, que salgan, que hablen de esto. Es insensato pensar que s\u00f3lo con un art\u00edculo o una p\u00e1gina web la mayor\u00eda de las espa\u00f1olas ya saben exactamente qu\u00e9 opciones tienen y que deben hacer en caso de ser v\u00edctimas de violencia. En nuestra propuesta solicitamos b\u00e1sicamente que se coordine en todos los organismos por igual y que se realice un seguimiento de c\u00f3mo se est\u00e1 aplicando este protocolo en todos los pa\u00edses, que se destine m\u00e1s presupuesto y m\u00e1s personal para esto porque puede salvar vidas.<\/p>\n\n\n\n<figure class=\"wp-block-image size-large\"><img decoding=\"async\" width=\"300\" height=\"300\" src=\"http:\/\/xn--tuvozdiasporaespaola-k7b.com\/wp-content\/uploads\/2022\/10\/20180507010228745898126678634863890901.jpg?w=300\" alt=\"\" class=\"wp-image-483\" srcset=\"https:\/\/xn--tuvozdiasporaespaola-k7b.com\/wp-content\/uploads\/2022\/10\/20180507010228745898126678634863890901.jpg 300w, https:\/\/xn--tuvozdiasporaespaola-k7b.com\/wp-content\/uploads\/2022\/10\/20180507010228745898126678634863890901-150x150.jpg 150w\" sizes=\"(max-width: 300px) 100vw, 300px\" \/><figcaption class=\"wp-element-caption\">Maria Ballester <\/figcaption><\/figure>\n\n\n\n<p><strong>Del mismo modo en que existe la consejer\u00eda de Educaci\u00f3n, y dependiendo el consulado\u2026 \u00bfser\u00eda posible que existiera una consejer\u00eda de la Mujer para llevar a cabo el tratamiento de este tema espec\u00edfico y se le destine personal y presupuesto?<\/strong><\/p>\n\n\n\n<p>Esta ley org\u00e1nica de garant\u00eda integral de la libertad sexual, para quienes no la conozcan, es una ley que va un paso m\u00e1s all\u00e1 y protege un poco m\u00e1s a las v\u00edctimas de acoso, de violencia de g\u00e9nero y de violencia sexual. Y es necesario que se aplique al exterior. No es que ser\u00eda conveniente sino que es necesario. Es cierto que algunos aspectos de esta ley pueden ser complicados aplicarlos en todos los pa\u00edses porque hablamos de diferentes sistemas judiciales, pero muchos otros s\u00ed; como los centros de atenci\u00f3n de 24 horas, las campa\u00f1as de sensibilizaci\u00f3n e informaci\u00f3n, rutas espec\u00edficas para los menores, ayuda psicol\u00f3gica a las v\u00edctimas, a los ni\u00f1os; un incremento de ayudas tambi\u00e9n para las v\u00edctimas; en fin, que nuestras propuestas tambi\u00e9n van encaminadas en esta direcci\u00f3n y debemos insistir en que las instituciones velen tambi\u00e9n por el derecho de las v\u00edctimas, y no solamente en el territorio espa\u00f1ol. Pero es un paso en la direcci\u00f3n correcta pero se puede llegar m\u00e1s lejos y debemos llegar m\u00e1s lejos.<\/p>\n\n\n\n<p>En cuanto a una consejer\u00eda espec\u00edfica en el exterior para la mujer y para la ni\u00f1ez, estoy a favor de que se cree una comisi\u00f3n espec\u00edfica pero no s\u00f3lo para j\u00f3venes y mujeres, sino tambi\u00e9n se deben defender los derechos de aquellos colectivos que son susceptibles de discriminaci\u00f3n o que se vean oprimidos por raz\u00f3n de g\u00e9nero, edad, raza o sexualidad. Nuestra comisi\u00f3n se llama J\u00f3venes y Mujeres pero intentamos abogar por la inclusi\u00f3n en todos los aspectos y soy consciente de que esto no lo vamos a lograr de un d\u00eda para otro, aunque es cierto que vamos en la direcci\u00f3n adecuada y con m\u00e1s ganas de trabajar que nunca.<\/p>\n\n\n\n<figure class=\"wp-block-image size-large\"><img decoding=\"async\" width=\"692\" height=\"600\" src=\"http:\/\/xn--tuvozdiasporaespaola-k7b.com\/wp-content\/uploads\/2022\/10\/article1905421607614432252.jpg?w=692\" alt=\"\" class=\"wp-image-484\" srcset=\"https:\/\/xn--tuvozdiasporaespaola-k7b.com\/wp-content\/uploads\/2022\/10\/article1905421607614432252.jpg 692w, https:\/\/xn--tuvozdiasporaespaola-k7b.com\/wp-content\/uploads\/2022\/10\/article1905421607614432252-300x260.jpg 300w\" sizes=\"(max-width: 692px) 100vw, 692px\" \/><\/figure>\n\n\n\n<p>Debemos ser conscientes y realistas de que la lucha es continua.<\/p>\n\n\n\n<p>Respecto a esto, Ballester agreg\u00f3 que \u201c<em>es necesaria una mayor vigilancia ya que no basta solamente con realizar un protocolo que es bastante extenso, sino tambi\u00e9n realizar un seguimiento, que se pueda comprobar que se est\u00e1n cumpliendo los puntos de este protocolo. Estamos hablando de un protocolo que engloba la labor de cuatro ministerios con sus respectivas consejer\u00edas, y es necesario que se haga una vigilancia; monitorizar. Otra demanda que queremos cubrir desde nuestra comisi\u00f3n es que se realicen m\u00e1s informes, m\u00e1s estudios de poblaci\u00f3n fuera del territorio espa\u00f1ol. Faltan much\u00edsimos datos y nos consta que las instituciones no se est\u00e1n esforzando lo suficiente en conocer la situaci\u00f3n tanto demogr\u00e1fica como econ\u00f3mica y social de la ciudadan\u00eda espa\u00f1ola en el exterior. Debemos insistir desde los CRE y desde toda la di\u00e1spora en que las instituciones cuenten tambi\u00e9n con esta di\u00e1spora, que las medidas que se tomen se apliquen tambi\u00e9n al exterior, que no solamente se apliquen al territorio espa\u00f1ol, y que nos veamos m\u00e1s representados en m\u00e1s organismos.<\/em><\/p>\n\n\n\n<figure class=\"wp-block-image size-large\"><img loading=\"lazy\" decoding=\"async\" width=\"998\" height=\"739\" src=\"http:\/\/xn--tuvozdiasporaespaola-k7b.com\/wp-content\/uploads\/2022\/10\/screenshot_20221022-223351_chrome7770120213191353472.jpg?w=998\" alt=\"\" class=\"wp-image-485\" srcset=\"https:\/\/xn--tuvozdiasporaespaola-k7b.com\/wp-content\/uploads\/2022\/10\/screenshot_20221022-223351_chrome7770120213191353472.jpg 998w, https:\/\/xn--tuvozdiasporaespaola-k7b.com\/wp-content\/uploads\/2022\/10\/screenshot_20221022-223351_chrome7770120213191353472-300x222.jpg 300w, https:\/\/xn--tuvozdiasporaespaola-k7b.com\/wp-content\/uploads\/2022\/10\/screenshot_20221022-223351_chrome7770120213191353472-768x569.jpg 768w\" sizes=\"(max-width: 998px) 100vw, 998px\" \/><figcaption class=\"wp-element-caption\">Presidenta de la Comisi\u00f3n de  la Mujer y Juventud  del CGCEE.<\/figcaption><\/figure>\n\n\n\n<p><em>No somos ciudadanas de segunda, y sin embargo muchas de las ayudas, leyes, protocolos, etc, no cubren esas necesidades de quienes estamos en el exterior. S\u00ed es cierto que se nos empieza a escuchar, pero a\u00fan nos queda mucho trabajo y mucho compromiso por delante. Esta es una lucha que no cesar\u00e1 nunca, y cuando se baja la guardia es cuando empiezan a recortarnos derechos. Entonces no podemos bajar la guardia\u201d.<\/em><\/p>\n\n\n\n<p>Por Walter C. Medina<\/p>\n\n\n\n<p>Equipo de Redacci\u00f3n de Revista TU VOZ.<\/p>\n\n\n\n<p>Fuentes : Programa de Radio \u00abCenizas de Babilonia Di\u00e1spora Espa\u00f1ola, tiempos del CRE.\u00bb<\/p>\n","protected":false},"excerpt":{"rendered":"<p>ENTREVISTA A MAR\u00cdA BALLESTER La Presidenta de la Comisi\u00f3n de la Mujer y Juventud del Consejo General de la Ciudadan\u00eda de Espa\u00f1oles en el &#8230; <\/p>\n<p class=\"read-more-container\"><a title=\"\u201cNO PODEMOS BAJAR LA GUARDIA\u201d\" class=\"read-more button\" href=\"https:\/\/xn--tuvozdiasporaespaola-k7b.com\/page\/2\/no-podemos-bajar-la-guardia\/#more-486\" aria-label=\"M\u00e1s en \u201cNO PODEMOS BAJAR LA GUARDIA\u201d\">Leer m\u00e1s<\/a><\/p>\n","protected":false},"author":222560522,"featured_media":0,"comment_status":"open","ping_status":"open","sticky":false,"template":"","format":"standard","meta":{"footnotes":""},"categories":[1771],"tags":[],"class_list":["post-486","post","type-post","status-publish","format-standard","hentry","category-sociales"],"_links":{"self":[{"href":"https:\/\/xn--tuvozdiasporaespaola-k7b.com\/page\/2\/wp-json\/wp\/v2\/posts\/486","targetHints":{"allow":["GET"]}}],"collection":[{"href":"https:\/\/xn--tuvozdiasporaespaola-k7b.com\/page\/2\/wp-json\/wp\/v2\/posts"}],"about":[{"href":"https:\/\/xn--tuvozdiasporaespaola-k7b.com\/page\/2\/wp-json\/wp\/v2\/types\/post"}],"author":[{"embeddable":true,"href":"https:\/\/xn--tuvozdiasporaespaola-k7b.com\/page\/2\/wp-json\/wp\/v2\/users\/222560522"}],"replies":[{"embeddable":true,"href":"https:\/\/xn--tuvozdiasporaespaola-k7b.com\/page\/2\/wp-json\/wp\/v2\/comments?post=486"}],"version-history":[{"count":0,"href":"https:\/\/xn--tuvozdiasporaespaola-k7b.com\/page\/2\/wp-json\/wp\/v2\/posts\/486\/revisions"}],"wp:attachment":[{"href":"https:\/\/xn--tuvozdiasporaespaola-k7b.com\/page\/2\/wp-json\/wp\/v2\/media?parent=486"}],"wp:term":[{"taxonomy":"category","embeddable":true,"href":"https:\/\/xn--tuvozdiasporaespaola-k7b.com\/page\/2\/wp-json\/wp\/v2\/categories?post=486"},{"taxonomy":"post_tag","embeddable":true,"href":"https:\/\/xn--tuvozdiasporaespaola-k7b.com\/page\/2\/wp-json\/wp\/v2\/tags?post=486"}],"curies":[{"name":"wp","href":"https:\/\/api.w.org\/{rel}","templated":true}]}}