{"id":469,"date":"2022-10-25T11:36:00","date_gmt":"2022-10-25T14:36:00","guid":{"rendered":"https:\/\/xn--tuvozdiasporaespaola-k7b.com\/?p=469"},"modified":"2022-10-25T11:36:18","modified_gmt":"2022-10-25T14:36:18","slug":"psoe-y-su-bloqueo-a-leyes-de-vivienda-y-trans","status":"publish","type":"post","link":"https:\/\/xn--tuvozdiasporaespaola-k7b.com\/page\/2\/psoe-y-su-bloqueo-a-leyes-de-vivienda-y-trans\/","title":{"rendered":"PSOE y su  BLOQUEO a LEYES de VIVIENDA y TRANS"},"content":{"rendered":"\n<p>Las dos leyes\u00a0 ya pasaron al Senado donde se encuentran paralizadas, estas leyes influyen de una forma u otra en la Di\u00e1spora Espa\u00f1ola y en las diversas situaciones de Retorno y derecho en materias alquileres sociales  en Vivienda o reconocimiento de derechos en esta Ley Trans .<\/p>\n\n\n\n<p>  El bloqueo de las leyes por parte del Partido Socialista es preocupante  para colectivos\u00a0 y asociaciones y la presi\u00f3n se cierne sobre los grupos pol\u00edticos que pretend\u00edan sacar adelante dichas normas antes de que finalizara el 2022 , la denominada\u00a0Ley Trans y la Ley de Vivienda, siendo su aprobaci\u00f3n\u00a0 en el senado incierto ya que tras ser\u00a0 aprobadas en el Consejo de Ministros,\u00a0 al llegar al Senado\u00a0 se paraliz\u00f3 debido a las trabas de los socialistas.<\/p>\n\n\n\n<figure class=\"wp-block-image size-large\"><img fetchpriority=\"high\" decoding=\"async\" width=\"1200\" height=\"799\" src=\"http:\/\/xn--tuvozdiasporaespaola-k7b.com\/wp-content\/uploads\/2022\/10\/a1-3468167-15823823075756735821.jpg?w=1024\" alt=\"\" class=\"wp-image-463\" srcset=\"https:\/\/xn--tuvozdiasporaespaola-k7b.com\/wp-content\/uploads\/2022\/10\/a1-3468167-15823823075756735821.jpg 1200w, https:\/\/xn--tuvozdiasporaespaola-k7b.com\/wp-content\/uploads\/2022\/10\/a1-3468167-15823823075756735821-300x200.jpg 300w, https:\/\/xn--tuvozdiasporaespaola-k7b.com\/wp-content\/uploads\/2022\/10\/a1-3468167-15823823075756735821-1024x682.jpg 1024w, https:\/\/xn--tuvozdiasporaespaola-k7b.com\/wp-content\/uploads\/2022\/10\/a1-3468167-15823823075756735821-768x511.jpg 768w\" sizes=\"(max-width: 1200px) 100vw, 1200px\" \/><\/figure>\n\n\n\n<p><br \/><br \/><strong>LA PARALIZACI\u00d3N DE<\/strong> <strong>LA LEY TRANS&nbsp;<\/strong><br \/><br \/>La lucha en sacar adelante la ley para la igualdad efectiva de las personas trans y la igualdad LGTBI&nbsp; impulsada por la ministra de Igualdad (Irene Montero), comenz\u00f3 en mayo de 2021,&nbsp;ese d\u00eda&nbsp; la abstenci\u00f3n del PSOE impidi\u00f3 que el Congreso de los Diputados tramitar\u00e1 la proposici\u00f3n de la ley registrada por ERC y otros grupos. Carmen Calvo, la n\u00famero dos en el Ejecutivo, choc\u00f3&nbsp; con Montero oponiendose a la aprobaci\u00f3n . Este rechazo llev\u00f3 a los socialistas acusaciones&nbsp; de tr\u00e1nsfobos . Finalmente&nbsp;se dio&nbsp; la salida del Ejecutivo de la vicepresidenta primera y&nbsp; se volvio a retomar las negociaciones.<br \/><br \/>En septiembre lleg\u00f3 a la C\u00e1mara Baja donde&nbsp; lleva paralizada desde entonces. Una situaci\u00f3n que&nbsp; a los socialistas les ha&nbsp; generando la p\u00e9rdida de una de sus figuras la de la primera mujer trans diputada en Espa\u00f1a,&nbsp;Carla Antonelli.<\/p>\n\n\n\n<figure class=\"wp-block-image size-large\"><img decoding=\"async\" width=\"664\" height=\"595\" src=\"http:\/\/xn--tuvozdiasporaespaola-k7b.com\/wp-content\/uploads\/2022\/10\/screenshot_20221025-081345_google8015228988491627047.jpg?w=664\" alt=\"\" class=\"wp-image-464\" srcset=\"https:\/\/xn--tuvozdiasporaespaola-k7b.com\/wp-content\/uploads\/2022\/10\/screenshot_20221025-081345_google8015228988491627047.jpg 664w, https:\/\/xn--tuvozdiasporaespaola-k7b.com\/wp-content\/uploads\/2022\/10\/screenshot_20221025-081345_google8015228988491627047-300x269.jpg 300w\" sizes=\"(max-width: 664px) 100vw, 664px\" \/><figcaption class=\"wp-element-caption\">Carla Antonelli y Petro S\u00e1nchez <\/figcaption><\/figure>\n\n\n\n<p>La ley trans vuelve a dividir en dos al PSOE con una lucha de poder en el feminismo Socialista&nbsp; con&nbsp; posiciones encontradas, optando por dar una patada hacia adelante y no buscar soluciones efectivas.<\/p>\n\n\n\n<p><strong>LA AUTODETERMINACI\u00d3N DE G\u00c9NERO, L\u00cdNEA ROJA<\/strong><\/p>\n\n\n\n<p>Ni el acuerdo de la ex vicepresidenta Carmen Calvo&nbsp; en aquel momento con las principales entidades LGTBI+ para blindar la autodeterminaci\u00f3n de g\u00e9nero en la ley trans ni las resoluciones del \u00faltimo congreso federal del PSOE avalando el proyecto del Gobierno han conseguido cerrar la brecha abierta dentro del partido. Un asunto de enfrentamiento entre dos sectores del feminismo y que ahora vuelve a reproducirse dentro del grupo&nbsp; socialista. El denominado feminismo cl\u00e1sico, contrario a la autodeterminaci\u00f3n de g\u00e9nero pone trabas para la tramitaci\u00f3n de la norma.<\/p>\n\n\n\n<p>&nbsp;El compromiso entre los socios del Gobierno de aprobar la ley antes de final de a\u00f1o a trav\u00e9s de un tr\u00e1mite de urgencia&nbsp; se aleja por la decisi\u00f3n del PSOE de sumar sus votos al PP para retrasar la tramitaci\u00f3n al ampliar&nbsp; la presentaci\u00f3n de enmiendas.&nbsp;<\/p>\n\n\n\n<figure class=\"wp-block-image size-large\"><img decoding=\"async\" width=\"1200\" height=\"675\" src=\"http:\/\/xn--tuvozdiasporaespaola-k7b.com\/wp-content\/uploads\/2022\/10\/bb868634-af72-43ee-b8eb-248c1feea496_16-9-discover-aspect-ratio_default_09183158430449804723.jpg?w=1024\" alt=\"\" class=\"wp-image-465\" srcset=\"https:\/\/xn--tuvozdiasporaespaola-k7b.com\/wp-content\/uploads\/2022\/10\/bb868634-af72-43ee-b8eb-248c1feea496_16-9-discover-aspect-ratio_default_09183158430449804723.jpg 1200w, https:\/\/xn--tuvozdiasporaespaola-k7b.com\/wp-content\/uploads\/2022\/10\/bb868634-af72-43ee-b8eb-248c1feea496_16-9-discover-aspect-ratio_default_09183158430449804723-300x169.jpg 300w, https:\/\/xn--tuvozdiasporaespaola-k7b.com\/wp-content\/uploads\/2022\/10\/bb868634-af72-43ee-b8eb-248c1feea496_16-9-discover-aspect-ratio_default_09183158430449804723-1024x576.jpg 1024w, https:\/\/xn--tuvozdiasporaespaola-k7b.com\/wp-content\/uploads\/2022\/10\/bb868634-af72-43ee-b8eb-248c1feea496_16-9-discover-aspect-ratio_default_09183158430449804723-768x432.jpg 768w\" sizes=\"(max-width: 1200px) 100vw, 1200px\" \/><\/figure>\n\n\n\n<p>Desde el feminismo cl\u00e1sico ven el retraso en la tramitaci\u00f3n como victoria y conf\u00edan en revisar la autodeterminaci\u00f3n&nbsp;de g\u00e9nero para promover como necesidad un informe m\u00e9dico aunque&nbsp; se valorar\u00e1 dotar al texto de una mayor \u00abseguridad jur\u00eddica\u00bb.<\/p>\n\n\n\n<p>Se plantea tambi\u00e9n&nbsp; una enmienda para&nbsp;eliminar del texto la equiparaci\u00f3n de la violencia intrag\u00e9nero con la violencia machista.&nbsp;<\/p>\n\n\n\n<p>Ante esto la Federaci\u00f3n Estatal de Lesbianas, Gais, Trans y Bisexuales (FELGTB+), solicitan se levante el bloqueo. Desde esta entidad se hab\u00eda llegado a manifestar su&nbsp;\u00abm\u00e1s absoluto rechazo&nbsp;y condena al argumentario tr\u00e1nsfobo del PSOE.<\/p>\n\n\n\n<p>El anuncio emitido por el PSOE afirman que las enmiendas de su grupo no tocar\u00e1n \u00abla parte de la autodeterminaci\u00f3n de g\u00e9nero\u00bb; que el texto les genera \u00abdudas sobre la equiparaci\u00f3n de algunas violencias a la violencia de g\u00e9nero\u00bb, por lo que plantean&nbsp;modificar el art\u00edculo 65 del proyecto de ley; y que los socialistas est\u00e1n dispuestos a \u00abdar seguridad jur\u00eddica a la ley\u00bb, con mejoras y haci\u00e9ndola m\u00e1s robusta para que PP y Vox no la tumban en el Tribunal Constitucional.&nbsp;<\/p>\n\n\n\n<figure class=\"wp-block-image size-large\"><img loading=\"lazy\" decoding=\"async\" width=\"1080\" height=\"1348\" src=\"http:\/\/xn--tuvozdiasporaespaola-k7b.com\/wp-content\/uploads\/2022\/10\/screenshot_20221025-080616_chrome6502916539809549227.jpg?w=820\" alt=\"\" class=\"wp-image-466\" srcset=\"https:\/\/xn--tuvozdiasporaespaola-k7b.com\/wp-content\/uploads\/2022\/10\/screenshot_20221025-080616_chrome6502916539809549227.jpg 1080w, https:\/\/xn--tuvozdiasporaespaola-k7b.com\/wp-content\/uploads\/2022\/10\/screenshot_20221025-080616_chrome6502916539809549227-240x300.jpg 240w, https:\/\/xn--tuvozdiasporaespaola-k7b.com\/wp-content\/uploads\/2022\/10\/screenshot_20221025-080616_chrome6502916539809549227-820x1024.jpg 820w, https:\/\/xn--tuvozdiasporaespaola-k7b.com\/wp-content\/uploads\/2022\/10\/screenshot_20221025-080616_chrome6502916539809549227-768x959.jpg 768w\" sizes=\"(max-width: 1080px) 100vw, 1080px\" \/><figcaption class=\"wp-element-caption\">Rafaela Corrales, Concejala de Podemos en T\u00f3rtola- Guadalajara  y Activista Trans-LGTBI en Castilla la Mancha <\/figcaption><\/figure>\n\n\n\n<p>Ante todo esto un amplio\u00a0 grupo de feministas socialistas agrupadas en\u00a0Femes\u00a0(Asociaci\u00f3n Espa\u00f1ola de Feministas Socialistas), han\u00a0 tachado el anuncio del partido de \u00abcobard\u00eda\u00bb, \u00abhu\u00edda hacia adelante\u00bb y \u00abburla a la inteligencia\u00bb.<\/p>\n\n\n\n<p><strong>LA LUCHA PARA SACAR ADELANTE LA LEY DE VIVIENDA<\/strong><\/p>\n\n\n\n<p>La Ley de Vivienda\u00a0 es un temas que genera\u00a0 crispaci\u00f3n pol\u00edtica con enfrentamientos con la oposici\u00f3n y la aparici\u00f3n de diversas opiniones en contra y a favor.\u00a0 Una Ley que ha generado intensas negociaciones para ir\u00a0superando las barreras\u00a0 socialistas\u00a0 cobr\u00e1ndose \u00a0la dimisi\u00f3n de figuras pol\u00edticas.\u00a0<br><br>Hay que recordar que la Ley de Vivienda es\u00a0 una de las\u00a0 promesas del Gobierno de coalici\u00f3n y tard\u00f3 un a\u00f1o\u00a0 en cerrarse.<br><br>Su\u00a0 tramitaci\u00f3n en el Consejo de Ministros se retras\u00f3 en varias ocasiones\u00a0debido a la actuaci\u00f3n del Consejo General del Poder Judicial\u00a0por un\u00a0 poder judicial en Espa\u00f1a que\u00a0 lleva m\u00e1s de tres a\u00f1os caduca por el bloqueo del PP,\u00a0 la cual rechaz\u00f3 el informe sobre el anteproyecto de Ley de Vivienda que\u00a0 le daba luz verde.<\/p>\n\n\n\n<figure class=\"wp-block-image size-large\"><img loading=\"lazy\" decoding=\"async\" width=\"1250\" height=\"833\" src=\"http:\/\/xn--tuvozdiasporaespaola-k7b.com\/wp-content\/uploads\/2022\/10\/61559f0607c1e683799396750609166.jpeg?w=1024\" alt=\"\" class=\"wp-image-467\" srcset=\"https:\/\/xn--tuvozdiasporaespaola-k7b.com\/wp-content\/uploads\/2022\/10\/61559f0607c1e683799396750609166.jpeg 1250w, https:\/\/xn--tuvozdiasporaespaola-k7b.com\/wp-content\/uploads\/2022\/10\/61559f0607c1e683799396750609166-300x200.jpeg 300w, https:\/\/xn--tuvozdiasporaespaola-k7b.com\/wp-content\/uploads\/2022\/10\/61559f0607c1e683799396750609166-1024x682.jpeg 1024w, https:\/\/xn--tuvozdiasporaespaola-k7b.com\/wp-content\/uploads\/2022\/10\/61559f0607c1e683799396750609166-768x512.jpeg 768w\" sizes=\"(max-width: 1250px) 100vw, 1250px\" \/><\/figure>\n\n\n\n<p>Ya\u00a0 en la C\u00e1mara Baja y pese la insistencia de PODEMOS\u00a0 de que se apruebe de forma r\u00e1pida e incluyendo la\u00a0regulaci\u00f3n del precio del alquiler\u00a0para todos los propietarios en mercados tensionadas,\u00a0 la prohibici\u00f3n\u00a0 del desahucio sin alternativa habitacional\u00a0para familias vulnerables e incluir las viviendas de la Sareb, el \u00abbanco malo\u00bb al parque p\u00fablico, (esta normativa se qued\u00f3 fuera del pacto de los Presupuestos Generales del Estado). La secretaria general de Podemos \u00a0Ione Belarra,\u00a0ha denunciado este hecho.<\/p>\n\n\n\n<figure class=\"wp-block-pullquote\"><blockquote><p><em>\u201cResistencia total\u00a0del PSOE\u00a0a desbloquear la Ley de Vivienda, a pesar que son uno de los problemas principales de millones de personas en nuestro pa\u00eds, una resistencia\u00a0 que s\u00f3lo se explica porque el PSOE est\u00e1 excesivamente alineado con los intereses de la patronal inmobiliaria y no tiene un compromiso firme con el impulso de la vivienda p\u00fablica\u201d.<\/em><\/p><cite>IONE BELARRA <\/cite><\/blockquote><\/figure>\n\n\n\n<p>Las&nbsp; organizaciones provivienda como la PAH o el Sindicato de Inquilinas e Inquilinos as\u00ed como pesos pesados del movimiento sindical espa\u00f1ol (UGT, CC OO, CGT y Confederaci\u00f3n Intersindical) junto con otro tipo de organizaciones y movimientos vecinales, de pensionistas se suman a este reclamo de aprobaci\u00f3n de la LEY&nbsp; indicando:&nbsp;<\/p>\n\n\n\n<p><br><br>\u00ab<em>En esta Ley destaca la paralizaci\u00f3n de\u00a0 cualquier desahucio de personas vulnerables y la obligaci\u00f3n de grandes propietarios de ofrecer arrendamientos sociales, la ampliaci\u00f3n del parque de vivienda social (como m\u00ednimo al 20% del conjunto de viviendas en 20 a\u00f1os) o la regulaci\u00f3n estatal de alquileres a precios adecuados a los salarios de la poblaci\u00f3n<\/em>\u00ab.<br><br>Tambi\u00e9n se contempla contin\u00faan diciendo:\u00a0 \u00ab<em>la\u00a0 garant\u00eda de suministros b\u00e1sicos de agua, luz, gas y acceso a las telecomunicaciones en todos los hogares; la garant\u00eda de\u00a0 una segunda oportunidad efectiva para los hogares con deudas hipotecarias y la ampliaci\u00f3n presupuestaria de las partidas destinadas a vivienda social y pol\u00edticas de vivienda hasta el 2% del PIB.\u00bb\u00a0<\/em><\/p>\n\n\n\n<figure class=\"wp-block-image size-large\"><img loading=\"lazy\" decoding=\"async\" width=\"688\" height=\"408\" src=\"http:\/\/xn--tuvozdiasporaespaola-k7b.com\/wp-content\/uploads\/2022\/10\/sin-tc3adtulo7023946549323538676..jpg?w=688\" alt=\"\" class=\"wp-image-468\" srcset=\"https:\/\/xn--tuvozdiasporaespaola-k7b.com\/wp-content\/uploads\/2022\/10\/sin-tc3adtulo7023946549323538676..jpg 688w, https:\/\/xn--tuvozdiasporaespaola-k7b.com\/wp-content\/uploads\/2022\/10\/sin-tc3adtulo7023946549323538676.-300x178.jpg 300w\" sizes=\"(max-width: 688px) 100vw, 688px\" \/><\/figure>\n\n\n\n<p>Medidas que cuentan con&nbsp; las presiones de los especuladores&nbsp; y el PP para paralizar o retrasar su aprobaci\u00f3n&nbsp; en el Senado junto al PSOE.<\/p>\n\n\n\n<p>Podemos anim\u00f3 a movilizarse para forzar la aprobaci\u00f3n  de estas dos leyes importantes para las y los ciudadanos en derechos Constitucionales y que de  una u otra forma afectan a la Di\u00e1spora Espa\u00f1ola en el Exterior. <\/p>\n\n\n\n<p>Equipo de Redacci\u00f3n Revista TU VOZ.&nbsp;<\/p>\n\n\n\n<p><\/p>\n","protected":false},"excerpt":{"rendered":"<p>Las dos leyes\u00a0 ya pasaron al Senado donde se encuentran paralizadas, estas leyes influyen de una forma u otra en la Di\u00e1spora Espa\u00f1ola y &#8230; <\/p>\n<p class=\"read-more-container\"><a title=\"PSOE y su  BLOQUEO a LEYES de VIVIENDA y TRANS\" class=\"read-more button\" href=\"https:\/\/xn--tuvozdiasporaespaola-k7b.com\/page\/2\/psoe-y-su-bloqueo-a-leyes-de-vivienda-y-trans\/#more-469\" aria-label=\"M\u00e1s en PSOE y su  BLOQUEO a LEYES de VIVIENDA y TRANS\">Leer m\u00e1s<\/a><\/p>\n","protected":false},"author":222560522,"featured_media":0,"comment_status":"open","ping_status":"open","sticky":false,"template":"","format":"standard","meta":{"footnotes":""},"categories":[1771],"tags":[],"class_list":["post-469","post","type-post","status-publish","format-standard","hentry","category-sociales"],"_links":{"self":[{"href":"https:\/\/xn--tuvozdiasporaespaola-k7b.com\/page\/2\/wp-json\/wp\/v2\/posts\/469","targetHints":{"allow":["GET"]}}],"collection":[{"href":"https:\/\/xn--tuvozdiasporaespaola-k7b.com\/page\/2\/wp-json\/wp\/v2\/posts"}],"about":[{"href":"https:\/\/xn--tuvozdiasporaespaola-k7b.com\/page\/2\/wp-json\/wp\/v2\/types\/post"}],"author":[{"embeddable":true,"href":"https:\/\/xn--tuvozdiasporaespaola-k7b.com\/page\/2\/wp-json\/wp\/v2\/users\/222560522"}],"replies":[{"embeddable":true,"href":"https:\/\/xn--tuvozdiasporaespaola-k7b.com\/page\/2\/wp-json\/wp\/v2\/comments?post=469"}],"version-history":[{"count":0,"href":"https:\/\/xn--tuvozdiasporaespaola-k7b.com\/page\/2\/wp-json\/wp\/v2\/posts\/469\/revisions"}],"wp:attachment":[{"href":"https:\/\/xn--tuvozdiasporaespaola-k7b.com\/page\/2\/wp-json\/wp\/v2\/media?parent=469"}],"wp:term":[{"taxonomy":"category","embeddable":true,"href":"https:\/\/xn--tuvozdiasporaespaola-k7b.com\/page\/2\/wp-json\/wp\/v2\/categories?post=469"},{"taxonomy":"post_tag","embeddable":true,"href":"https:\/\/xn--tuvozdiasporaespaola-k7b.com\/page\/2\/wp-json\/wp\/v2\/tags?post=469"}],"curies":[{"name":"wp","href":"https:\/\/api.w.org\/{rel}","templated":true}]}}