{"id":461,"date":"2022-10-24T13:08:20","date_gmt":"2022-10-24T16:08:20","guid":{"rendered":"https:\/\/xn--tuvozdiasporaespaola-k7b.com\/2022\/10\/24\/una-comision-que-da-forma-a-nuevos-proyectos-para-la-diaspora-espanola\/"},"modified":"2022-10-24T13:10:33","modified_gmt":"2022-10-24T16:10:33","slug":"una-comision-que-da-forma-a-nuevos-proyectos-para-la-diaspora-espanola","status":"publish","type":"post","link":"https:\/\/xn--tuvozdiasporaespaola-k7b.com\/page\/2\/una-comision-que-da-forma-a-nuevos-proyectos-para-la-diaspora-espanola\/","title":{"rendered":"UNA COMISI\u00d3N QUE DA FORMA A NUEVOS PROYECTOS PARA LA DI\u00c1SPORA ESPA\u00d1OLA."},"content":{"rendered":"\n<p>ENTREVISTA A GUSTAVO YEPES presiente de la Comisi\u00f3n de Educaci\u00f3n, Cultura y Deportes del CGCEE.<\/p>\n\n\n\n<p>El Presidente de la Comisi\u00f3n de Educaci\u00f3n Cultura y Deportes del Consejo General de la Ciudadan\u00eda de Espa\u00f1oles en el Exterior, Gustavo Yepes, se refiri\u00f3 a la nueva iniciativa del gobierno respecto de la homologaci\u00f3n de t\u00edtulos universitarios y manifest\u00f3 su compromiso de trabajar conjuntamente con la UNED en un nuevo proyecto cultural.&nbsp;<\/p>\n\n\n\n<p>El Gobierno ha aprobado una reforma que acelera la homologaci\u00f3n de t\u00edtulos de extranjeros, uno de los pilares de la Comisi\u00f3n presidida por Yepes. \u201c<em>Lo que se est\u00e1 tomando es una resoluci\u00f3n acorde a otro programa que est\u00e1 ofreciendo el gobierno y para los cuales necesitaba tomar esta medida. Porque cuando el Plan Retorno lleva a un joven a Espa\u00f1a, y lo tiene como profesional, no se lo puede demorar dos a\u00f1os para otorgarle su homologaci\u00f3n. Lo que se ha resulto hoy es algo que se present\u00f3 en octubre de 2011 por el ex Ministro de Universidades, Manuel Castells. Y cuando el nuevo Ministro, Joan Subirats asumi\u00f3, dijo que iba a continuar con esta l\u00ednea que hab\u00eda elaborado Castells, con el objetivo de disminuir el tiempo de homologaciones\u201d,<\/em> sostuvo durante una entrevista concedida al programa radial \u201cCenizas de Babilonia, Di\u00e1spora Espa\u00f1ola<\/p>\n\n\n\n<figure class=\"wp-block-image size-large\"><img fetchpriority=\"high\" decoding=\"async\" width=\"1077\" height=\"849\" src=\"http:\/\/xn--tuvozdiasporaespaola-k7b.com\/wp-content\/uploads\/2022\/10\/screenshot_20221022-223138_chrome6994023721492960119.jpg?w=1024\" alt=\"\" class=\"wp-image-456\" srcset=\"https:\/\/xn--tuvozdiasporaespaola-k7b.com\/wp-content\/uploads\/2022\/10\/screenshot_20221022-223138_chrome6994023721492960119.jpg 1077w, https:\/\/xn--tuvozdiasporaespaola-k7b.com\/wp-content\/uploads\/2022\/10\/screenshot_20221022-223138_chrome6994023721492960119-300x236.jpg 300w, https:\/\/xn--tuvozdiasporaespaola-k7b.com\/wp-content\/uploads\/2022\/10\/screenshot_20221022-223138_chrome6994023721492960119-1024x807.jpg 1024w, https:\/\/xn--tuvozdiasporaespaola-k7b.com\/wp-content\/uploads\/2022\/10\/screenshot_20221022-223138_chrome6994023721492960119-768x605.jpg 768w\" sizes=\"(max-width: 1077px) 100vw, 1077px\" \/><\/figure>\n\n\n\n<p>Los nuevos programas que est\u00e1 generando el gobierno para el retorno ameritaban y obligaban al Ministerio de Universidades a tomar parte en el tema de las homologaciones. El Consejo General solicitar\u00e1 una reuni\u00f3n para dar a conocer m\u00e1s detalles de esta nueva iniciativa del gobierno. \u201c<em>Queremos solicitar a la Secretar\u00eda de Universidades para poder conversar de manera directa y que ya nos digan cu\u00e1les van a ser los modos en que esto se va a llevar adelante. Porque una cosa es que el Real Decreto salga, y otra cosa es implementarlo\u201d,<\/em> dijo Yepes en relaci\u00f3n a esto.<\/p>\n\n\n\n<figure class=\"wp-block-image size-large\"><img decoding=\"async\" width=\"1024\" height=\"576\" src=\"http:\/\/xn--tuvozdiasporaespaola-k7b.com\/wp-content\/uploads\/2022\/10\/actualidad_496960905_153572732_1024x5762624078713250301183.jpg?w=1024\" alt=\"\" class=\"wp-image-457\" srcset=\"https:\/\/xn--tuvozdiasporaespaola-k7b.com\/wp-content\/uploads\/2022\/10\/actualidad_496960905_153572732_1024x5762624078713250301183.jpg 1024w, https:\/\/xn--tuvozdiasporaespaola-k7b.com\/wp-content\/uploads\/2022\/10\/actualidad_496960905_153572732_1024x5762624078713250301183-300x169.jpg 300w, https:\/\/xn--tuvozdiasporaespaola-k7b.com\/wp-content\/uploads\/2022\/10\/actualidad_496960905_153572732_1024x5762624078713250301183-768x432.jpg 768w\" sizes=\"(max-width: 1024px) 100vw, 1024px\" \/><figcaption class=\"wp-element-caption\">Ex Ministro de Universidades, Manuel Castells.  <br \/><br \/><\/figcaption><\/figure>\n\n\n\n<p>\u201c<em>Una de las cosas que me parece muy buena si uno lee detenidamente este decreto, es que una vez que de una universidad se homologue una titulaci\u00f3n, te\u00f3ricamente en cuanto venga otro t\u00edtulo de la misma universidad con el mismo estilo de homologaciones, esa persona no va a necesitar esperar tanto tiempo. Calculamos que en un periodo mucho m\u00e1s corto puede llegar a salir su homologaci\u00f3n\u201d<\/em><\/p>\n\n\n\n<figure class=\"wp-block-image size-large\"><img decoding=\"async\" width=\"1280\" height=\"914\" src=\"http:\/\/xn--tuvozdiasporaespaola-k7b.com\/wp-content\/uploads\/2022\/10\/whatsapp-image-2022-02-10-at-6712777148705871068.jpg?w=1024\" alt=\"\" class=\"wp-image-460\" srcset=\"https:\/\/xn--tuvozdiasporaespaola-k7b.com\/wp-content\/uploads\/2022\/10\/whatsapp-image-2022-02-10-at-6712777148705871068.jpg 1280w, https:\/\/xn--tuvozdiasporaespaola-k7b.com\/wp-content\/uploads\/2022\/10\/whatsapp-image-2022-02-10-at-6712777148705871068-300x214.jpg 300w, https:\/\/xn--tuvozdiasporaespaola-k7b.com\/wp-content\/uploads\/2022\/10\/whatsapp-image-2022-02-10-at-6712777148705871068-1024x731.jpg 1024w, https:\/\/xn--tuvozdiasporaespaola-k7b.com\/wp-content\/uploads\/2022\/10\/whatsapp-image-2022-02-10-at-6712777148705871068-768x548.jpg 768w\" sizes=\"(max-width: 1280px) 100vw, 1280px\" \/><\/figure>\n\n\n\n<p>En cuanto a Cultura, Yepes manifest\u00f3 que \u201c<em>Nosotros queremos trabajar con todas las embajadas, para que lo que se lleva a cada pa\u00eds no solamente se lleve a las capitales, sino que realmente eso mismo pueda llegar al interior. Hemos tenido la suerte este a\u00f1o, a trav\u00e9s del Consejero de Cultura de la Embajada, de que varios temas culturales tambi\u00e9n pudieran estar en el interior. En esto es en lo primero que queremos trabajar\u201d.<\/em><\/p>\n\n\n\n<p> Por otra parte adelant\u00f3 adem\u00e1s que la Comisi\u00f3n trabajar\u00e1 conjuntamente con la UNED en el Primer Premio a un nuevo concurso. \u201c<strong><em>Premio a la Memoria de la Emigraci\u00f3n Espa\u00f1ola\u201d.<\/em><\/strong> Esta iniciativa, seg\u00fan especific\u00f3 el Presidente de la Comisi\u00f3n de Educaci\u00f3n Cultura y Deportes del Consejo General de la Ciudadan\u00eda de Espa\u00f1oles en el Exterior, la llevar\u00e1 a cabo la UNED desde la oficina de Zaragoza en su C\u00e1tedra de Poblaci\u00f3n, Vinculaci\u00f3n y Desarrollo. <\/p>\n\n\n\n<p>\u201c<em>La idea nos pareci\u00f3 estupenda y consiste en recabar datos de los emigrantes desde lo personal, lo individual, del inmigrante en s\u00ed o de su descendiente para que nos cuente la historia de esa transici\u00f3n de esa persona hasta llegar a su familia actual\u201d<\/em><\/p>\n\n\n\n<figure class=\"wp-block-image size-large\"><img loading=\"lazy\" decoding=\"async\" width=\"1066\" height=\"720\" src=\"http:\/\/xn--tuvozdiasporaespaola-k7b.com\/wp-content\/uploads\/2022\/10\/screenshot_20221001-001607_gallery4893458561082926322.jpg?w=1024\" alt=\"\" class=\"wp-image-459\" srcset=\"https:\/\/xn--tuvozdiasporaespaola-k7b.com\/wp-content\/uploads\/2022\/10\/screenshot_20221001-001607_gallery4893458561082926322.jpg 1066w, https:\/\/xn--tuvozdiasporaespaola-k7b.com\/wp-content\/uploads\/2022\/10\/screenshot_20221001-001607_gallery4893458561082926322-300x203.jpg 300w, https:\/\/xn--tuvozdiasporaespaola-k7b.com\/wp-content\/uploads\/2022\/10\/screenshot_20221001-001607_gallery4893458561082926322-1024x692.jpg 1024w, https:\/\/xn--tuvozdiasporaespaola-k7b.com\/wp-content\/uploads\/2022\/10\/screenshot_20221001-001607_gallery4893458561082926322-768x519.jpg 768w\" sizes=\"(max-width: 1066px) 100vw, 1066px\" \/><figcaption class=\"wp-element-caption\">Gustavo Yepes <\/figcaption><\/figure>\n\n\n\n<p>Por Walter C. Medina, Equipo de Redacci\u00f3n Revista TU VOZ <br \/><br \/><\/p>\n","protected":false},"excerpt":{"rendered":"<p>ENTREVISTA A GUSTAVO YEPES presiente de la Comisi\u00f3n de Educaci\u00f3n, Cultura y Deportes del CGCEE. El Presidente de la Comisi\u00f3n de Educaci\u00f3n Cultura y &#8230; <\/p>\n<p class=\"read-more-container\"><a title=\"UNA COMISI\u00d3N QUE DA FORMA A NUEVOS PROYECTOS PARA LA DI\u00c1SPORA ESPA\u00d1OLA.\" class=\"read-more button\" href=\"https:\/\/xn--tuvozdiasporaespaola-k7b.com\/page\/2\/una-comision-que-da-forma-a-nuevos-proyectos-para-la-diaspora-espanola\/#more-461\" aria-label=\"M\u00e1s en UNA COMISI\u00d3N QUE DA FORMA A NUEVOS PROYECTOS PARA LA DI\u00c1SPORA ESPA\u00d1OLA.\">Leer m\u00e1s<\/a><\/p>\n","protected":false},"author":222560522,"featured_media":0,"comment_status":"open","ping_status":"open","sticky":false,"template":"","format":"standard","meta":{"footnotes":""},"categories":[1771],"tags":[],"class_list":["post-461","post","type-post","status-publish","format-standard","hentry","category-sociales"],"_links":{"self":[{"href":"https:\/\/xn--tuvozdiasporaespaola-k7b.com\/page\/2\/wp-json\/wp\/v2\/posts\/461","targetHints":{"allow":["GET"]}}],"collection":[{"href":"https:\/\/xn--tuvozdiasporaespaola-k7b.com\/page\/2\/wp-json\/wp\/v2\/posts"}],"about":[{"href":"https:\/\/xn--tuvozdiasporaespaola-k7b.com\/page\/2\/wp-json\/wp\/v2\/types\/post"}],"author":[{"embeddable":true,"href":"https:\/\/xn--tuvozdiasporaespaola-k7b.com\/page\/2\/wp-json\/wp\/v2\/users\/222560522"}],"replies":[{"embeddable":true,"href":"https:\/\/xn--tuvozdiasporaespaola-k7b.com\/page\/2\/wp-json\/wp\/v2\/comments?post=461"}],"version-history":[{"count":0,"href":"https:\/\/xn--tuvozdiasporaespaola-k7b.com\/page\/2\/wp-json\/wp\/v2\/posts\/461\/revisions"}],"wp:attachment":[{"href":"https:\/\/xn--tuvozdiasporaespaola-k7b.com\/page\/2\/wp-json\/wp\/v2\/media?parent=461"}],"wp:term":[{"taxonomy":"category","embeddable":true,"href":"https:\/\/xn--tuvozdiasporaespaola-k7b.com\/page\/2\/wp-json\/wp\/v2\/categories?post=461"},{"taxonomy":"post_tag","embeddable":true,"href":"https:\/\/xn--tuvozdiasporaespaola-k7b.com\/page\/2\/wp-json\/wp\/v2\/tags?post=461"}],"curies":[{"name":"wp","href":"https:\/\/api.w.org\/{rel}","templated":true}]}}