{"id":4563,"date":"2023-12-08T10:59:41","date_gmt":"2023-12-08T13:59:41","guid":{"rendered":"https:\/\/xn--tuvozdiasporaespaola-k7b.com\/page\/2\/?p=4563"},"modified":"2023-12-08T12:42:36","modified_gmt":"2023-12-08T15:42:36","slug":"en-espana-hay-que-crear-conciencia-ecologista","status":"publish","type":"post","link":"https:\/\/xn--tuvozdiasporaespaola-k7b.com\/page\/2\/en-espana-hay-que-crear-conciencia-ecologista\/","title":{"rendered":"\u201cEN ESPA\u00d1A HAY QUE CREAR CONCIENCIA ECOLOGISTA\u201d"},"content":{"rendered":"\n<p>Por Walter C. Medina<\/p>\n\n\n\n<p>ENTREVISTA A JUAN JOS\u00c9 DE BLAS<\/p>\n\n\n\n<p>La COP 28  reuni\u00f3n mundial para abordar la emergencia del calentamiento global  que comenz\u00f3 el pasado  30 de noviembre en Dub\u00e1i, Emiratos \u00c1rabes Unidos, re\u00fane a miles de l\u00edderes globales, activistas, cient\u00edficos y representantes de la industria y la sociedad en busca de soluciones en una encrucijada clave para el futuro clim\u00e1tico y energ\u00e9tico del planeta.<\/p>\n\n\n\n<p>Sobre esta conferencia dialog\u00f3 con Francisco L\u00f3pez para el programa radial \u201cCenizas de Babilonia, Di\u00e1spora Espa\u00f1ola\u201d <strong>el Coordinador del \u00c1rea de Ecolog\u00eda de Podemos Exterior, Juan Jos\u00e9 de Blas, quien sostuvo que \u201cEn estas cumbres se debate mucho, no siempre se llegan a todos los acuerdos que nos gustar\u00eda, pero se sigue debatiendo y trabajando para que en la Cop 29 o en la Cop 30, los cambios lleguen a materializarse<\/strong>\u201d. <\/p>\n\n\n\n<figure class=\"wp-block-gallery has-nested-images columns-default is-cropped wp-block-gallery-1 is-layout-flex wp-block-gallery-is-layout-flex\">\n<figure class=\"wp-block-image size-large\"><img fetchpriority=\"high\" decoding=\"async\" width=\"828\" height=\"813\" data-id=\"4564\" src=\"https:\/\/xn--tuvozdiasporaespaola-k7b.com\/wp-content\/uploads\/2023\/12\/IMG_20231208_103807_627.jpg\" alt=\"\" class=\"wp-image-4564\" srcset=\"https:\/\/xn--tuvozdiasporaespaola-k7b.com\/wp-content\/uploads\/2023\/12\/IMG_20231208_103807_627.jpg 828w, https:\/\/xn--tuvozdiasporaespaola-k7b.com\/wp-content\/uploads\/2023\/12\/IMG_20231208_103807_627-300x295.jpg 300w, https:\/\/xn--tuvozdiasporaespaola-k7b.com\/wp-content\/uploads\/2023\/12\/IMG_20231208_103807_627-768x754.jpg 768w\" sizes=\"(max-width: 828px) 100vw, 828px\" \/><\/figure>\n<\/figure>\n\n\n\n<p><strong>Se est\u00e1 celebrando en Dubai la Cop 28. \u00bfQu\u00e9 crees que se puede sacar en claro en esta conferencia sobre medioambiente y ecolog\u00eda?<\/strong><\/p>\n\n\n\n<p>Pues la Cop 28 es una reuni\u00f3n muy importante. Estas reuniones anuales tienen cada vez mayor repercusi\u00f3n. Es muy complicado saber en qu\u00e9 centrarse, hay much\u00edsima informaci\u00f3n y cada vez hay m\u00e1s delegados trabajando. <\/p>\n\n\n\n<p>Haciendo un breve resumen de d\u00f3nde nos deber\u00edamos centrar, la primera parte que se espera de esta Cop 28 es el primer examen del Acuerdo de Paris , que se llama Global Stocktake, que b\u00e1sicamente es que cada naci\u00f3n, ya desde el 2021 ha informado de los progresos que han hecho desde que se firm\u00f3 el Acuerdo de Par\u00eds en funcionamiento, que fue en el 2016, y han estado recopilando toda la informaci\u00f3n de cu\u00e1nto se ha reducido las emisiones de CO2 y cu\u00e1nto estamos por debajo del l\u00edmite de calentamiento, estamos todav\u00eda debajo del 1,5 grados. <\/p>\n\n\n\n<p>Cada naci\u00f3n ha enviado los datos y lo que se espera de esta Cop 28 es que se llegue a los acuerdos pol\u00edticos y que se decida si cada naci\u00f3n va a continuar con sus contribuciones y sus objetivos nacionales para llegar a mantenernos debajo de los 1,5 grados, o si por el contrario o si se va a decidir que van a incrementar esos objetivos nacionales. <\/p>\n\n\n\n<p>El punto n\u00famero dos, que fue uno de los primeros acuerdos fue la entrada en funcionamiento de la financiaci\u00f3n para p\u00e9rdidas y da\u00f1os, un fondo de financiaci\u00f3n a los pa\u00edses m\u00e1s vulnerables. Esto es algo que se propuso en la Cop 27 que se celebr\u00f3 en Egipto, y la buena noticia es que ya ha entrado en funcionamiento y los pa\u00edses han empezado a aportar los primeros compromisos de dinero. Entre la Uni\u00f3n Europea, el Reino Unido y los Estados Unidos se han anunciado ya 400 millones. <\/p>\n\n\n\n<p>Espa\u00f1a anunci\u00f3 20 millones; que si lo piensas, 20 millones no es nada, porque las p\u00e9rdidas que hay en inundaciones, sequ\u00edas o tornados en los \u00faltimos a\u00f1os, son p\u00e9rdidas de 16 millones a la hora, en las \u00faltimas dos d\u00e9cadas a nivel global. Entonces eso que han donado hasta ahora es irrisorio. <\/p>\n\n\n\n<p>Yo quiero pensar que eso que han donado es un primer aporte y que cada vez lo ir\u00e1n haciendo m\u00e1s grande, porque se necesita mil veces m\u00e1s que ese dinero. Hay otras decisiones de ciento diez pa\u00edses que se han comprometido a triplicar la capacidad de energ\u00eda renovable hasta el 2030; esa ser\u00eda la tercera aportaci\u00f3n de la Cop 28. <\/p>\n\n\n\n<p>Hay muchos otros, como el objetivo global de adaptaci\u00f3n, financiaci\u00f3n clim\u00e1tica y cooperaci\u00f3n voluntaria. En estas cumbres se debate mucho, no siempre se llegan a todos los acuerdos que nos gustar\u00eda, pero se sigue debatiendo y trabajando para que en la Cop 29 o en la Cop 30, esto llegue a materializarse. <\/p>\n\n\n\n<figure class=\"wp-block-gallery has-nested-images columns-default is-cropped wp-block-gallery-2 is-layout-flex wp-block-gallery-is-layout-flex\">\n<figure class=\"wp-block-image size-large\"><img decoding=\"async\" width=\"1000\" height=\"750\" data-id=\"4568\" src=\"https:\/\/xn--tuvozdiasporaespaola-k7b.com\/wp-content\/uploads\/2023\/12\/654020e26c0e8.jpg\" alt=\"\" class=\"wp-image-4568\" srcset=\"https:\/\/xn--tuvozdiasporaespaola-k7b.com\/wp-content\/uploads\/2023\/12\/654020e26c0e8.jpg 1000w, https:\/\/xn--tuvozdiasporaespaola-k7b.com\/wp-content\/uploads\/2023\/12\/654020e26c0e8-300x225.jpg 300w, https:\/\/xn--tuvozdiasporaespaola-k7b.com\/wp-content\/uploads\/2023\/12\/654020e26c0e8-768x576.jpg 768w\" sizes=\"(max-width: 1000px) 100vw, 1000px\" \/><\/figure>\n<\/figure>\n\n\n\n<p><strong>\u00bfQu\u00e9 ha pasado con las declaraciones del presidente de la Cop 28 que por un lado dice una cosa y por el otro no cree en el cambio clim\u00e1tico y es un negacionista? \u00bfC\u00f3mo ves esto?<\/strong><\/p>\n\n\n\n<p>Esta pol\u00e9mica que ha surgido en los \u00faltimos d\u00edas con el presidente de la Cop 28, que tambi\u00e9n es el presidente de la empresa p\u00fablica de petr\u00f3leo de Emiratos \u00c1rabes, que sali\u00f3 un art\u00edculo en el peri\u00f3dico ingl\u00e9s The Guardian en donde \u00e9l dec\u00eda que no hab\u00eda ciencia que justifique que dejar de usar los combustibles f\u00f3siles iba a conseguir que estuvi\u00e9ramos debajo de los objetivos de 1,5 grados de calentamiento. <\/p>\n\n\n\n<p>Y esto es algo que desde que se eligi\u00f3 la sede de la Cop 28 en Dubai se ve claramente un conflicto de intereses y aqu\u00ed qued\u00f3 remarcado; aunque luego ha salido el presidente diciendo que se ha malinterpretado, que s\u00ed cree que hay que dejar de usar los combustibles f\u00f3siles. Mi opini\u00f3n es que todav\u00eda vamos tan atrasados en conseguir llegar a cero emisiones que todas las tecnolog\u00edas que utilicemos, si es biomasa, si es nuclear, incluso si son las tecnolog\u00edas f\u00f3siles con captura de carbono, deber\u00edamos utilizar todas de manera temporal para llegar a esos objetivos. <\/p>\n\n\n\n<p>Por supuesto que con las renovables y con el resto de tecnolog\u00edas como pueden ser hidr\u00f3geno; pero ahora mismo necesitamos todas las tecnolog\u00edas. Y por supuesto a\u00f1adiendo una tercera pata, fundamental para m\u00ed, que es el decrecimiento organizado para dejar de consumir ese consumo superfluo que no necesitamos y que lo que hace es utilizar m\u00e1s y m\u00e1s recursos. Si los pa\u00edses m\u00e1s avanzados nos comprometemos con el decrecimiento ser\u00e1 m\u00e1s f\u00e1cil llegar a los objetivos de reducci\u00f3n de emisiones. <\/p>\n\n\n\n<p><strong>\u00bfQu\u00e9 acciones o medidas crees t\u00fa que se pueden iniciar dentro de la Uni\u00f3n Europea para proteger el medioambiente?          <\/strong><\/p>\n\n\n\n<p>Es incre\u00edble la cantidad de regulaci\u00f3n que ha aparecido en los \u00faltimos a\u00f1os entre ellas una que se llama \u201cEU Taxonomy\u201d<div>, pero sobre todo durante la crisis del Covid, para recuperarse, la Uni\u00f3n Europea puso un mont\u00f3n de dinero, un fondo que estaba basado en dos pilares: Uno era la transici\u00f3n energ\u00e9tica, y el otro era la digitalizaci\u00f3n. <\/div><\/p>\n\n\n\n<p>A partir de ah\u00ed apareci\u00f3 definir qu\u00e9 es verde. Y para eso se aprob\u00f3 otra regulaci\u00f3n que se llamaTaxonom\u00eda  y ah\u00ed se define que tecnolog\u00eda se considera verde y qu\u00e9 otras son verdes pero de transici\u00f3n, que ah\u00ed hubo pol\u00e9micas porque se incluy\u00f3 la nuclear por el lobby que hizo Francia, y el gas, por el lobby que hizo Alemania. <\/p>\n\n\n\n<p>Hay otra regulaci\u00f3n m\u00e1s que pide a todas las empresas informen c\u00f3mo invierten su dinero, qu\u00e9 porcentaje de sus ganancias vienen de la parte verde, y qu\u00e9 porcentaje de las nuevas inversiones se dedica a inversiones verdes. Es muy interesante porque lo que hace es que los propios capitales, los bancos y los fondos que vayan a invertir en empresas europeas, puedan definir f\u00e1cilmente cu\u00e1l es una empresa verde y cu\u00e1l no. <\/p>\n\n\n\n<figure class=\"wp-block-gallery has-nested-images columns-default is-cropped wp-block-gallery-3 is-layout-flex wp-block-gallery-is-layout-flex\">\n<figure class=\"wp-block-image size-large\"><img decoding=\"async\" width=\"1024\" height=\"538\" data-id=\"4567\" src=\"https:\/\/xn--tuvozdiasporaespaola-k7b.com\/wp-content\/uploads\/2023\/12\/eu-mercosur-no-caption_1200-1024x538.jpg\" alt=\"\" class=\"wp-image-4567\" srcset=\"https:\/\/xn--tuvozdiasporaespaola-k7b.com\/wp-content\/uploads\/2023\/12\/eu-mercosur-no-caption_1200-1024x538.jpg 1024w, https:\/\/xn--tuvozdiasporaespaola-k7b.com\/wp-content\/uploads\/2023\/12\/eu-mercosur-no-caption_1200-300x158.jpg 300w, https:\/\/xn--tuvozdiasporaespaola-k7b.com\/wp-content\/uploads\/2023\/12\/eu-mercosur-no-caption_1200-768x403.jpg 768w, https:\/\/xn--tuvozdiasporaespaola-k7b.com\/wp-content\/uploads\/2023\/12\/eu-mercosur-no-caption_1200.jpg 1200w\" sizes=\"(max-width: 1024px) 100vw, 1024px\" \/><figcaption class=\"wp-element-caption\">CANDEIRAS DO JAMARI, RORAIMA, BRAZIL: Aerial view of a large burned area in the city of Candeiras do Jamari in the state of Rondonia. (Photo: Victor Moriyama \/ Greenpeace)<\/figcaption><\/figure>\n<\/figure>\n\n\n\n<p>Con este tipo de regulaci\u00f3n se pide que se informe no s\u00f3lo de las p\u00e9rdidas y ganancias, sino que se incluyan temas de medioambiente, temas sociales, cu\u00e1ntas mujeres hay en puestos de direcci\u00f3n de las empresas europeas, y temas de la gobernabilidad de las propias empresas.<\/p>\n\n\n\n<p><strong>\u00daltimamente se est\u00e1 hablando mucho del acuerdo Mercosur y la Uni\u00f3n Europea, y una de las cuestiones que sirve de parate para la Uni\u00f3n Europea son los productos transg\u00e9nicos que se est\u00e1n haciendo en los cultivos de ma\u00edz, de soja, de trigo que se hacen en Argentina y Brasil, y la nueva aceptaci\u00f3n por parte de la Uni\u00f3n Europea de esos productos. Y por otro lado la protecci\u00f3n del Amazonas por parte de Brasil como un pulm\u00f3n para el ecosistema mundial. \u00bfCrees la ecolog\u00eda se est\u00e1 defendiendo primordialmente en estos acuerdos o hay otra cuesti\u00f3n de fondo como es el tema econ\u00f3mico?<\/strong><\/p>\n\n\n\n<p>He estado leyendo un poco y en principio las mayores exportaciones de Am\u00e9rica Latina a Europa son de productos primarios y de recursos como pueden ser minerales. <\/p>\n\n\n\n<p>Se le acusa a la Uni\u00f3n Europea de que si en estas negociaciones lo que est\u00e1 intentando es proteccionismo ; no me extra\u00f1a porque tenemos aqu\u00ed un problema grave de desindustrializaci\u00f3n. Si se est\u00e1 haciendo tanto esfuerzo en las regulaciones para temas medioambientales, se les hace a todas las empresas responsables de sus emisiones, pero no solo de las emisiones directas, sino tambi\u00e9n se les hace responsable de las emisiones indirectas. <\/p>\n\n\n\n<p>Esto quiere decir que si compran productos de cualquier parte del mundo, entonces las emisiones de estas empresas son tenidas en cuenta como emisiones de las empresas que los compran. Si est\u00e1s obligados para el 2050 que todas las empresas en la Uni\u00f3n Europea tienen que ser de carbono neutral, tiene sentido que este requerimiento se empiece a implementar en los propios pa\u00edses de origen.<\/p>\n\n\n\n<figure class=\"wp-block-gallery has-nested-images columns-default is-cropped wp-block-gallery-4 is-layout-flex wp-block-gallery-is-layout-flex\">\n<figure class=\"wp-block-image size-large\"><img loading=\"lazy\" decoding=\"async\" width=\"650\" height=\"433\" data-id=\"4566\" src=\"https:\/\/xn--tuvozdiasporaespaola-k7b.com\/wp-content\/uploads\/2023\/12\/650_1200.jpeg\" alt=\"\" class=\"wp-image-4566\" srcset=\"https:\/\/xn--tuvozdiasporaespaola-k7b.com\/wp-content\/uploads\/2023\/12\/650_1200.jpeg 650w, https:\/\/xn--tuvozdiasporaespaola-k7b.com\/wp-content\/uploads\/2023\/12\/650_1200-300x200.jpeg 300w\" sizes=\"(max-width: 650px) 100vw, 650px\" \/><figcaption class=\"wp-element-caption\">Centrales t\u00e9rmicas  de carbon  en Alemania. <\/figcaption><\/figure>\n<\/figure>\n\n\n\n<p> <strong>T\u00fa resides en Alemania, pa\u00eds que ha experimentado una transformaci\u00f3n desde el propio gobierno, el Partido Verde. Conjuntamente con el Partido Socialdem\u00f3crata. Se hac\u00eda una defensa a ultranza de la generaci\u00f3n de electricidad verde, de anular las centrales nucleares, etc. Y sin embargo la guerra de Ucrania ha arrastrado a volver a recuperar la generaci\u00f3n de electricidad mediante productos muy contaminantes para el medioambiente, \u00bfc\u00f3mo ves esta situaci\u00f3n en Alemania? \u00bfCrees que la econom\u00eda est\u00e1 por encima del medioambiente y arrastra a muchos pa\u00edses a prescindir de esas transformaciones que se est\u00e1n tratando en la Cop 28?<\/strong><\/p>\n\n\n\n<p>Pues si te digo la verdad, Alemania est\u00e1 irreconocible, sobre todo por las pol\u00edticas que est\u00e1 llevando a cabo en comparaci\u00f3n con la Era Merkel. Est\u00e1n los socialdem\u00f3cratas juntos con el tripartito con los liberales y con los verdes, y lo que yo digo es que cada uno se ha tenido que comer durante estas crisis, la del Covid y la de la invasi\u00f3n de Ucrania por parte del gobierno ruso y las posteriores sanciones, han tenido que tomar decisiones totalmente en contra de sus programas. <\/p>\n\n\n\n<p>Los verdes han tenido que prolongar la vida de las centrales de carb\u00f3n, los liberales han tenido que subvencionar el transporte p\u00fablico, y los socialdem\u00f3cratas han tenido que aumentar el gasto militar.<\/p>\n\n\n\n<p><strong>\u00bfCrees que las pol\u00edticas de Espa\u00f1a est\u00e1n encaminadas hacia una transformaci\u00f3n ecol\u00f3gica o crees que todav\u00eda faltan muchos retos que cumplir?<\/strong><\/p>\n\n\n\n<p>Con el tema de Espa\u00f1a tengo unos sentimientos encontrados. Si comparo el movimiento ecologista alem\u00e1n con el espa\u00f1ol, no hay color; porque en Espa\u00f1a las manifestaciones de los estudiantes que sal\u00edan a la calle los viernes, en Alemania son mayor\u00eda y en Espa\u00f1a apenas muy pocos. <\/p>\n\n\n\n<p>No quiero decir que no se est\u00e9n dando pasos acertados en direcci\u00f3n hacia la descarbonizaci\u00f3n, pues tenemos el Ministerio de Transici\u00f3n Energ\u00e9tica que ya se cre\u00f3 en la legislatura anterior. Hemos estado haciendo los deberes de manera institucional, pero el sistema energ\u00e9tico espa\u00f1ol est\u00e1 dominado por el oligopolio energ\u00e9tico, y esa es una gran diferencia con Alemania donde hay muchas m\u00e1s comunidades energ\u00e9ticas para que la generaci\u00f3n de energ\u00eda sea m\u00e1s distribuida y que no sea como en Espa\u00f1a que se cran macrocentrales para que toda esa energ\u00eda se vaya a las grandes ciudades como Madrid o Barcelona. <\/p>\n\n\n\n<figure class=\"wp-block-gallery has-nested-images columns-default is-cropped wp-block-gallery-5 is-layout-flex wp-block-gallery-is-layout-flex\">\n<figure class=\"wp-block-image size-large\"><img loading=\"lazy\" decoding=\"async\" width=\"450\" height=\"300\" data-id=\"4565\" src=\"https:\/\/xn--tuvozdiasporaespaola-k7b.com\/wp-content\/uploads\/2023\/12\/450_1000.jpg\" alt=\"\" class=\"wp-image-4565\" srcset=\"https:\/\/xn--tuvozdiasporaespaola-k7b.com\/wp-content\/uploads\/2023\/12\/450_1000.jpg 450w, https:\/\/xn--tuvozdiasporaespaola-k7b.com\/wp-content\/uploads\/2023\/12\/450_1000-300x200.jpg 300w\" sizes=\"(max-width: 450px) 100vw, 450px\" \/><figcaption class=\"wp-element-caption\">Pantanos afectados en Espa\u00f1a por el cambio climatico<\/figcaption><\/figure>\n<\/figure>\n\n\n\n<p>Es una pena porque Espa\u00f1a, con tantos recursos solares y e\u00f3licos que tenemos deber\u00edamos estar liderando en la Uni\u00f3n Europea y al d\u00eda de hoy no lo estamos.  En Espa\u00f1a todav\u00eda queda mucho por hacer y crear conciencia ecologista.                                                   <\/p>\n","protected":false},"excerpt":{"rendered":"<p>Por Walter C. Medina ENTREVISTA A JUAN JOS\u00c9 DE BLAS La COP 28 reuni\u00f3n mundial para abordar la emergencia del calentamiento global que comenz\u00f3 &#8230; <\/p>\n<p class=\"read-more-container\"><a title=\"\u201cEN ESPA\u00d1A HAY QUE CREAR CONCIENCIA ECOLOGISTA\u201d\" class=\"read-more button\" href=\"https:\/\/xn--tuvozdiasporaespaola-k7b.com\/page\/2\/en-espana-hay-que-crear-conciencia-ecologista\/#more-4563\" aria-label=\"M\u00e1s en \u201cEN ESPA\u00d1A HAY QUE CREAR CONCIENCIA ECOLOGISTA\u201d\">Leer m\u00e1s<\/a><\/p>\n","protected":false},"author":222560522,"featured_media":4569,"comment_status":"open","ping_status":"open","sticky":false,"template":"","format":"standard","meta":{"footnotes":""},"categories":[121869,1771],"tags":[],"class_list":["post-4563","post","type-post","status-publish","format-standard","has-post-thumbnail","hentry","category-internaciones","category-sociales","resize-featured-image"],"_links":{"self":[{"href":"https:\/\/xn--tuvozdiasporaespaola-k7b.com\/page\/2\/wp-json\/wp\/v2\/posts\/4563","targetHints":{"allow":["GET"]}}],"collection":[{"href":"https:\/\/xn--tuvozdiasporaespaola-k7b.com\/page\/2\/wp-json\/wp\/v2\/posts"}],"about":[{"href":"https:\/\/xn--tuvozdiasporaespaola-k7b.com\/page\/2\/wp-json\/wp\/v2\/types\/post"}],"author":[{"embeddable":true,"href":"https:\/\/xn--tuvozdiasporaespaola-k7b.com\/page\/2\/wp-json\/wp\/v2\/users\/222560522"}],"replies":[{"embeddable":true,"href":"https:\/\/xn--tuvozdiasporaespaola-k7b.com\/page\/2\/wp-json\/wp\/v2\/comments?post=4563"}],"version-history":[{"count":3,"href":"https:\/\/xn--tuvozdiasporaespaola-k7b.com\/page\/2\/wp-json\/wp\/v2\/posts\/4563\/revisions"}],"predecessor-version":[{"id":4574,"href":"https:\/\/xn--tuvozdiasporaespaola-k7b.com\/page\/2\/wp-json\/wp\/v2\/posts\/4563\/revisions\/4574"}],"wp:featuredmedia":[{"embeddable":true,"href":"https:\/\/xn--tuvozdiasporaespaola-k7b.com\/page\/2\/wp-json\/wp\/v2\/media\/4569"}],"wp:attachment":[{"href":"https:\/\/xn--tuvozdiasporaespaola-k7b.com\/page\/2\/wp-json\/wp\/v2\/media?parent=4563"}],"wp:term":[{"taxonomy":"category","embeddable":true,"href":"https:\/\/xn--tuvozdiasporaespaola-k7b.com\/page\/2\/wp-json\/wp\/v2\/categories?post=4563"},{"taxonomy":"post_tag","embeddable":true,"href":"https:\/\/xn--tuvozdiasporaespaola-k7b.com\/page\/2\/wp-json\/wp\/v2\/tags?post=4563"}],"curies":[{"name":"wp","href":"https:\/\/api.w.org\/{rel}","templated":true}]}}