{"id":455,"date":"2022-10-23T13:56:10","date_gmt":"2022-10-23T16:56:10","guid":{"rendered":"https:\/\/xn--tuvozdiasporaespaola-k7b.com\/2022\/10\/23\/vivimos-en-una-fachada-de-propaganda-continua\/"},"modified":"2022-10-23T13:56:10","modified_gmt":"2022-10-23T16:56:10","slug":"vivimos-en-una-fachada-de-propaganda-continua","status":"publish","type":"post","link":"https:\/\/xn--tuvozdiasporaespaola-k7b.com\/page\/2\/vivimos-en-una-fachada-de-propaganda-continua\/","title":{"rendered":"\u201cVivimos en una fachada de propaganda continua\u201d"},"content":{"rendered":"\n<p>ENTREVISTA A ISABEL ROSA TORRALVO<\/p>\n\n\n\n<p>La Secretaria de C\u00edrculos y Militancia, y miembro de la Ejecutiva Nacional de Podemos Comunidad de Madrid, Isabel Rosa Torralvo, ha hecho realidad el compromiso de \u201cponer la vida en el centro\u201d.&nbsp;<\/p>\n\n\n\n<p>Tras algunos a\u00f1os alejada de la pol\u00edtica, el 15M volvi\u00f3 a ilusionarla con los vientos de cambio que, tal como ella misma asegura \u201cacabar\u00edan convirti\u00e9ndose en un proyecto pol\u00edtico como herramienta de transformaci\u00f3n social.<\/p>\n\n\n\n<p>Madrile\u00f1a de nacimiento, aunque extreme\u00f1a de origen, Torralvo accedi\u00f3 a una entrevista para el programa radial Cenizas de Babilonia, Di\u00e1spora Espa\u00f1ola que emite AM 570, Radio Argentina; en la que se refiri\u00f3, entre otros temas, a las pr\u00f3ximas elecciones municipales y a su compromiso por conseguir \u201cmejorar la calidad de vida de la gente\u201d<\/p>\n\n\n\n<figure class=\"wp-block-image size-large\"><img fetchpriority=\"high\" decoding=\"async\" width=\"1080\" height=\"634\" src=\"http:\/\/xn--tuvozdiasporaespaola-k7b.com\/wp-content\/uploads\/2022\/10\/screenshot_20221017-215759_telegram7279711076744714469.jpg?w=1024\" alt=\"\" class=\"wp-image-452\" srcset=\"https:\/\/xn--tuvozdiasporaespaola-k7b.com\/wp-content\/uploads\/2022\/10\/screenshot_20221017-215759_telegram7279711076744714469.jpg 1080w, https:\/\/xn--tuvozdiasporaespaola-k7b.com\/wp-content\/uploads\/2022\/10\/screenshot_20221017-215759_telegram7279711076744714469-300x176.jpg 300w, https:\/\/xn--tuvozdiasporaespaola-k7b.com\/wp-content\/uploads\/2022\/10\/screenshot_20221017-215759_telegram7279711076744714469-1024x601.jpg 1024w, https:\/\/xn--tuvozdiasporaespaola-k7b.com\/wp-content\/uploads\/2022\/10\/screenshot_20221017-215759_telegram7279711076744714469-768x451.jpg 768w\" sizes=\"(max-width: 1080px) 100vw, 1080px\" \/><\/figure>\n\n\n\n<p><strong>\u00bfQu\u00e9 expectativas hay con respecto a las venideras elecciones municipales en el capital espa\u00f1ola?<\/strong><\/p>\n\n\n\n<p>Salimos con ilusi\u00f3n. Tenemos unos rivales duros y una situaci\u00f3n complicada en cuanto a la pol\u00edtica que vivimos en la Comunidad de Madrid, pero salimos con mucha ilusi\u00f3n y con muchas ganas. En estos momentos estamos eligiendo candidatos, estamos en primarias. Ayer hemos tenido un encuentro de unidad de militancia en Madrid, compartimos un espacio hablando de pol\u00edticas municipales, de proyectos auton\u00f3micos. Fue una experiencia muy enriquecedora y muy motivadora. Seguimos teniendo esa chispa y esa ilusi\u00f3n por intentar cambiar las cosas; hacer pol\u00edticas para la gente, pol\u00edticas que mejoren las condiciones en las que nos encontramos en la Comunidad de Madrid. Vivimos en una fachada de propaganda continua, pero no se dan soluciones a temas como los cierres de los Centros de Emergencia, al tema sanitario, al tema educativo. En la ciudad de Madrid s\u00f3lo hay seis escuelas de educaci\u00f3n infantil p\u00fablicas\u2026 por lo tanto tenemos bastantes deficiencias y carencias y creemos que ser\u00edamos capaces de mejoras todas estas circunstancias p\u00fablicas que al final son las que sostienen la calidad de vida de la gente.<\/p>\n\n\n\n<p><strong>Dentro del municipalismo en Madrid, \u00bfqu\u00e9 noticias hay sobre ayudas para el retorno de la emigraci\u00f3n?<\/strong><\/p>\n\n\n\n<p>Ahora mismo no existe ninguna ayuda concreta, pero s\u00ed que se est\u00e1 pensando en el retorno de las personas que tuvieron que dejar su lugar de residencia para buscar un trabajo en otro pa\u00eds. En este sentido ahora mismo no hay nada que se est\u00e9 aplicando. No creo que entre dentro de las prioridades del actual Gobierno de la Comunidad de Madrid. No es una cuesti\u00f3n que les preocupe. Ellos est\u00e1n pensando en cuestiones de propaganda, pero no es que tengan contenido las medidas que presentan; por lo tanto dudo que est\u00e9n pensando en el retorno de los madrile\u00f1os y madrile\u00f1as que viven fuera de nuestra frontera.\u00a0<\/p>\n\n\n\n<figure class=\"wp-block-image size-large\"><img decoding=\"async\" width=\"1080\" height=\"1664\" src=\"http:\/\/xn--tuvozdiasporaespaola-k7b.com\/wp-content\/uploads\/2022\/10\/screenshot_20221023-134403_chrome2945667964774217545.jpg?w=665\" alt=\"\" class=\"wp-image-453\" srcset=\"https:\/\/xn--tuvozdiasporaespaola-k7b.com\/wp-content\/uploads\/2022\/10\/screenshot_20221023-134403_chrome2945667964774217545.jpg 1080w, https:\/\/xn--tuvozdiasporaespaola-k7b.com\/wp-content\/uploads\/2022\/10\/screenshot_20221023-134403_chrome2945667964774217545-195x300.jpg 195w, https:\/\/xn--tuvozdiasporaespaola-k7b.com\/wp-content\/uploads\/2022\/10\/screenshot_20221023-134403_chrome2945667964774217545-665x1024.jpg 665w, https:\/\/xn--tuvozdiasporaespaola-k7b.com\/wp-content\/uploads\/2022\/10\/screenshot_20221023-134403_chrome2945667964774217545-768x1183.jpg 768w\" sizes=\"(max-width: 1080px) 100vw, 1080px\" \/><\/figure>\n\n\n\n<p><strong>Siempre dentro del \u00e1mbito municipal, \u00bfen qu\u00e9 influyen los \u00faltimos logros que la derecha est\u00e1 intentando socavar? Por ejemplo el Voto Rogado, sobre el presupuesto, el incremento de un veintiuno por ciento sobre gasto social. \u00bfEn qu\u00e9 est\u00e1n influyendo los logros del Gobierno central en el esp\u00edritu del municipalismo madrile\u00f1o?<\/strong><\/p>\n\n\n\n<p>En la Comunidad de Madrid gobernamos en bastantes ayuntamientos y formamos parte de otros gobiernos municipales. Tenemos casos muy concretos. Por ejemplo durante la pandemia esos municipios -donde estamos en el gobierno- han sabido capitalizar bastante mejor todas las ayudas y todas las nuevas legislaciones que se han implantado desde el gobierno de coalici\u00f3n de Espa\u00f1a que en los municipios donde no. Y esto es porque la Comunidad de Madrid ha sido en muchas ocasiones en dique de contenci\u00f3n de esas medidas. Es decir, cuando ha habido que bajar durante la pandemia que los recursos que llegaban desde el Gobierno estatal ten\u00edan que pasar por las Comunidades Aut\u00f3nomas, la comunidad de Madrid lo que ha servido es para hacer un bloqueo. Donde hemos estado gobernando han asumido en parte esas medidas desde lo municipal, para despu\u00e9s arreglar cuentas con la Comunidad de Madrid. Pero en principio lo han asumido ellos, directamente. Con todo esto quiero decir que es verdad que desde el gobierno de coalici\u00f3n se han implantado bastantes nuevas leyes; el Solo S\u00ed es S\u00ed, el tema del aborto, y no solamente eso, claro est\u00e1. Nadie se qued\u00f3 sin trabajo durante los meses que estuvimos encerrados en pandemia creo que es de las cosas m\u00e1s importantes que se han hecho en democracia en este pa\u00eds. Ese tipo de cosas son para ponerlas en valor. Tenemos que ser totalmente conscientes de esas medidas que han ayudado a sostener a la sociedad.<\/p>\n\n\n\n<figure class=\"wp-block-image size-large\"><img decoding=\"async\" width=\"1080\" height=\"1079\" src=\"http:\/\/xn--tuvozdiasporaespaola-k7b.com\/wp-content\/uploads\/2022\/10\/screenshot_20221023-135348_telegram5340846289505181248.jpg?w=1024\" alt=\"\" class=\"wp-image-454\" srcset=\"https:\/\/xn--tuvozdiasporaespaola-k7b.com\/wp-content\/uploads\/2022\/10\/screenshot_20221023-135348_telegram5340846289505181248.jpg 1080w, https:\/\/xn--tuvozdiasporaespaola-k7b.com\/wp-content\/uploads\/2022\/10\/screenshot_20221023-135348_telegram5340846289505181248-300x300.jpg 300w, https:\/\/xn--tuvozdiasporaespaola-k7b.com\/wp-content\/uploads\/2022\/10\/screenshot_20221023-135348_telegram5340846289505181248-1024x1024.jpg 1024w, https:\/\/xn--tuvozdiasporaespaola-k7b.com\/wp-content\/uploads\/2022\/10\/screenshot_20221023-135348_telegram5340846289505181248-150x150.jpg 150w, https:\/\/xn--tuvozdiasporaespaola-k7b.com\/wp-content\/uploads\/2022\/10\/screenshot_20221023-135348_telegram5340846289505181248-768x767.jpg 768w\" sizes=\"(max-width: 1080px) 100vw, 1080px\" \/><\/figure>\n\n\n\n<p><br><br>\u00a0\u00a0\u00a0\u00a0\u00a0Por Walter C. Medina<br><br>Equipo de Redacci\u00f3n de Revista TU VOZ <\/p>\n","protected":false},"excerpt":{"rendered":"<p>ENTREVISTA A ISABEL ROSA TORRALVO La Secretaria de C\u00edrculos y Militancia, y miembro de la Ejecutiva Nacional de Podemos Comunidad de Madrid, Isabel Rosa &#8230; <\/p>\n<p class=\"read-more-container\"><a title=\"\u201cVivimos en una fachada de propaganda continua\u201d\" class=\"read-more button\" href=\"https:\/\/xn--tuvozdiasporaespaola-k7b.com\/page\/2\/vivimos-en-una-fachada-de-propaganda-continua\/#more-455\" aria-label=\"M\u00e1s en \u201cVivimos en una fachada de propaganda continua\u201d\">Leer m\u00e1s<\/a><\/p>\n","protected":false},"author":222560522,"featured_media":0,"comment_status":"open","ping_status":"open","sticky":false,"template":"","format":"standard","meta":{"footnotes":""},"categories":[1771],"tags":[],"class_list":["post-455","post","type-post","status-publish","format-standard","hentry","category-sociales"],"_links":{"self":[{"href":"https:\/\/xn--tuvozdiasporaespaola-k7b.com\/page\/2\/wp-json\/wp\/v2\/posts\/455","targetHints":{"allow":["GET"]}}],"collection":[{"href":"https:\/\/xn--tuvozdiasporaespaola-k7b.com\/page\/2\/wp-json\/wp\/v2\/posts"}],"about":[{"href":"https:\/\/xn--tuvozdiasporaespaola-k7b.com\/page\/2\/wp-json\/wp\/v2\/types\/post"}],"author":[{"embeddable":true,"href":"https:\/\/xn--tuvozdiasporaespaola-k7b.com\/page\/2\/wp-json\/wp\/v2\/users\/222560522"}],"replies":[{"embeddable":true,"href":"https:\/\/xn--tuvozdiasporaespaola-k7b.com\/page\/2\/wp-json\/wp\/v2\/comments?post=455"}],"version-history":[{"count":0,"href":"https:\/\/xn--tuvozdiasporaespaola-k7b.com\/page\/2\/wp-json\/wp\/v2\/posts\/455\/revisions"}],"wp:attachment":[{"href":"https:\/\/xn--tuvozdiasporaespaola-k7b.com\/page\/2\/wp-json\/wp\/v2\/media?parent=455"}],"wp:term":[{"taxonomy":"category","embeddable":true,"href":"https:\/\/xn--tuvozdiasporaespaola-k7b.com\/page\/2\/wp-json\/wp\/v2\/categories?post=455"},{"taxonomy":"post_tag","embeddable":true,"href":"https:\/\/xn--tuvozdiasporaespaola-k7b.com\/page\/2\/wp-json\/wp\/v2\/tags?post=455"}],"curies":[{"name":"wp","href":"https:\/\/api.w.org\/{rel}","templated":true}]}}