{"id":4538,"date":"2023-12-04T20:58:54","date_gmt":"2023-12-04T23:58:54","guid":{"rendered":"https:\/\/xn--tuvozdiasporaespaola-k7b.com\/page\/2\/?p=4538"},"modified":"2023-12-04T21:06:50","modified_gmt":"2023-12-05T00:06:50","slug":"hay-que-simplificar-la-posibilidad-de-ingresar-a-estudiar-en-espana-cgcee","status":"publish","type":"post","link":"https:\/\/xn--tuvozdiasporaespaola-k7b.com\/page\/2\/hay-que-simplificar-la-posibilidad-de-ingresar-a-estudiar-en-espana-cgcee\/","title":{"rendered":"\u201cHAY QUE SIMPLIFICAR LA POSIBILIDAD DE INGRESAR A ESTUDIAR en Espa\u00f1a \u201d CGCEE."},"content":{"rendered":"\n<p>Por Walter C. Medina<\/p>\n\n\n\n<p>ENTREVISTA A GUSTAVO YEPES<\/p>\n\n\n\n<p>Gustavo Yepes, Presidente de la Comisi\u00f3n de Educaci\u00f3n del Consejo General de la Ciudadan\u00eda de Espa\u00f1oles en el Exterior, y Presidente del Consejo de Residente Espa\u00f1oles de la Ciudad de C\u00f3rdoba, Argentina, dialog\u00f3 con Francisco L\u00f3pez en el bloque \u201cTiempo del CRE\u201d del programa radial \u201cCenizas de Babilonia. Di\u00e1spora Espa\u00f1ola\u201d que emite AM830 Radio del Pueblo. <\/p>\n\n\n\n<figure class=\"wp-block-gallery has-nested-images columns-default is-cropped wp-block-gallery-1 is-layout-flex wp-block-gallery-is-layout-flex\">\n<figure class=\"wp-block-image size-large is-style-rounded\"><img fetchpriority=\"high\" decoding=\"async\" width=\"654\" height=\"719\" data-id=\"4561\" src=\"https:\/\/xn--tuvozdiasporaespaola-k7b.com\/wp-content\/uploads\/2023\/12\/Screenshot_20231204_210410_Gallery-1.jpg\" alt=\"\" class=\"wp-image-4561\" srcset=\"https:\/\/xn--tuvozdiasporaespaola-k7b.com\/wp-content\/uploads\/2023\/12\/Screenshot_20231204_210410_Gallery-1.jpg 654w, https:\/\/xn--tuvozdiasporaespaola-k7b.com\/wp-content\/uploads\/2023\/12\/Screenshot_20231204_210410_Gallery-1-273x300.jpg 273w\" sizes=\"(max-width: 654px) 100vw, 654px\" \/><figcaption class=\"wp-element-caption\">Gustavo Yepes.<\/figcaption><\/figure>\n<\/figure>\n\n\n\n<p><strong>Los temas que se trataron estuvieron relacionados con los avances de las propuestas presentadas desde esa entidad al Ministerio de Educaci\u00f3n, entre los que destacan la homologaci\u00f3n de t\u00edtulos universitarios, becas para estudiantes  y el acceso a las universidades espa\u00f1olas. Celebrasteis una asamblea en Asturias, \u00bfqu\u00e9 temas se trataron acerca de Educaci\u00f3n y qu\u00e9 avances se produjeron en esta asamblea?<\/strong><\/p>\n\n\n\n<p>El pleno de realiz\u00f3 el 6 y el 7 de noviembre en Oviedo, y desde la Comisi\u00f3n hemos tenido cuatro pilares importantes, de los cuales uno est\u00e1 relacionado con los pa\u00edses en los que est\u00e1 el Instituto Cervantes, en donde siempre henos cre\u00eddo que todos los espa\u00f1oles que estamos en el exterior, sobre todo los j\u00f3venes y los mayores, puedan tener un acceso libre y si es posible gratuito a todo lo que es la bibliograf\u00eda y a todo lo que podemos encontrar en el Instituto Cervantes, que tiene una posibilidad muy grande de ofrecer material a las personas. <\/p>\n\n\n\n<figure class=\"wp-block-gallery has-nested-images columns-default is-cropped wp-block-gallery-2 is-layout-flex wp-block-gallery-is-layout-flex\">\n<figure class=\"wp-block-image size-large\"><img decoding=\"async\" width=\"320\" height=\"180\" data-id=\"4554\" src=\"https:\/\/xn--tuvozdiasporaespaola-k7b.com\/wp-content\/uploads\/2023\/12\/mqdefault.jpg\" alt=\"\" class=\"wp-image-4554\" srcset=\"https:\/\/xn--tuvozdiasporaespaola-k7b.com\/wp-content\/uploads\/2023\/12\/mqdefault.jpg 320w, https:\/\/xn--tuvozdiasporaespaola-k7b.com\/wp-content\/uploads\/2023\/12\/mqdefault-300x169.jpg 300w\" sizes=\"(max-width: 320px) 100vw, 320px\" \/><\/figure>\n<\/figure>\n\n\n\n<p>Por otro lado tambi\u00e9n con las aulas ALCE, que quiz\u00e1s para la Argentina no tenga tanta fuerza porque as\u00ed como tenemos el castellano como idioma materno no tenemos problemas, pero s\u00ed en pa\u00edses de habla no hispana donde tenemos much\u00edsimos espa\u00f1oles. <\/p>\n\n\n\n<p>Es muy importante mantener las aulas ALCE, por eso hemos realizado un par de acciones muy importantes, sobre todo para Hacienda. Hemos hecho una solicitud al Ministerio de Educaci\u00f3n y al Ministerio de Hacienda para que se incluya en los presupuestos generar nuevas aulas ALCE. <\/p>\n\n\n\n<p>Hemos solicitad un aumento de presupuesto, aprovechando que acaba de abrirse la posibilidad de nuevos presupuestos para el 2024, que se cierra el 11 de diciembre. Lo hemos hecho a trav\u00e9s de un informe que hemos enviado al Ministerio desde la presidencia del Consejo. <\/p>\n\n\n\n<p>Aparte, para todos aquellos j\u00f3venes que puedan realizar los estudios en las aulas ALCE lo importante va a ser que estamos solicitando que permita tener acceso a un examen especial para justificar el nivel de espa\u00f1ol para luego poder acceder a distintos puestos de trabajo cuando quieran regresar a Espa\u00f1a. <\/p>\n\n\n\n<p><strong>Con respecto a universidades estamos en  dos posiciones muy particulares. Hay gente que est\u00e1 esperando la convalidaci\u00f3n de sus t\u00edtulos desde hace dos a\u00f1os. \u00bfEst\u00e1 un poco paralizado el tr\u00e1mite de homologaciones?<\/strong><\/p>\n\n\n\n<p> Nosotros tuvimos una reuni\u00f3n en el mes de junio con la gente del Ministerio de Universidades. En junio parec\u00eda una posibilidad muy fruct\u00edfera de c\u00f3mo se ven\u00eda trabajando, pero ha habido un problema; solamente se contrataron por ocho meses, y esta gente que ven\u00eda trabajando y su emprendimiento ya empezaba a dar frutos, ha dejado de tener ese contrato en el mes de agosto. <\/p>\n\n\n\n<p>Esto implica que otra vez, en vez de avanzar, volvemos a retroceder. Al no tener gobierno los ministerios no pod\u00edan hacer nuevos contratos, al no poder hacer nuevos contratos porque no estaban los nuevos presupuestos se ha dejado sin efecto la contrataci\u00f3n de estas personas, y nosotros no solamente solicitamos que se vuelvan a contratar, sino que se puedan reintegrar las personas que estaban. <\/p>\n\n\n\n<figure class=\"wp-block-gallery has-nested-images columns-default is-cropped wp-block-gallery-3 is-layout-flex wp-block-gallery-is-layout-flex\">\n<figure class=\"wp-block-image size-large\"><img decoding=\"async\" width=\"1024\" height=\"1024\" data-id=\"4555\" src=\"https:\/\/xn--tuvozdiasporaespaola-k7b.com\/wp-content\/uploads\/2023\/12\/1200px-Logotipo_del_Instituto_Cervantes.svg_-1024x1024.png\" alt=\"\" class=\"wp-image-4555\" srcset=\"https:\/\/xn--tuvozdiasporaespaola-k7b.com\/wp-content\/uploads\/2023\/12\/1200px-Logotipo_del_Instituto_Cervantes.svg_-1024x1024.png 1024w, https:\/\/xn--tuvozdiasporaespaola-k7b.com\/wp-content\/uploads\/2023\/12\/1200px-Logotipo_del_Instituto_Cervantes.svg_-300x300.png 300w, https:\/\/xn--tuvozdiasporaespaola-k7b.com\/wp-content\/uploads\/2023\/12\/1200px-Logotipo_del_Instituto_Cervantes.svg_-150x150.png 150w, https:\/\/xn--tuvozdiasporaespaola-k7b.com\/wp-content\/uploads\/2023\/12\/1200px-Logotipo_del_Instituto_Cervantes.svg_-768x768.png 768w, https:\/\/xn--tuvozdiasporaespaola-k7b.com\/wp-content\/uploads\/2023\/12\/1200px-Logotipo_del_Instituto_Cervantes.svg_.png 1200w\" sizes=\"(max-width: 1024px) 100vw, 1024px\" \/><\/figure>\n<\/figure>\n\n\n\n<p>Porque si para el personal se tuvo que tardar tres o cuatro meses en adaptarlos para trabajar en el ministerio y volvemos a tomar gente nueva, otra vez tres o cuatro meses, y el contrato vuelve a ser corto, es un problema que no tiene salida, y creemos que hay que tomar una medida urgente y dr\u00e1stica. <\/p>\n\n\n\n<p><strong>Mucha gente que tiene becas para estudiar en Espa\u00f1a, a la hora de ingresar al pa\u00eds se les da una visa, y esos tr\u00e1mites son demasiado lentos. \u00bfC\u00f3mo se puede solucionar esto?<\/strong><\/p>\n\n\n\n<p>Es otro tema importante, la nueva informaci\u00f3n que han hecho para los investigadores que tienen que ir a realizar una estancia, ahora han gestionado una solicitud para el ingreso a las universidades a trav\u00e9s de un contrato que tienen que realizar entre la universidad y grandes empresas para que puedan ingresar y solicitar el visado a trav\u00e9s de ese formato. <\/p>\n\n\n\n<p>Esto est\u00e1 haciendo que, como la gente no estaba avisada, y esto ha sido nuevo, se ha generado un mont\u00f3n de rechazos de becas no solamente del CONICET, sino tambi\u00e9n desde otros sectores para investigadores que quieren hacer un tramo all\u00ed. <\/p>\n\n\n\n<p>Estamos trabajando sobre este tema tambi\u00e9n, y estamos moviliz\u00e1ndonos porque las universidades deben aceitar esto entre su parte de investigaci\u00f3n y relaciones internacionales, con esta parte del Estado que tiene que aprobar estas potenciales visas para estos estudiantes. Estas personas que tienen una beca para determinadas plazas, pueden llegar a perderlas.<\/p>\n\n\n\n<p><strong>Hace poco tiempo distintas universidades de Espa\u00f1a celebraron un encuentro en Argentina para captar a quienes quieren ir a estudiar. \u00bfTen\u00e9is constancia de qu\u00e9 nivel de aceptaci\u00f3n ha tenido esta iniciativa?<\/strong><\/p>\n\n\n\n<p>Por las consultas que estamos teniendo en los Consejos de Residentes y todo lo que hace a la parte educativa, de becas y las consultas de las universidades, cada vez es mayor. Pero hay un tramo que es fundamental, que es aquellas personas que est\u00e1n deseando no solo irse a estudiar, sino que quieran iniciar la carrera universitaria.<\/p>\n\n\n\n<figure class=\"wp-block-gallery has-nested-images columns-default is-cropped wp-block-gallery-4 is-layout-flex wp-block-gallery-is-layout-flex\">\n<figure class=\"wp-block-image size-large\"><img loading=\"lazy\" decoding=\"async\" width=\"810\" height=\"450\" data-id=\"4556\" src=\"https:\/\/xn--tuvozdiasporaespaola-k7b.com\/wp-content\/uploads\/2023\/12\/becas-para-estudiar-en-Espana.jpg\" alt=\"\" class=\"wp-image-4556\" srcset=\"https:\/\/xn--tuvozdiasporaespaola-k7b.com\/wp-content\/uploads\/2023\/12\/becas-para-estudiar-en-Espana.jpg 810w, https:\/\/xn--tuvozdiasporaespaola-k7b.com\/wp-content\/uploads\/2023\/12\/becas-para-estudiar-en-Espana-300x167.jpg 300w, https:\/\/xn--tuvozdiasporaespaola-k7b.com\/wp-content\/uploads\/2023\/12\/becas-para-estudiar-en-Espana-768x427.jpg 768w\" sizes=\"(max-width: 810px) 100vw, 810px\" \/><\/figure>\n<\/figure>\n\n\n\n<p> Sobre ese tema hay otra problem\u00e1tica, que cuando estudia en el extranjero tiene varios formatos de ingresos a la universidad, y esto est\u00e1 generando otro conflicto. Entonces acabamos de presentar otra propuesta para que los Ministerios de Universidades, junto con el Ministerio de Educaci\u00f3n y Formaci\u00f3n, tengan una \u00fanica forma de ingreso a las universidades, y de esa manera simplificar la posibilidad de ingresar a estudiar. <\/p>\n\n\n\n<p>Y hemos tenido un oficio antes de empezar este \u00faltimo pleno, en donde nos han dicho que se est\u00e1 estudiando para ver la posibilidad de que se pueda acceder a este formato en el ingreso 2024\/2025. Es un gran avance porque eso va a permitir que familias que est\u00e9n en programas de retorno o aquellos estudiantes que quieran ingresar, puedan tener un sistema mucho m\u00e1s accesible y que tenga igualdad de condiciones que cualquier otro espa\u00f1ol                                 <\/p>\n","protected":false},"excerpt":{"rendered":"<p>Por Walter C. Medina ENTREVISTA A GUSTAVO YEPES Gustavo Yepes, Presidente de la Comisi\u00f3n de Educaci\u00f3n del Consejo General de la Ciudadan\u00eda de Espa\u00f1oles &#8230; <\/p>\n<p class=\"read-more-container\"><a title=\"\u201cHAY QUE SIMPLIFICAR LA POSIBILIDAD DE INGRESAR A ESTUDIAR en Espa\u00f1a \u201d CGCEE.\" class=\"read-more button\" href=\"https:\/\/xn--tuvozdiasporaespaola-k7b.com\/page\/2\/hay-que-simplificar-la-posibilidad-de-ingresar-a-estudiar-en-espana-cgcee\/#more-4538\" aria-label=\"M\u00e1s en \u201cHAY QUE SIMPLIFICAR LA POSIBILIDAD DE INGRESAR A ESTUDIAR en Espa\u00f1a \u201d CGCEE.\">Leer m\u00e1s<\/a><\/p>\n","protected":false},"author":222560522,"featured_media":4557,"comment_status":"open","ping_status":"open","sticky":false,"template":"","format":"standard","meta":{"footnotes":""},"categories":[121854,1771],"tags":[],"class_list":["post-4538","post","type-post","status-publish","format-standard","has-post-thumbnail","hentry","category-consejo-de-residentes-espanoles","category-sociales","resize-featured-image"],"_links":{"self":[{"href":"https:\/\/xn--tuvozdiasporaespaola-k7b.com\/page\/2\/wp-json\/wp\/v2\/posts\/4538","targetHints":{"allow":["GET"]}}],"collection":[{"href":"https:\/\/xn--tuvozdiasporaespaola-k7b.com\/page\/2\/wp-json\/wp\/v2\/posts"}],"about":[{"href":"https:\/\/xn--tuvozdiasporaespaola-k7b.com\/page\/2\/wp-json\/wp\/v2\/types\/post"}],"author":[{"embeddable":true,"href":"https:\/\/xn--tuvozdiasporaespaola-k7b.com\/page\/2\/wp-json\/wp\/v2\/users\/222560522"}],"replies":[{"embeddable":true,"href":"https:\/\/xn--tuvozdiasporaespaola-k7b.com\/page\/2\/wp-json\/wp\/v2\/comments?post=4538"}],"version-history":[{"count":3,"href":"https:\/\/xn--tuvozdiasporaespaola-k7b.com\/page\/2\/wp-json\/wp\/v2\/posts\/4538\/revisions"}],"predecessor-version":[{"id":4562,"href":"https:\/\/xn--tuvozdiasporaespaola-k7b.com\/page\/2\/wp-json\/wp\/v2\/posts\/4538\/revisions\/4562"}],"wp:featuredmedia":[{"embeddable":true,"href":"https:\/\/xn--tuvozdiasporaespaola-k7b.com\/page\/2\/wp-json\/wp\/v2\/media\/4557"}],"wp:attachment":[{"href":"https:\/\/xn--tuvozdiasporaespaola-k7b.com\/page\/2\/wp-json\/wp\/v2\/media?parent=4538"}],"wp:term":[{"taxonomy":"category","embeddable":true,"href":"https:\/\/xn--tuvozdiasporaespaola-k7b.com\/page\/2\/wp-json\/wp\/v2\/categories?post=4538"},{"taxonomy":"post_tag","embeddable":true,"href":"https:\/\/xn--tuvozdiasporaespaola-k7b.com\/page\/2\/wp-json\/wp\/v2\/tags?post=4538"}],"curies":[{"name":"wp","href":"https:\/\/api.w.org\/{rel}","templated":true}]}}