{"id":4536,"date":"2023-12-01T19:09:14","date_gmt":"2023-12-01T22:09:14","guid":{"rendered":"https:\/\/xn--tuvozdiasporaespaola-k7b.com\/page\/2\/?p=4536"},"modified":"2023-12-01T19:09:15","modified_gmt":"2023-12-01T22:09:15","slug":"no-podemos-invertir-la-relacioin-entre-victima-y-verdugo-bebes-robados-s-o-s","status":"publish","type":"post","link":"https:\/\/xn--tuvozdiasporaespaola-k7b.com\/page\/2\/no-podemos-invertir-la-relacioin-entre-victima-y-verdugo-bebes-robados-s-o-s\/","title":{"rendered":"\u201cNO PODEMOS INVERTIR LA RELACI\u00d3IN ENTRE V\u00cdCTIMA Y VERDUGO\u201d Beb\u00e9s Robados S.O.S."},"content":{"rendered":"\n<p>Por Walter C. Medina<\/p>\n\n\n\n<p>ENTREVISTA A ANA ARAZO<\/p>\n\n\n\n<p>Ana Arazo, psic\u00f3loga y miembro de la Asociaci\u00f3n SOS Beb\u00e9s Robados, de C\u00e1diz, se refiri\u00f3 a la necesidad de que finalmente se apruebe la Ley de Beb\u00e9s Robados para que las v\u00edctimas tengan un marco legal y no carguen con la responsabilidad de ser s\u00f3lo ellas las que lleven adelante un proceso tan particular como es la b\u00fasqueda los beb\u00e9s robados durante la dictadura franquista.<\/p>\n\n\n\n<figure class=\"wp-block-gallery has-nested-images columns-default is-cropped wp-block-gallery-1 is-layout-flex wp-block-gallery-is-layout-flex\">\n<figure class=\"wp-block-image size-large is-style-rounded\"><img fetchpriority=\"high\" decoding=\"async\" width=\"1010\" height=\"1024\" data-id=\"4547\" src=\"https:\/\/xn--tuvozdiasporaespaola-k7b.com\/wp-content\/uploads\/2023\/12\/Screenshot_20231201_190723_Photos-1010x1024.jpg\" alt=\"\" class=\"wp-image-4547\" srcset=\"https:\/\/xn--tuvozdiasporaespaola-k7b.com\/wp-content\/uploads\/2023\/12\/Screenshot_20231201_190723_Photos-1010x1024.jpg 1010w, https:\/\/xn--tuvozdiasporaespaola-k7b.com\/wp-content\/uploads\/2023\/12\/Screenshot_20231201_190723_Photos-296x300.jpg 296w, https:\/\/xn--tuvozdiasporaespaola-k7b.com\/wp-content\/uploads\/2023\/12\/Screenshot_20231201_190723_Photos-768x779.jpg 768w, https:\/\/xn--tuvozdiasporaespaola-k7b.com\/wp-content\/uploads\/2023\/12\/Screenshot_20231201_190723_Photos.jpg 1080w\" sizes=\"(max-width: 1010px) 100vw, 1010px\" \/><\/figure>\n<\/figure>\n\n\n\n<p>Entrevistada por Miguel \u00c1ngel Ferris y Francisco L\u00f3pez para el programa radial \u201cCenizas de Babilonia. Di\u00e1spora Espa\u00f1ola\u201d,   Arazo tambi\u00e9n se refiri\u00f3 a las similitudes que existen en los casos de apropiaciones de beb\u00e9s en Argentina y Espa\u00f1a, delitos de lesa humanidad que han impactado en la opini\u00f3n p\u00fablica internacional.<\/p>\n\n\n\n<p>\u00bf<strong>C\u00f3mo fue tu implicaci\u00f3n en la asociaci\u00f3n?<\/strong><\/p>\n\n\n\n<p>Mi trayectoria empieza en 2017 en la asociaci\u00f3n, bastante despupes de toda la lucha que llevan en las espaldas las madres y familiares de la asociaci\u00f3n que est\u00e1 en varias regiones de Espa\u00f1a, como Catalunya, Madrid; nosotros en C\u00e1diz comenzamos la lucha en 2009. <\/p>\n\n\n\n<p>Las madres empezaron a darse cuenta de que ten\u00edan que estar juntas y haciendo un trabajo conjunto porque aisladas no pod\u00edan llevarla a cabo. Yo he sido la \u00fanica psic\u00f3loga que ha pasado por la asociaci\u00f3n y he sido la \u00faltima que he llegado, porque ellas consideraban que no hac\u00eda falta durante el proceso.<\/p>\n\n\n\n<figure class=\"wp-block-image size-full\"><img decoding=\"async\" width=\"510\" height=\"287\" src=\"https:\/\/xn--tuvozdiasporaespaola-k7b.com\/wp-content\/uploads\/2023\/12\/nacidosanadir-644x362-1-510x287-1.jpg\" alt=\"\" class=\"wp-image-4543\" srcset=\"https:\/\/xn--tuvozdiasporaespaola-k7b.com\/wp-content\/uploads\/2023\/12\/nacidosanadir-644x362-1-510x287-1.jpg 510w, https:\/\/xn--tuvozdiasporaespaola-k7b.com\/wp-content\/uploads\/2023\/12\/nacidosanadir-644x362-1-510x287-1-300x169.jpg 300w\" sizes=\"(max-width: 510px) 100vw, 510px\" \/><\/figure>\n\n\n\n<p> <\/p>\n\n\n\n<p>Fue en 2017 que estuvieron en las exhumaciones en el cementerio de C\u00e1diz y comprobar que sus beb\u00e9s estaban vivos. <\/p>\n\n\n\n<p>Ah\u00ed es cuando entro yoen la lucha, y aqu\u00ed sigo. Todos esos restos que se exhumaron en el cementerio de C\u00e1diz, pues ahora se est\u00e1n viendo los primeros resultados del an\u00e1lisis de ADN<\/p>\n\n\n\n<p><\/p>\n\n\n\n<p><strong>\u00bfCu\u00e1l es el motivo por el cual es C\u00e1diz una de las provincias que m\u00e1s se ha avanzado en los temas de esclarecimiento de estos delitos?<\/strong><\/p>\n\n\n\n<p><strong> <\/strong>   Porque C\u00e1diz es la provincia en la que ha habido m\u00e1s denuncias y m\u00e1s conciencia de que las madres han sido ninguneadas por este crimen de lesa humanidad. Ha habido mucha conciencia y muchas pruebas de que en C\u00e1diz se han robado beb\u00e9s. Y las madres han sido v\u00edctima de este crimen.<\/p>\n\n\n\n<p> \u00bf<strong>Cu\u00e1les son las cifras del robo de beb\u00e9s en Espa\u00f1a m\u00e1s fiables con las que cont\u00e1is en SOS Beb\u00e9s Robados, y qui\u00e9nes han  intentad minimizar la gravedad de los delitos hasta el momento?<\/strong><\/p>\n\n\n\n<p>Las cifras que andan rondando por ah\u00ed dicen que en el Estado Espa\u00f1ol son 300 mil. No vamos a poner en duda cifra. Poner en duda la cifra ser\u00eda una duda hiperb\u00f3lica; las cifras no est\u00e1n en discusi\u00f3n. Si tu pones en discusi\u00f3n una cifra, eso no cambia el crimen, lo que hace es instalar una duda. <\/p>\n\n\n\n<p>El marco de la duda siempre est\u00e1 dentro del negacionismo, y no podemos invertir la relaci\u00f3n entre v\u00edctimas y verdugos, sabemos qui\u00e9nes han sido. <\/p>\n\n\n\n<p><strong>En un momento en el que en Argentina los negacionistas de la dictadura militar han alcanzado el poder pol\u00edtico, \u00bfhab\u00e9is establecido lazos de uni\u00f3n con el movimiento argentino que siguen reclamando por los 500 beb\u00e9s robados de la dictadura a los represaliados? \u00bfCu\u00e1les son las similitudes de ambos casos?<\/strong><\/p>\n\n\n\n<p>Similitudes ha, y muchas. Lo que pasa es que en Espa\u00f1a, la trayectoria de beb\u00e9s robados tiene dos vertientes. La primera es que sabemos que durante el franquismo se robaron beb\u00e9s en las c\u00e1rceles, y luego, durante la Transici\u00f3n, y luego hasta los \u201890s, que no est\u00e1n encuadrados en lo que es una dictadura; pero en Argentina si, est\u00e1n todos encuadrados dentro de lo que es una dictadura, es decir que son apropiaciones. <\/p>\n\n\n\n<figure class=\"wp-block-gallery has-nested-images columns-default is-cropped wp-block-gallery-2 is-layout-flex wp-block-gallery-is-layout-flex\">\n<figure class=\"wp-block-image size-large\"><img decoding=\"async\" width=\"975\" height=\"644\" data-id=\"4545\" src=\"https:\/\/xn--tuvozdiasporaespaola-k7b.com\/wp-content\/uploads\/2023\/12\/abuelas.jpg\" alt=\"\" class=\"wp-image-4545\" srcset=\"https:\/\/xn--tuvozdiasporaespaola-k7b.com\/wp-content\/uploads\/2023\/12\/abuelas.jpg 975w, https:\/\/xn--tuvozdiasporaespaola-k7b.com\/wp-content\/uploads\/2023\/12\/abuelas-300x198.jpg 300w, https:\/\/xn--tuvozdiasporaespaola-k7b.com\/wp-content\/uploads\/2023\/12\/abuelas-768x507.jpg 768w\" sizes=\"(max-width: 975px) 100vw, 975px\" \/><\/figure>\n<\/figure>\n\n\n\n<p><strong>A las Madres de Plaza de Mayo se les llam\u00f3 \u201clocas\u201d por las protestas, como algunas de las denunciantes en casos similares en Espa\u00f1a. Hay una cuesti\u00f3n de violencia de g\u00e9nero en estas actitudes? \u00bfSon similares los sentimientos que sintieron las madres y abuelas de los desaparecidos por la dictadura argentina y las madres cuyos beb\u00e9s fueron robados en Espa\u00f1a?<\/strong><\/p>\n\n\n\n<p>Bueno, a las mujeres las llaman locas por cualquier motivo; pero s\u00ed que es verdad que en los dos casos es cierto que hay un estigma sobre las madres. Creo que forma parte de la negaci\u00f3n. <\/p>\n\n\n\n<p>Cuando hay una desaparici\u00f3n del cuerpo del beb\u00e9, que se neg\u00f3; una negaci\u00f3n de los rituales de duelo, que se neg\u00f3 tambi\u00e9n es Espa\u00f1a; la negaci\u00f3n de lo que ha ocurrido, la negaci\u00f3n de documentaci\u00f3n, la negaci\u00f3n de una vida compartida, las que lo han sufrido en primera persona \u2013madres que han sido golpeadas, drogadas-. <\/p>\n\n\n\n<p>Este componente de g\u00e9nero al que yo llamo violencia obst\u00e9trica se ha mantenido en silencio, las madres lo han mantenido en silencio para evitar que las llamen locas al relatar todas las cosas que les han pasado, y tambi\u00e9n el dolor de no ser cre\u00eddas. Algo similar a lo que sufrieron las madres en Argentina. Forma parte de lo mismo, del negacionismo. <\/p>\n\n\n\n<p><strong>Cuando se habla de beb\u00e9s robados se habla de beb\u00e9s que desaparecieron despu\u00e9s de la Guerra Civil Espa\u00f1ola. En vuestro caso est\u00e1is llevando esa desaparici\u00f3n de beb\u00e9s pr\u00e1cticamente de la dictadura franquista. En los \u00faltimos a\u00f1os del franquismo fue la etapa en la que m\u00e1s beb\u00e9s fueron sustra\u00eddos con la excusa de que nac\u00edan muertos. \u00bfContempl\u00e1is en vuestra asociaci\u00f3n todo este tiempo hasta el final de la dictadura?<\/strong><\/p>\n\n\n\n<p>Tenemos casos de los a\u00f1os \u201860s y algunos de los \u201870s, pero la mayor\u00eda de los casos son de los \u201880s. Cuando la opini\u00f3n p\u00fablica internacional conoce las cifras de robo de beb\u00e9s y la duraci\u00f3n hasta bien entrada la democracia, y la sistematizaci\u00f3n habitual y preestablecida del robo,<strong> \u00bfllegan a entender las causas del delito?<\/strong>Cuando yo explico c\u00f3mo ha sido el proceso de exhumaci\u00f3n de los restos y las historias que hay detr\u00e1s, hay estupefacci\u00f3n. Esa es la palabra La opini\u00f3n p\u00fablica, al menos en el Estado Espa\u00f1ol, no tiene realmente un conocimiento profundo de lo que supone un robo de beb\u00e9s o la desaparici\u00f3n forzada de beb\u00e9s. <\/p>\n\n\n\n<p>Ni siquiera las mismas v\u00edctimas, cuando les dijeron que sus beb\u00e9s hab\u00edan muerto. Cuando se muere un beb\u00e9 a ti te entregan un cuerpo. Las consecuencias que hay al darse cuenta que les han robado el beb\u00e9, obviamente la opini\u00f3n p\u00fablica no llega a comprender hasta d\u00f3nde hay un da\u00f1o. Y somos muchas las afectados, Yo me incluyo porque me reflejo en el dolor de ellas.     <\/p>\n\n\n\n<figure class=\"wp-block-gallery has-nested-images columns-default is-cropped wp-block-gallery-3 is-layout-flex wp-block-gallery-is-layout-flex\">\n<figure class=\"wp-block-image size-large\"><img loading=\"lazy\" decoding=\"async\" width=\"1024\" height=\"576\" data-id=\"4544\" src=\"https:\/\/xn--tuvozdiasporaespaola-k7b.com\/wp-content\/uploads\/2023\/12\/969a3e96fb1290ba8bcbce3d708c73d3-1024x576.jpg\" alt=\"\" class=\"wp-image-4544\" srcset=\"https:\/\/xn--tuvozdiasporaespaola-k7b.com\/wp-content\/uploads\/2023\/12\/969a3e96fb1290ba8bcbce3d708c73d3-1024x576.jpg 1024w, https:\/\/xn--tuvozdiasporaespaola-k7b.com\/wp-content\/uploads\/2023\/12\/969a3e96fb1290ba8bcbce3d708c73d3-300x169.jpg 300w, https:\/\/xn--tuvozdiasporaespaola-k7b.com\/wp-content\/uploads\/2023\/12\/969a3e96fb1290ba8bcbce3d708c73d3-768x432.jpg 768w, https:\/\/xn--tuvozdiasporaespaola-k7b.com\/wp-content\/uploads\/2023\/12\/969a3e96fb1290ba8bcbce3d708c73d3.jpg 1200w\" sizes=\"(max-width: 1024px) 100vw, 1024px\" \/><\/figure>\n<\/figure>\n\n\n\n<p><strong>\u00a1El nuevo gobierno de coalici\u00f3n Psoe-Sumar les ha dado garant\u00edas de una aprobaci\u00f3n definitiva en la llamada Ley de Beb\u00e9s Robados?  <\/strong><\/p>\n\n\n\n<p>Hasta antes de las elecciones ten\u00edamos la ley esperando que se aprobara, pero con las elecciones se ha ventilado la ley. <\/p>\n\n\n\n<p>Ahora mismo no sabemos absolutamente nada del estado en el que est\u00e1. Estamos en el mismo punto que en 2018. O sea que no hay garant\u00eda de nada. <\/p>\n\n\n\n<p><strong>Se cumplen tres a\u00f1os desde que se inici\u00f3 el procedimiento de tramitaci\u00f3n de la ley, \u00bfcu\u00e1les han sido los motivos para que la tramitaci\u00f3n de una ley sobre la que hab\u00eda consenso total no haya salido todav\u00eda adelante? \u00bfQui\u00e9nes son los que le ponen a la ley palos en la rueda?<\/strong><\/p>\n\n\n\n<p>Estaba por aprobarse en el Senado hasta las elecciones. Luego se ha parado, hay muchas leyes que no se han aprobado, y una de ellas ha sido la Ley de Beb\u00e9s Robados. En 2018 el \u00fanico partido que se opuso fue el PP, hasta que por unanimidad luego lo aprobaron. <\/p>\n\n\n\n<p><strong>Una de las instituciones que no quiere que la ley se apruebe por desgracia es la Iglesia Cat\u00f3lica. \u00bfQui\u00e9n les han exigido a las autoridades cat\u00f3licas en Espa\u00f1a para resolver los innumerables casos que est\u00e1n en investigando? \u00bfHan cambiado de actitud en negar los registros parroquiales para detectar el origen familiar de los inscriptos?<\/strong><\/p>\n\n\n\n<p>Se ofrecieron a abrir los archivos. Los obispados est\u00e1n dispuestos a abrir los archivos para que las familias tengan documentos. Igualmente yo entiendo que eso tiene que ser labor de investigaci\u00f3n del futuro departamento o ministerio que se dedique a investigar estos cr\u00edmenes como lo hacen en Argentina, que es una labor de Estado.<\/p>\n\n\n\n<p><\/p>\n\n\n\n<p>\u00bf<strong>En Espa\u00f1a existe un banco de ADN?  <\/strong><\/p>\n\n\n\n<p>Un banco nacional de ADN no existe. Lo que se ha hecho es una cadena de custodia de los restos que se ponen a disposici\u00f3n judicial y se env\u00edan al laboratorio de la Universidad de Granada. El Estado no tiene competencia.<\/p>\n\n\n\n<p><strong>Una vez aprobada la ley, \u00bfqu\u00e9 esper\u00e1is de las autoridades del nuevo gobierno progresista, qu\u00e9 es lo que se tiene que desatascar y qu\u00e9 es lo que tiene que facilitar el proceso de b\u00fasqueda de restituci\u00f3n y de compensaci\u00f3n a las v\u00edctimas?<\/strong><\/p>\n\n\n\n<p>Lo m\u00e1s importante es que se apruebe de una vez por todas para que haya una ley; y luego, si hay fallos en la ley se pueden volver a revisar. El paso m\u00e1s importante es que por urgencia exista un marco jur\u00eddico que pueda contemplar y amparar a las v\u00edctimas, haya o no haya indemnizaciones. Que las v\u00edctimas sientan que hay un marco legal y que no recaiga todo el peso sobre ellas.                           <\/p>\n","protected":false},"excerpt":{"rendered":"<p>Por Walter C. Medina ENTREVISTA A ANA ARAZO Ana Arazo, psic\u00f3loga y miembro de la Asociaci\u00f3n SOS Beb\u00e9s Robados, de C\u00e1diz, se refiri\u00f3 a &#8230; <\/p>\n<p class=\"read-more-container\"><a title=\"\u201cNO PODEMOS INVERTIR LA RELACI\u00d3IN ENTRE V\u00cdCTIMA Y VERDUGO\u201d Beb\u00e9s Robados S.O.S.\" class=\"read-more button\" href=\"https:\/\/xn--tuvozdiasporaespaola-k7b.com\/page\/2\/no-podemos-invertir-la-relacioin-entre-victima-y-verdugo-bebes-robados-s-o-s\/#more-4536\" aria-label=\"M\u00e1s en \u201cNO PODEMOS INVERTIR LA RELACI\u00d3IN ENTRE V\u00cdCTIMA Y VERDUGO\u201d Beb\u00e9s Robados S.O.S.\">Leer m\u00e1s<\/a><\/p>\n","protected":false},"author":222560522,"featured_media":4548,"comment_status":"open","ping_status":"open","sticky":false,"template":"","format":"standard","meta":{"footnotes":""},"categories":[121854,1771],"tags":[],"class_list":["post-4536","post","type-post","status-publish","format-standard","has-post-thumbnail","hentry","category-consejo-de-residentes-espanoles","category-sociales","resize-featured-image"],"_links":{"self":[{"href":"https:\/\/xn--tuvozdiasporaespaola-k7b.com\/page\/2\/wp-json\/wp\/v2\/posts\/4536","targetHints":{"allow":["GET"]}}],"collection":[{"href":"https:\/\/xn--tuvozdiasporaespaola-k7b.com\/page\/2\/wp-json\/wp\/v2\/posts"}],"about":[{"href":"https:\/\/xn--tuvozdiasporaespaola-k7b.com\/page\/2\/wp-json\/wp\/v2\/types\/post"}],"author":[{"embeddable":true,"href":"https:\/\/xn--tuvozdiasporaespaola-k7b.com\/page\/2\/wp-json\/wp\/v2\/users\/222560522"}],"replies":[{"embeddable":true,"href":"https:\/\/xn--tuvozdiasporaespaola-k7b.com\/page\/2\/wp-json\/wp\/v2\/comments?post=4536"}],"version-history":[{"count":2,"href":"https:\/\/xn--tuvozdiasporaespaola-k7b.com\/page\/2\/wp-json\/wp\/v2\/posts\/4536\/revisions"}],"predecessor-version":[{"id":4549,"href":"https:\/\/xn--tuvozdiasporaespaola-k7b.com\/page\/2\/wp-json\/wp\/v2\/posts\/4536\/revisions\/4549"}],"wp:featuredmedia":[{"embeddable":true,"href":"https:\/\/xn--tuvozdiasporaespaola-k7b.com\/page\/2\/wp-json\/wp\/v2\/media\/4548"}],"wp:attachment":[{"href":"https:\/\/xn--tuvozdiasporaespaola-k7b.com\/page\/2\/wp-json\/wp\/v2\/media?parent=4536"}],"wp:term":[{"taxonomy":"category","embeddable":true,"href":"https:\/\/xn--tuvozdiasporaespaola-k7b.com\/page\/2\/wp-json\/wp\/v2\/categories?post=4536"},{"taxonomy":"post_tag","embeddable":true,"href":"https:\/\/xn--tuvozdiasporaespaola-k7b.com\/page\/2\/wp-json\/wp\/v2\/tags?post=4536"}],"curies":[{"name":"wp","href":"https:\/\/api.w.org\/{rel}","templated":true}]}}