{"id":4528,"date":"2023-12-01T00:14:04","date_gmt":"2023-12-01T03:14:04","guid":{"rendered":"https:\/\/xn--tuvozdiasporaespaola-k7b.com\/page\/2\/?p=4528"},"modified":"2023-12-01T00:14:04","modified_gmt":"2023-12-01T03:14:04","slug":"derechas-y-derechos-argentina-o-ecuador","status":"publish","type":"post","link":"https:\/\/xn--tuvozdiasporaespaola-k7b.com\/page\/2\/derechas-y-derechos-argentina-o-ecuador\/","title":{"rendered":"DERECHAS Y DERECHOS. Argentina o Ecuador."},"content":{"rendered":"\n<p>Por Jes\u00fas  Ariel  Rivero, Revista TU VOZ,  Rosario  -Argentina. <\/p>\n\n\n\n<p>En este \u00faltimo tiempo, sobre todo post-pandemia estamos presenciando un reordenamiento geopol\u00edtico a nivel mundial.<\/p>\n\n\n\n<p>El mecanismo del status quo no est\u00e1 en juego, sino quien lo posee.En este devenir que no acaba las \u201cnuevas\u00bb derechas no s\u00f3lo se han lanzado a combatir a las izquierdas o centro-izquierdas, sino tambi\u00e9n a atacar los fundamentos de las derechas tradicionales, y en esto Am\u00e9rica Latina no ha quedado al margen sobre todo Argentina y Ecuador en donde Javier Milei el presidente electo y el reci\u00e9n asumido Daniel Noboa quien result\u00f3 elegido para completar el periodo presidencial 2021-2025 que su antecesor Guillermo Lasso dejo inconcluso debido al decreto de muerte cruzada firmado en mayo de 2023, proponen las viejas recetas pero con un nuevo condimento, ser expl\u00edcitos en sus campa\u00f1as con sus propuestas pol\u00edticas con una literalidad que lleva a pensar en masoquismo popular de sus pueblos.<\/p>\n\n\n\n<figure class=\"wp-block-gallery has-nested-images columns-default is-cropped wp-block-gallery-1 is-layout-flex wp-block-gallery-is-layout-flex\">\n<figure class=\"wp-block-image size-large\"><img fetchpriority=\"high\" decoding=\"async\" width=\"1024\" height=\"683\" data-id=\"4530\" src=\"https:\/\/xn--tuvozdiasporaespaola-k7b.com\/wp-content\/uploads\/2023\/12\/GettyImages-1730501370.jpg\" alt=\"\" class=\"wp-image-4530\" srcset=\"https:\/\/xn--tuvozdiasporaespaola-k7b.com\/wp-content\/uploads\/2023\/12\/GettyImages-1730501370.jpg 1024w, https:\/\/xn--tuvozdiasporaespaola-k7b.com\/wp-content\/uploads\/2023\/12\/GettyImages-1730501370-300x200.jpg 300w, https:\/\/xn--tuvozdiasporaespaola-k7b.com\/wp-content\/uploads\/2023\/12\/GettyImages-1730501370-768x512.jpg 768w\" sizes=\"(max-width: 1024px) 100vw, 1024px\" \/><\/figure>\n<\/figure>\n\n\n\n<p>Esta ola de liberalismo expl\u00edcito pone en jaque no s\u00f3lo el orden mundial, sino la humanidad.<\/p>\n\n\n\n<p>Estas derechas se asumen como portaestandarte de una santa cruzada econ\u00f3mica para salvar el mercado y la \u201clibertad\u00bb contra cualquier atisbo de estatismo o colectivismo, y como parte de una regeneraci\u00f3n espiritual para reestablecer el propio orden moral, comenzando por el patr\u00f3n en la empresa, la piel blanca y Dios en el control de las almas.<\/p>\n\n\n\n<p>Aunque todas estas derechas emergentes se presentan a elecciones para ganar adeptos y llegar a gobernar mediante el voto, no son democr\u00e1ticas, de ser necesario est\u00e1n dispuestas a emplear la violencia.<\/p>\n\n\n\n<figure class=\"wp-block-gallery has-nested-images columns-default is-cropped wp-block-gallery-2 is-layout-flex wp-block-gallery-is-layout-flex\">\n<figure class=\"wp-block-image size-large\"><img decoding=\"async\" width=\"1000\" height=\"1000\" data-id=\"4531\" src=\"https:\/\/xn--tuvozdiasporaespaola-k7b.com\/wp-content\/uploads\/2023\/12\/191c1d3c9146505765052bb71206317d_L.jpg\" alt=\"\" class=\"wp-image-4531\" srcset=\"https:\/\/xn--tuvozdiasporaespaola-k7b.com\/wp-content\/uploads\/2023\/12\/191c1d3c9146505765052bb71206317d_L.jpg 1000w, https:\/\/xn--tuvozdiasporaespaola-k7b.com\/wp-content\/uploads\/2023\/12\/191c1d3c9146505765052bb71206317d_L-300x300.jpg 300w, https:\/\/xn--tuvozdiasporaespaola-k7b.com\/wp-content\/uploads\/2023\/12\/191c1d3c9146505765052bb71206317d_L-150x150.jpg 150w, https:\/\/xn--tuvozdiasporaespaola-k7b.com\/wp-content\/uploads\/2023\/12\/191c1d3c9146505765052bb71206317d_L-768x768.jpg 768w\" sizes=\"(max-width: 1000px) 100vw, 1000px\" \/><\/figure>\n<\/figure>\n\n\n\n<p>Si hacemos un revisionismo no muy lejano, recordamos a Donald Trump cuando perdi\u00f3 las elecciones en el 2021 y no tuvo reparos en mandar a los paramilitares a tomar el Congreso, para impedir la proclamaci\u00f3n de Joe Biden, aunque este \u00faltimo tampoco es la excepci\u00f3n, sabemos lo que representa su partido.<\/p>\n\n\n\n<p>De la misma manera, Jair Bolsonaro perdi\u00f3 las elecciones, nunca reconoci\u00f3 su derrota e impulso a rezar en las puertas de los cuarteles para que los militares de un golpe de Estado.<\/p>\n\n\n\n<figure class=\"wp-block-gallery has-nested-images columns-default is-cropped wp-block-gallery-3 is-layout-flex wp-block-gallery-is-layout-flex\">\n<figure class=\"wp-block-image size-large\"><img decoding=\"async\" width=\"1024\" height=\"862\" data-id=\"4532\" src=\"https:\/\/xn--tuvozdiasporaespaola-k7b.com\/wp-content\/uploads\/2023\/12\/Screenshot_20231201_000901_Facebook-1024x862.jpg\" alt=\"\" class=\"wp-image-4532\" srcset=\"https:\/\/xn--tuvozdiasporaespaola-k7b.com\/wp-content\/uploads\/2023\/12\/Screenshot_20231201_000901_Facebook-1024x862.jpg 1024w, https:\/\/xn--tuvozdiasporaespaola-k7b.com\/wp-content\/uploads\/2023\/12\/Screenshot_20231201_000901_Facebook-300x253.jpg 300w, https:\/\/xn--tuvozdiasporaespaola-k7b.com\/wp-content\/uploads\/2023\/12\/Screenshot_20231201_000901_Facebook-768x646.jpg 768w, https:\/\/xn--tuvozdiasporaespaola-k7b.com\/wp-content\/uploads\/2023\/12\/Screenshot_20231201_000901_Facebook.jpg 1080w\" sizes=\"(max-width: 1024px) 100vw, 1024px\" \/><\/figure>\n<\/figure>\n\n\n\n<p>En Bolivia, Mesa y Camacho convocaron a sus seguidores a quemar \u00e1nforas electorales y aplaudieron cuando las tropas militares salieron a asesinar a los pobladores ind\u00edgenas.Basta y Abascal son grandes defensores de los exdictadores Pinochet y Franco y consideran que su sanguinario accionar fue necesario para frenar al comunismo.<\/p>\n\n\n\n<p>Para las derechas tradicionales y estas derechas emergentes, la democracia no es un principio pol\u00edtico innegociable sino un medio provisional y meramente instrumental para lograr sus objetivos que son promover el mercado y las sacrosantas jerarqu\u00edas racializadas de los vencedores. La democracia se les aparece como un exceso y los derechos como un exabrupto y un insulto de igualdad.Detr\u00e1s de su grito en defensa de la libertad se agazapa la violencia purificadora contra lo p\u00fablico, lo colectivo, lo com\u00fan, lo asociado. <\/p>\n\n\n\n<p>No hay un intento por convencer de sus virtudes sino una furia desatada para imponerse contra los \u201czurdos\u201d.<\/p>\n\n\n\n<p>Esta necesidad impetuosa de terminar con el Estado demuestra que el recept\u00e1culo de lo com\u00fan de una sociedad es este.<\/p>\n\n\n\n<p>El estado es el garante de los derechos conquistados por la sociedad, por el Pueblo, en la calle, ah\u00ed se condensa lo com\u00fan de sus victorias, de sus derechos.<\/p>\n\n\n\n<figure class=\"wp-block-gallery has-nested-images columns-default is-cropped wp-block-gallery-4 is-layout-flex wp-block-gallery-is-layout-flex\">\n<figure class=\"wp-block-image size-large\"><img loading=\"lazy\" decoding=\"async\" width=\"800\" height=\"531\" data-id=\"4533\" src=\"https:\/\/xn--tuvozdiasporaespaola-k7b.com\/wp-content\/uploads\/2023\/12\/1475664293263.jpg\" alt=\"\" class=\"wp-image-4533\" srcset=\"https:\/\/xn--tuvozdiasporaespaola-k7b.com\/wp-content\/uploads\/2023\/12\/1475664293263.jpg 800w, https:\/\/xn--tuvozdiasporaespaola-k7b.com\/wp-content\/uploads\/2023\/12\/1475664293263-300x199.jpg 300w, https:\/\/xn--tuvozdiasporaespaola-k7b.com\/wp-content\/uploads\/2023\/12\/1475664293263-768x510.jpg 768w\" sizes=\"(max-width: 800px) 100vw, 800px\" \/><\/figure>\n<\/figure>\n\n\n\n<p>El estado como instituci\u00f3n no es el derecho, si el garante, regulador.Los derechos los conquistan los Pueblos en las calles, son del Pueblo, son el Pueblo.En este sentido el Estado como regulador, puede favorecer a los inter\u00e9s de los sectores m\u00e1s vulnerables o favorecer a los sectores del poder concentrado. <\/p>\n\n\n\n<p>Por eso a las derechas les interesa el Estado, porque lo necesitan, el mercado en si como abstracci\u00f3n no puede imponerse, s\u00f3lo el Estado tiene la fuerza legal, com\u00fan y reconocida por todos, es decir leg\u00edtima.<\/p>\n\n\n\n<p>Los poderes concentrados por medio de los gobiernos de derecha operan en el Estado para vaciar y privatizar el Estado a favor de sus intereses.Y, la \u00fanica forma de defender lo conquistado es con el Pueblo en la calle, es decir conquistar m\u00e1s derechos porque estos no se conservan sin conquistar otros.<\/p>\n","protected":false},"excerpt":{"rendered":"<p>Por Jes\u00fas Ariel Rivero, Revista TU VOZ, Rosario -Argentina. En este \u00faltimo tiempo, sobre todo post-pandemia estamos presenciando un reordenamiento geopol\u00edtico a nivel mundial. &#8230; <\/p>\n<p class=\"read-more-container\"><a title=\"DERECHAS Y DERECHOS. Argentina o Ecuador.\" class=\"read-more button\" href=\"https:\/\/xn--tuvozdiasporaespaola-k7b.com\/page\/2\/derechas-y-derechos-argentina-o-ecuador\/#more-4528\" aria-label=\"M\u00e1s en DERECHAS Y DERECHOS. Argentina o Ecuador.\">Leer m\u00e1s<\/a><\/p>\n","protected":false},"author":222560522,"featured_media":4534,"comment_status":"open","ping_status":"open","sticky":false,"template":"","format":"standard","meta":{"footnotes":""},"categories":[121850,1771],"tags":[],"class_list":["post-4528","post","type-post","status-publish","format-standard","has-post-thumbnail","hentry","category-politica","category-sociales","resize-featured-image"],"_links":{"self":[{"href":"https:\/\/xn--tuvozdiasporaespaola-k7b.com\/page\/2\/wp-json\/wp\/v2\/posts\/4528","targetHints":{"allow":["GET"]}}],"collection":[{"href":"https:\/\/xn--tuvozdiasporaespaola-k7b.com\/page\/2\/wp-json\/wp\/v2\/posts"}],"about":[{"href":"https:\/\/xn--tuvozdiasporaespaola-k7b.com\/page\/2\/wp-json\/wp\/v2\/types\/post"}],"author":[{"embeddable":true,"href":"https:\/\/xn--tuvozdiasporaespaola-k7b.com\/page\/2\/wp-json\/wp\/v2\/users\/222560522"}],"replies":[{"embeddable":true,"href":"https:\/\/xn--tuvozdiasporaespaola-k7b.com\/page\/2\/wp-json\/wp\/v2\/comments?post=4528"}],"version-history":[{"count":2,"href":"https:\/\/xn--tuvozdiasporaespaola-k7b.com\/page\/2\/wp-json\/wp\/v2\/posts\/4528\/revisions"}],"predecessor-version":[{"id":4535,"href":"https:\/\/xn--tuvozdiasporaespaola-k7b.com\/page\/2\/wp-json\/wp\/v2\/posts\/4528\/revisions\/4535"}],"wp:featuredmedia":[{"embeddable":true,"href":"https:\/\/xn--tuvozdiasporaespaola-k7b.com\/page\/2\/wp-json\/wp\/v2\/media\/4534"}],"wp:attachment":[{"href":"https:\/\/xn--tuvozdiasporaespaola-k7b.com\/page\/2\/wp-json\/wp\/v2\/media?parent=4528"}],"wp:term":[{"taxonomy":"category","embeddable":true,"href":"https:\/\/xn--tuvozdiasporaespaola-k7b.com\/page\/2\/wp-json\/wp\/v2\/categories?post=4528"},{"taxonomy":"post_tag","embeddable":true,"href":"https:\/\/xn--tuvozdiasporaespaola-k7b.com\/page\/2\/wp-json\/wp\/v2\/tags?post=4528"}],"curies":[{"name":"wp","href":"https:\/\/api.w.org\/{rel}","templated":true}]}}