{"id":4504,"date":"2023-11-30T13:49:17","date_gmt":"2023-11-30T16:49:17","guid":{"rendered":"https:\/\/xn--tuvozdiasporaespaola-k7b.com\/page\/2\/?p=4504"},"modified":"2023-11-30T13:49:17","modified_gmt":"2023-11-30T16:49:17","slug":"sumar-malos-tiempos-para-la-lirica-fraude-y-estafa","status":"publish","type":"post","link":"https:\/\/xn--tuvozdiasporaespaola-k7b.com\/page\/2\/sumar-malos-tiempos-para-la-lirica-fraude-y-estafa\/","title":{"rendered":"SUMAR: Malos tiempos para la L\u00edrica \u00bfFraude y Estafa?."},"content":{"rendered":"\n<p>Redacci\u00f3n,  Revista TU VOZ,  Argentina.<\/p>\n\n\n\n<p>En Espa\u00f1a, un grupo parlamentario es una uni\u00f3n de varios miembros de un parlamento pertenecientes a uno o varios partidos pol\u00edticos que, siguiendo las prescripciones del reglamento de la c\u00e1mara, se constituyen en una unidad pol\u00edtica con organizaci\u00f3n estable y disciplina de grupo. <\/p>\n\n\n\n<p>La figura del grupo parlamentario en Espa\u00f1a se presenta en multitud de instituciones p\u00fablicas, como el Congreso de los Diputados, el Senado y las asambleas auton\u00f3micas o locales.<\/p>\n\n\n\n<p>Siguiendo esta descripci\u00f3n nos encontramos con SUMAR coalici\u00f3n de partidos pol\u00edticos que se present\u00f3 a las elecciones generales encabezada por Yolanda Diaz autoproclamada l\u00edder por obra obra divina sin celebrar primarias.<\/p>\n\n\n\n<figure class=\"wp-block-gallery has-nested-images columns-default is-cropped wp-block-gallery-1 is-layout-flex wp-block-gallery-is-layout-flex\">\n<figure class=\"wp-block-image size-large\"><img fetchpriority=\"high\" decoding=\"async\" width=\"1004\" height=\"1024\" data-id=\"4507\" src=\"https:\/\/xn--tuvozdiasporaespaola-k7b.com\/wp-content\/uploads\/2023\/11\/Screenshot_20231129_013513_Gallery-1004x1024.jpg\" alt=\"\" class=\"wp-image-4507\" srcset=\"https:\/\/xn--tuvozdiasporaespaola-k7b.com\/wp-content\/uploads\/2023\/11\/Screenshot_20231129_013513_Gallery-1004x1024.jpg 1004w, https:\/\/xn--tuvozdiasporaespaola-k7b.com\/wp-content\/uploads\/2023\/11\/Screenshot_20231129_013513_Gallery-294x300.jpg 294w, https:\/\/xn--tuvozdiasporaespaola-k7b.com\/wp-content\/uploads\/2023\/11\/Screenshot_20231129_013513_Gallery-768x783.jpg 768w, https:\/\/xn--tuvozdiasporaespaola-k7b.com\/wp-content\/uploads\/2023\/11\/Screenshot_20231129_013513_Gallery.jpg 1080w\" sizes=\"(max-width: 1004px) 100vw, 1004px\" \/><\/figure>\n<\/figure>\n\n\n\n<p>Utilizando Sumar como su propio Cortijo lleg\u00f3 a definir  quien, como y donde en funci\u00f3n del nivel de sus aplaudidores y aquellos que acercar\u00e1n  en el cortometraje \u00abUnidos por un cargo\u00bb o  en la serie de \u00abComo hacer solitarios en un concierto de voces mudas o manipuladas\u00bb( quien se mueve no sale en la foto).<\/p>\n\n\n\n<p>Dejo a PODEMOS  sin representatividad en Portavoc\u00eda en el congreso lo que es lo mismo sin Voz , en  los ministerios tampoco dejo que Podemos tenga representatividad.<\/p>\n\n\n\n<p> Aunque parece ser Podemos se queda con  con la presidencia de la Comisi\u00f3n de Derechos Sociales y Consumo, que presidir\u00e1 Noem\u00ed Santana. (Democracia igualitaria). <\/p>\n\n\n\n<p>Pero  eso s\u00ed,  Podemos tiene derecho al 23% de los ingresos como coalici\u00f3n ( ya lo avis\u00f3 otra dem\u00f3crata influyente e inclusiva  como Ada Colau si protestan les dejo sin platica).<\/p>\n\n\n\n<p>En estos d\u00edas militantes de distintos partidos de Izquierda Unida o Podemos  estan recibiendo un correo para inscribirse en Sumar o mejor dicho confundirnos con la Coalici\u00f3n Sumar  y el Movimiento Sumar,  afirma tener 70000 militantes, y aparecen protestas y denuncias de fraude en las redes sociales  en las que personas denuncian haberse simplemente apuntado para apoderados o colaboradores voluntarios y ahora recibir correos consider\u00e1ndolos militantes y pidi\u00e9ndoles dinero,  dici\u00e9ndo que pueden  estar en dos partidos pero realmente la inscripci\u00f3n es en Movimiento Sumar osea un l\u00edo.<\/p>\n\n\n\n<p>Lo que es cierto que las elecciones del 23 J le sirvi\u00f3 a movimiento Sumar( Partido de creaci\u00f3n unipersonal de Yolanda )  para hacerse con una base de datos de forma fraudulenta  con nocturnidad y alevos\u00eda y encima les confunden para que colaboren econ\u00f3micamente mediante suscripci\u00f3n con SUMAR   \u00bfPero que Sumar?, \u00bfPartido o coalici\u00f3n? .<\/p>\n\n\n\n<figure class=\"wp-block-gallery has-nested-images columns-default is-cropped wp-block-gallery-2 is-layout-flex wp-block-gallery-is-layout-flex\">\n<figure class=\"wp-block-image size-large\"><img decoding=\"async\" width=\"563\" height=\"1024\" data-id=\"4506\" src=\"https:\/\/xn--tuvozdiasporaespaola-k7b.com\/wp-content\/uploads\/2023\/11\/Screenshot_20231129_001115_Chrome-563x1024.jpg\" alt=\"\" class=\"wp-image-4506\" srcset=\"https:\/\/xn--tuvozdiasporaespaola-k7b.com\/wp-content\/uploads\/2023\/11\/Screenshot_20231129_001115_Chrome-563x1024.jpg 563w, https:\/\/xn--tuvozdiasporaespaola-k7b.com\/wp-content\/uploads\/2023\/11\/Screenshot_20231129_001115_Chrome-165x300.jpg 165w, https:\/\/xn--tuvozdiasporaespaola-k7b.com\/wp-content\/uploads\/2023\/11\/Screenshot_20231129_001115_Chrome-768x1396.jpg 768w, https:\/\/xn--tuvozdiasporaespaola-k7b.com\/wp-content\/uploads\/2023\/11\/Screenshot_20231129_001115_Chrome-845x1536.jpg 845w, https:\/\/xn--tuvozdiasporaespaola-k7b.com\/wp-content\/uploads\/2023\/11\/Screenshot_20231129_001115_Chrome.jpg 1080w\" sizes=\"(max-width: 563px) 100vw, 563px\" \/><\/figure>\n<\/figure>\n\n\n\n<p>Ahora el colmo es  que exigen fidelidad y juramento  al movimiento, igual que los Se\u00f1ores Feudales del medievo a PODEMOS, pero nos desayunamos que tanto Comprom\u00eds como En Com\u00fan  en Catalunya,  declaran la independencia de tomar decisiones y avisan que en sus auton\u00f3micas van con sus siglas y ellos podran negociar los presupuestos con el PSOE al margen de SUMAR (mas bronca), \u00bfDejando al margen a Podemos e IU?  y no pasa nada.<\/p>\n\n\n\n<p>Pero para rizar el rizo en Pa\u00eds Vasco y Galicia lanzan su propia marca como partido Sumar para evitar a BNG o al propio EH-BILDU o dinamitar a la izquierda del PSOE y exigir a Podemos otra vez pleites\u00eda ante la ama y Se\u00f1ora Yolanda Diaz, mas una rendici\u00f3n incondicional. <\/p>\n\n\n\n<p>Malos tiempos para la L\u00edrica como dir\u00eda la canci\u00f3n,  es  tiempo de dar un paso al costado, marcar hoja de ruta propia y di\u00e1logos fruct\u00edferos para recuperar la entidad. Un Sumar que se nutre de ex de Podemos  que perdieron las primarias y nunca aceptaron este hecho o bien de protagonismo personales como Monica Garcia o un  \u00cd\u00f1igo Errej\u00f3n venido a menos o la contrapartida de Compromis y En Com\u00fan, que buscan sacar r\u00e9ditos estatales siendo funcionales a pol\u00edticas livianas de Izquierda mientras tienen un protagonismo que nunca tuvieron en otras legislaturas. ( Comprom\u00eds un diputado y ahora  con Sumar una  portavoc\u00eda y comisiones ; M\u00e1s Pa\u00eds dos diputados, ahora un ministerio y portavoc\u00eda ).<\/p>\n\n\n\n<figure class=\"wp-block-gallery has-nested-images columns-default is-cropped wp-block-gallery-3 is-layout-flex wp-block-gallery-is-layout-flex\">\n<figure class=\"wp-block-image size-large\"><img decoding=\"async\" width=\"1024\" height=\"870\" data-id=\"4508\" src=\"https:\/\/xn--tuvozdiasporaespaola-k7b.com\/wp-content\/uploads\/2023\/11\/Screenshot_20231129_015620_Chrome-1024x870.jpg\" alt=\"\" class=\"wp-image-4508\" srcset=\"https:\/\/xn--tuvozdiasporaespaola-k7b.com\/wp-content\/uploads\/2023\/11\/Screenshot_20231129_015620_Chrome-1024x870.jpg 1024w, https:\/\/xn--tuvozdiasporaespaola-k7b.com\/wp-content\/uploads\/2023\/11\/Screenshot_20231129_015620_Chrome-300x255.jpg 300w, https:\/\/xn--tuvozdiasporaespaola-k7b.com\/wp-content\/uploads\/2023\/11\/Screenshot_20231129_015620_Chrome-768x653.jpg 768w, https:\/\/xn--tuvozdiasporaespaola-k7b.com\/wp-content\/uploads\/2023\/11\/Screenshot_20231129_015620_Chrome.jpg 1080w\" sizes=\"(max-width: 1024px) 100vw, 1024px\" \/><\/figure>\n<\/figure>\n\n\n\n<p>Malos tiempos, pero muy buenos para los que buscan afianzamiento en un poder con pies de barro que basa su consistencia en la destrucci\u00f3n del otro( PODEMOS) .<\/p>\n\n\n\n<p>Elecciones Europeas, Vascas, Gallegas,Catalanas ser\u00e1n elecciones para recuperar la ilusi\u00f3n y dejar los protagonismos personales sin proyecto propio de partido, ya vimos el desprop\u00f3sito de Andaluc\u00eda donde se inici\u00f3 el asalto a los cielos y la humillaci\u00f3n a Podemos , se dej\u00f3 estar o pasar sin liderar iniciativas solo siendo funcionales y poco estrategas acompa\u00f1ando a Yolanda porque ese fue la decisi\u00f3n de Pablo Iglesias( hoy arrepentido).<\/p>\n\n\n\n<p>No la vieron venir a pesar de su historia de mala compa\u00f1era de viaje  y poco de fiar. Dejamos crecer al monstruo demasiado y entregamos  a nuestras y nuestros mejores guerreros ( Echeniqye,  Irene Montero,  Nacho Alvarez, Rafa Mayoral , etc\u2026) o poniendo a trabajar  a sus bases con la nariz tapada propiciando el desconcierto y incitando a discutir entre la militancia  todo un desconcierto en batalla de no saber quien es el enemigo. <\/p>\n\n\n\n<figure class=\"wp-block-gallery has-nested-images columns-default is-cropped wp-block-gallery-4 is-layout-flex wp-block-gallery-is-layout-flex\">\n<figure class=\"wp-block-image size-large\"><img loading=\"lazy\" decoding=\"async\" width=\"1024\" height=\"576\" data-id=\"4509\" src=\"https:\/\/xn--tuvozdiasporaespaola-k7b.com\/wp-content\/uploads\/2023\/11\/actualidad_192994355_28860798_1706x960-1024x576.jpg\" alt=\"\" class=\"wp-image-4509\" srcset=\"https:\/\/xn--tuvozdiasporaespaola-k7b.com\/wp-content\/uploads\/2023\/11\/actualidad_192994355_28860798_1706x960-1024x576.jpg 1024w, https:\/\/xn--tuvozdiasporaespaola-k7b.com\/wp-content\/uploads\/2023\/11\/actualidad_192994355_28860798_1706x960-300x169.jpg 300w, https:\/\/xn--tuvozdiasporaespaola-k7b.com\/wp-content\/uploads\/2023\/11\/actualidad_192994355_28860798_1706x960-768x432.jpg 768w, https:\/\/xn--tuvozdiasporaespaola-k7b.com\/wp-content\/uploads\/2023\/11\/actualidad_192994355_28860798_1706x960-1536x864.jpg 1536w, https:\/\/xn--tuvozdiasporaespaola-k7b.com\/wp-content\/uploads\/2023\/11\/actualidad_192994355_28860798_1706x960.jpg 1706w\" sizes=\"(max-width: 1024px) 100vw, 1024px\" \/><\/figure>\n<\/figure>\n\n\n\n<p>Batalla propiciada por una falta de estrategia brutal y definiciones confusas, que nos acerc\u00f3 a no definir donde parar o ver  los l\u00edmites,  solo por querer trabajar o colaborar en donde se les invito desde la direcci\u00f3n estatal de Podemos ( Un L\u00edo, un gran L\u00edo). <\/p>\n\n\n\n<p>El enemigo no es quien pensamos (el compa\u00f1ero que no entiende nada)  solo por tomar m\u00e1s implicaci\u00f3n o responsabilidades, cuyas definiciones  se las impusieron o se las mandaron, no se puede prescindir de nadie por pedir explicaciones para poder entender. <\/p>\n\n\n\n<p> Ahora no es el momento de purgas pol\u00edticas y Cosos en redes,  solo el  di\u00e1logo, Primarias, Asambleas Auton\u00f3micas inclusivas, una nueva Vistalegre pueda dar tranquilidad a las bases y ejecuten la hoja pol\u00edtica aprobada  por las baeses , ese es  y sera el camino.<\/p>\n\n\n\n<p>Sumar no da m\u00e1s,  proceso agotado que resto capacidad y dignific\u00f3 un fraude sabido a las bases de Podemos,  una fuerza pol\u00edtica la Podemita  que transform\u00f3 el bipartidismo en una Izquierda inclusiva y transformadora.<\/p>\n\n\n\n<p>\u00bfSe puede formar grupo propio  como PODEMOS ? pues bien , las condiciones para formar un grupo parlamentario est\u00e1n recogidas en el reglamento del Congreso de los Diputados y son las siguientes:Se requieren al menos 15 diputados o 10 senadores para formar grupo parlamentario.<\/p>\n\n\n\n<p>En caso de no alcanzar dicho m\u00ednimo, una formaci\u00f3n pol\u00edtica puede formar grupo parlamentario a partir de 5 diputados, siempre y cuando posea un 15 % de los votos correspondiente a las circunscripciones donde se haya presentado candidatura o un 5 % de los votos en el conjunto del Estado.<\/p>\n\n\n\n<figure class=\"wp-block-gallery has-nested-images columns-default is-cropped wp-block-gallery-5 is-layout-flex wp-block-gallery-is-layout-flex\">\n<figure class=\"wp-block-image size-large\"><img loading=\"lazy\" decoding=\"async\" width=\"1024\" height=\"394\" data-id=\"4510\" src=\"https:\/\/xn--tuvozdiasporaespaola-k7b.com\/wp-content\/uploads\/2023\/11\/Screenshot_20231129_095917_Telegram-1024x394.jpg\" alt=\"\" class=\"wp-image-4510\" srcset=\"https:\/\/xn--tuvozdiasporaespaola-k7b.com\/wp-content\/uploads\/2023\/11\/Screenshot_20231129_095917_Telegram-1024x394.jpg 1024w, https:\/\/xn--tuvozdiasporaespaola-k7b.com\/wp-content\/uploads\/2023\/11\/Screenshot_20231129_095917_Telegram-300x116.jpg 300w, https:\/\/xn--tuvozdiasporaespaola-k7b.com\/wp-content\/uploads\/2023\/11\/Screenshot_20231129_095917_Telegram-768x296.jpg 768w, https:\/\/xn--tuvozdiasporaespaola-k7b.com\/wp-content\/uploads\/2023\/11\/Screenshot_20231129_095917_Telegram.jpg 1080w\" sizes=\"(max-width: 1024px) 100vw, 1024px\" \/><\/figure>\n<\/figure>\n\n\n\n<p>Las formaciones pol\u00edticas que no cumplan estas condiciones pasan a formar parte del grupo mixto.Sin embargo, en varias ocasiones distintas formaciones pol\u00edticas minoritarias han conseguido un grupo parlamentario sin cumplir estrictamente los requisitos (de votos o esca\u00f1os), gracias a la figura del \u00abdiputado prestado\u00bb. Esta consiste en que un partido presta a otro los diputades de una candidatura (y, por tanto; tambi\u00e9n los votos asociados a ella como ha ocurrido en est legislatura con ERC, Junt o PNV con esa cedion del PSOE), en el momento de la constituci\u00f3n del grupo, de forma que en conjunto alcancen los requisitos. <\/p>\n\n\n\n<p>Despu\u00e9s, los diputados prestados regresar\u00e1n al grupo parlamentario de su formaci\u00f3n original sin perjuicio para el nuevo grupo de la formaci\u00f3n minoritaria, siempre y cuando su n\u00famero de diputados no se reduzca por debajo de la mitad del inicial, lo que significar\u00eda la disoluci\u00f3n del grupo de acuerdo con el reglamento del Congreso.<\/p>\n\n\n\n<figure class=\"wp-block-gallery has-nested-images columns-default is-cropped wp-block-gallery-6 is-layout-flex wp-block-gallery-is-layout-flex\">\n<figure class=\"wp-block-image size-large\"><img loading=\"lazy\" decoding=\"async\" width=\"764\" height=\"1024\" data-id=\"4512\" src=\"https:\/\/xn--tuvozdiasporaespaola-k7b.com\/wp-content\/uploads\/2023\/11\/IMG_20231129_100018_376-764x1024.jpg\" alt=\"\" class=\"wp-image-4512\" srcset=\"https:\/\/xn--tuvozdiasporaespaola-k7b.com\/wp-content\/uploads\/2023\/11\/IMG_20231129_100018_376-764x1024.jpg 764w, https:\/\/xn--tuvozdiasporaespaola-k7b.com\/wp-content\/uploads\/2023\/11\/IMG_20231129_100018_376-224x300.jpg 224w, https:\/\/xn--tuvozdiasporaespaola-k7b.com\/wp-content\/uploads\/2023\/11\/IMG_20231129_100018_376-768x1029.jpg 768w, https:\/\/xn--tuvozdiasporaespaola-k7b.com\/wp-content\/uploads\/2023\/11\/IMG_20231129_100018_376.jpg 955w\" sizes=\"(max-width: 764px) 100vw, 764px\" \/><figcaption class=\"wp-element-caption\">\u00bfEsta Sumar  con los y las trabajadoras? Ya lo intento Jose Mar\u00eda Aznar del PP<\/figcaption><\/figure>\n<\/figure>\n\n\n\n<p>Ha sucedido as\u00ed, por ejemplo; con Coalici\u00f3n Canaria en el a\u00f1o 2004, que aunque superaba el requisito del porcentaje de votos en las circunscripciones en las que se present\u00f3, no obtuvo los 5 esca\u00f1os necesarios sino 3. <\/p>\n\n\n\n<p>El PSOE prest\u00f3 sus dos diputados por Toledo a la formaci\u00f3n, de forma que en el momento de su creaci\u00f3n el grupo cumpl\u00eda los requisitos. M\u00e1s tarde, sus diputados regresaron al grupo parlamentario socialista.<\/p>\n\n\n\n<p>En el caso de PODEMOS esto ser\u00eda muy dif\u00edcil ya que fue dentro de SUMAR y no como fuerza independiente.<\/p>\n\n\n\n<p>Los grupos parlamentarios del Congreso reciben una subvenci\u00f3n fija mensual de 30.346,72 euros y otra que var\u00eda en funci\u00f3n del n\u00famero de diputados que lo conforman y para la que se aplica un ratio de 1.746,16 euros al mes por parlamentario.<\/p>\n\n\n\n<p>Obviamente, tener grupo propio permite a una formaci\u00f3n pol\u00edtica disponer de esas subvenciones \u00edntegramente, mientras que, estando en el Grupo Mixto, se han de repartir las cuant\u00edas con el resto de componentes, salvo las que corresponden por esca\u00f1o. Lo mismo ocurre con los asistentes que facilita la C\u00e1mara.<\/p>\n\n\n\n<p>En el caso de PODEMOS , le corresponde 8.730 euros al mes por sus cinco diputados y, al tener grupo propio a los cuales  sumar\u00eda \u00edntegros los 30.346,72  euros mensuales del grupo, mientras que en el Mixto deber\u00eda repartir esta cantidad con otras formaciones. <\/p>\n\n\n\n<p>Con lo que la cantidad a recibir es de 468.912 euros anuales.Poseer grupo propio permite, adem\u00e1s, que uno de sus diputados pueda tener acceso a informaci\u00f3n clasificada y secretos oficiales, a controlar la actividad del CNI y a recibir informaci\u00f3n sobre el uso de los gastos reservados que maneja el Ejecutivo.<\/p>\n\n\n\n<p>En el plano econ\u00f3mico, adem\u00e1s de la asignaci\u00f3n mensual, funcionar como grupo parlamentario comporta otra ventaja econ\u00f3mica futura, puesto que s\u00f3lo los partidos  con grupo tiene derecho al env\u00edo gratuito de propaganda electoral en las elecciones generales.<\/p>\n\n\n\n<p>En concreto, los partidos que logren formar grupo parlamentario propio recibir\u00e1n del Estado 22 c\u00e9ntimos por cada elector de cada circunscripci\u00f3n en las que se haya presentado lista al Congreso y al Senado, en concepto de subvenci\u00f3n por el env\u00edo gratuito de propaganda electoral (mailing).<\/p>\n\n\n\n<figure class=\"wp-block-embed is-type-video is-provider-youtube wp-block-embed-youtube wp-embed-aspect-16-9 wp-has-aspect-ratio\"><div class=\"wp-block-embed__wrapper\">\n<iframe title=\"\u00bfDe qui\u00e9n habla Pablo Iglesias cuando acusa a Yolanda D\u00edaz de aliarse con mafiosos?\" width=\"1110\" height=\"624\" src=\"https:\/\/www.youtube.com\/embed\/yzFVwvzMFI0?feature=oembed\" frameborder=\"0\" allow=\"accelerometer; autoplay; clipboard-write; encrypted-media; gyroscope; picture-in-picture; web-share\" allowfullscreen><\/iframe>\n<\/div><figcaption class=\"wp-element-caption\">Pablo Iglesias,  reconoce que we equivoco con Yolanda D\u00edaz.<\/figcaption><\/figure>\n\n\n\n<p>Estas subvenciones son independientes de las que el Estado otorga, en un pago \u00fanico, a los formaciones pol\u00edticas que obtienen en unas elecciones generales. En concreto, se abonar\u00e1 21.633,33 euros cada esca\u00f1o del Congreso y del Senado, m\u00e1s 83 c\u00e9ntimos por voto a la C\u00e1mara Baja y 33 al Senado siempre que esos sufragios se traduzcan en esca\u00f1os.<\/p>\n\n\n\n<p>Tener grupo propio supone tambi\u00e9n grandes ventajas pol\u00edticas.  As\u00ed, la formaci\u00f3n que cuenta con \u00e9l tiene garantizado al menos un representante en todas las comisiones parlamentarias, y en la Diputaci\u00f3n Permanente, as\u00ed como voz propia en la Junta de Portavoces y capacidad para intervenir en todos los debates en igualdad de condiciones, mientras que dentro del Grupo Mixto hay que repartirse tiempos de intervenci\u00f3n y asientos en las comisiones.<\/p>\n\n\n\n<p>En las sesiones de control, tener grupo propio posibilita entrar en los cupos de preguntas e interpelaciones al Gobierno, as\u00ed como ventajas a la hora de incluir sus proposiciones no de ley en los plenos, pero en el Grupo Mixto todo ese &#8216;pedazo de tarta&#8217; debe distribuirse a partes iguales para todos, m\u00e1s un plus en funci\u00f3n del n\u00famero de diputados.<\/p>\n\n\n\n<p>Esta subvenci\u00f3n es gestionada por el grupo.Actualmente el grupo Mixto lo conforman BNG y Coalici\u00f3n Canaria. <\/p>\n\n\n\n<p>Tal vez una decisi\u00f3n  de Podemos de independizarse y al ser sus cinco diputados esenciales podr\u00edan redefinir normativas y obligar al PSOE a cambiar los h\u00e1bitos o normas de exclusi\u00f3n sistem\u00e1tica o formato de composici\u00f3n de grupos parlamentarios.<\/p>\n\n\n\n<p>En fin los grupos parlamentarios pueden presentar enmiendas a las proposiciones de ley, que son presentadas por el Gobierno. Estas enmiendas pueden ser a la totalidad del proyecto, o al articulado, es decir, a partes concretas del proyecto de ley.<\/p>\n\n\n\n<figure class=\"wp-block-gallery has-nested-images columns-default is-cropped wp-block-gallery-7 is-layout-flex wp-block-gallery-is-layout-flex\">\n<figure class=\"wp-block-image size-large\"><img loading=\"lazy\" decoding=\"async\" width=\"693\" height=\"1024\" data-id=\"4511\" src=\"https:\/\/xn--tuvozdiasporaespaola-k7b.com\/wp-content\/uploads\/2023\/11\/Screenshot_20231129_015446_Chrome-693x1024.jpg\" alt=\"\" class=\"wp-image-4511\" srcset=\"https:\/\/xn--tuvozdiasporaespaola-k7b.com\/wp-content\/uploads\/2023\/11\/Screenshot_20231129_015446_Chrome-693x1024.jpg 693w, https:\/\/xn--tuvozdiasporaespaola-k7b.com\/wp-content\/uploads\/2023\/11\/Screenshot_20231129_015446_Chrome-203x300.jpg 203w, https:\/\/xn--tuvozdiasporaespaola-k7b.com\/wp-content\/uploads\/2023\/11\/Screenshot_20231129_015446_Chrome-768x1134.jpg 768w, https:\/\/xn--tuvozdiasporaespaola-k7b.com\/wp-content\/uploads\/2023\/11\/Screenshot_20231129_015446_Chrome-1040x1536.jpg 1040w, https:\/\/xn--tuvozdiasporaespaola-k7b.com\/wp-content\/uploads\/2023\/11\/Screenshot_20231129_015446_Chrome.jpg 1074w\" sizes=\"(max-width: 693px) 100vw, 693px\" \/><\/figure>\n<\/figure>\n\n\n\n<p>Definen las pol\u00edticas parlamentarias del partido al que representan.Controlan al Gobierno y ejercen la iniciativa legislativa.<\/p>\n\n\n\n<p>Nuevos tiempos para la l\u00edrica nos trae la pol\u00edtica espa\u00f1ola, tras el fraude electoral de Sumar y la estafa al elector al significar restar, grietas y no concordia,  toda una apuesta a la autodestrucci\u00f3n de la Izquierda transformadora siendo funcional a las clases pudientes  y a un PSOE necesitado de no sobresaltos. <\/p>\n\n\n\n<p><\/p>\n","protected":false},"excerpt":{"rendered":"<p>Redacci\u00f3n, Revista TU VOZ, Argentina. En Espa\u00f1a, un grupo parlamentario es una uni\u00f3n de varios miembros de un parlamento pertenecientes a uno o varios &#8230; <\/p>\n<p class=\"read-more-container\"><a title=\"SUMAR: Malos tiempos para la L\u00edrica \u00bfFraude y Estafa?.\" class=\"read-more button\" href=\"https:\/\/xn--tuvozdiasporaespaola-k7b.com\/page\/2\/sumar-malos-tiempos-para-la-lirica-fraude-y-estafa\/#more-4504\" aria-label=\"M\u00e1s en SUMAR: Malos tiempos para la L\u00edrica \u00bfFraude y Estafa?.\">Leer m\u00e1s<\/a><\/p>\n","protected":false},"author":222560522,"featured_media":4526,"comment_status":"open","ping_status":"open","sticky":false,"template":"","format":"standard","meta":{"footnotes":""},"categories":[121850],"tags":[],"class_list":["post-4504","post","type-post","status-publish","format-standard","has-post-thumbnail","hentry","category-politica","resize-featured-image"],"_links":{"self":[{"href":"https:\/\/xn--tuvozdiasporaespaola-k7b.com\/page\/2\/wp-json\/wp\/v2\/posts\/4504","targetHints":{"allow":["GET"]}}],"collection":[{"href":"https:\/\/xn--tuvozdiasporaespaola-k7b.com\/page\/2\/wp-json\/wp\/v2\/posts"}],"about":[{"href":"https:\/\/xn--tuvozdiasporaespaola-k7b.com\/page\/2\/wp-json\/wp\/v2\/types\/post"}],"author":[{"embeddable":true,"href":"https:\/\/xn--tuvozdiasporaespaola-k7b.com\/page\/2\/wp-json\/wp\/v2\/users\/222560522"}],"replies":[{"embeddable":true,"href":"https:\/\/xn--tuvozdiasporaespaola-k7b.com\/page\/2\/wp-json\/wp\/v2\/comments?post=4504"}],"version-history":[{"count":2,"href":"https:\/\/xn--tuvozdiasporaespaola-k7b.com\/page\/2\/wp-json\/wp\/v2\/posts\/4504\/revisions"}],"predecessor-version":[{"id":4527,"href":"https:\/\/xn--tuvozdiasporaespaola-k7b.com\/page\/2\/wp-json\/wp\/v2\/posts\/4504\/revisions\/4527"}],"wp:featuredmedia":[{"embeddable":true,"href":"https:\/\/xn--tuvozdiasporaespaola-k7b.com\/page\/2\/wp-json\/wp\/v2\/media\/4526"}],"wp:attachment":[{"href":"https:\/\/xn--tuvozdiasporaespaola-k7b.com\/page\/2\/wp-json\/wp\/v2\/media?parent=4504"}],"wp:term":[{"taxonomy":"category","embeddable":true,"href":"https:\/\/xn--tuvozdiasporaespaola-k7b.com\/page\/2\/wp-json\/wp\/v2\/categories?post=4504"},{"taxonomy":"post_tag","embeddable":true,"href":"https:\/\/xn--tuvozdiasporaespaola-k7b.com\/page\/2\/wp-json\/wp\/v2\/tags?post=4504"}],"curies":[{"name":"wp","href":"https:\/\/api.w.org\/{rel}","templated":true}]}}