{"id":4499,"date":"2023-11-28T15:54:43","date_gmt":"2023-11-28T18:54:43","guid":{"rendered":"https:\/\/xn--tuvozdiasporaespaola-k7b.com\/page\/2\/?p=4499"},"modified":"2023-11-28T15:54:44","modified_gmt":"2023-11-28T18:54:44","slug":"unicef-el-dolor-y-la-tristeza-se-han-arraigado-en-gaza","status":"publish","type":"post","link":"https:\/\/xn--tuvozdiasporaespaola-k7b.com\/page\/2\/unicef-el-dolor-y-la-tristeza-se-han-arraigado-en-gaza\/","title":{"rendered":"Unicef: \u00abEl dolor y la tristeza se han arraigado en Gaza\u00bb"},"content":{"rendered":"\n<p>Por   Jaime Rodrigo, Uruguay,   Redacci\u00f3n Revista TU VOZ <\/p>\n\n\n\n<p>El portavoz del Fondo de las Naciones Unidas para la Infancia (Unicef), James Elder, describi\u00f3 este lunes las dif\u00edciles condiciones que atraviesan los ni\u00f1os y sus familias en la Franja de Gaza, luego de realizar una visita al enclave palestino durante la tregua humanitaria acordada el pasado viernes entre Israel y Ham\u00e1s.<\/p>\n\n\n\n<p>\u00ab\u00bbLos perros se comen los cad\u00e1veres\u00bb: alertan que Gaza est\u00e1 \u00abal borde de una cat\u00e1strofe m\u00e9dica\u00bb\u00bbLa situaci\u00f3n sobre el terreno parece desesperada\u00bb, indic\u00f3 Elder, quien detall\u00f3 que pudo apreciar escombros en el suelo, veh\u00edculos destruidos y gente tratando de huir de sus hogares. Asimismo, precis\u00f3 que, al observar la \u00abexpresi\u00f3n de los rostros de las personas\u00bb, as\u00ed como su \u00abtrauma\u00bb y \u00abestr\u00e9s\u00bb, logr\u00f3 percibir que \u00abel dolor y la tristeza se han arraigado en Gaza\u00bb.\u00bbEs una zona de guerra\u00bb<\/p>\n\n\n\n<figure class=\"wp-block-pullquote\"><blockquote><p>Las \u00absalas de urgencia [est\u00e1n] abarrotadas de ni\u00f1os y ni\u00f1as con heridas de metralla\u00bb y \u00abquemaduras\u00bb, a las que calific\u00f3 de \u00abhorrendas\u00bb.Unicef: \u00abEl dolor y la tristeza se han arraigado en Gaza\u00bb<\/p><cite>UNICEF <\/cite><\/blockquote><\/figure>\n\n\n\n<p>Por otro lado, el funcionario del organismo internacional manifest\u00f3 que los \u00abhospitales est\u00e1n llenos\u00bb y que las \u00absalas de urgencia [est\u00e1n] abarrotadas de ni\u00f1os y ni\u00f1as con heridas de metralla\u00bb y \u00abquemaduras\u00bb, a las que calific\u00f3 de \u00abhorrendas\u00bb.<\/p>\n\n\n\n<figure class=\"wp-block-pullquote\"><blockquote><p>Los perros se comen los cad\u00e1veres\u00bb: alertan que Gaza est\u00e1 \u00abal borde de una cat\u00e1strofe m\u00e9dica\u00bb<\/p><cite>James Elder.<\/cite><\/blockquote><\/figure>\n\n\n\n<p>\u00abEs una zona de guerra. Hay ni\u00f1os en aparcamientos y jardines, en camas por todas partes\u00bb, asever\u00f3 Elder, recalcando que se han contabilizado \u00abcientos de miles\u00bb de infantes que no asisten a la escuela. <\/p>\n\n\n\n<p>Tambi\u00e9n mencion\u00f3 que algunos est\u00e1n \u00abhacinados\u00bb en los campos de refugiados, sufriendo la falta de v\u00edveres y \u00abpasando fr\u00edo\u00bb, afirmando que corren el riesgo de contraer enfermedades por la precaria situaci\u00f3n en la que se encuentran.\u00bbEsta pausa humanitaria tiene que convertirse, con toda tranquilidad, en un alto el fuego humanitario y luego en una paz duradera\u00bb, se\u00f1al\u00f3 el vocero de Unicef, destacando que, hasta el momento, m\u00e1s de 6.000 ni\u00f1os han perdido la vida. <\/p>\n\n\n\n<figure class=\"wp-block-gallery has-nested-images columns-default is-cropped wp-block-gallery-1 is-layout-flex wp-block-gallery-is-layout-flex\">\n<figure class=\"wp-block-image size-large\"><img fetchpriority=\"high\" decoding=\"async\" width=\"590\" height=\"1024\" data-id=\"4500\" src=\"https:\/\/xn--tuvozdiasporaespaola-k7b.com\/wp-content\/uploads\/2023\/11\/Screenshot_20231128_153408_WhatsApp-590x1024.jpg\" alt=\"\" class=\"wp-image-4500\" srcset=\"https:\/\/xn--tuvozdiasporaespaola-k7b.com\/wp-content\/uploads\/2023\/11\/Screenshot_20231128_153408_WhatsApp-590x1024.jpg 590w, https:\/\/xn--tuvozdiasporaespaola-k7b.com\/wp-content\/uploads\/2023\/11\/Screenshot_20231128_153408_WhatsApp-173x300.jpg 173w, https:\/\/xn--tuvozdiasporaespaola-k7b.com\/wp-content\/uploads\/2023\/11\/Screenshot_20231128_153408_WhatsApp-768x1333.jpg 768w, https:\/\/xn--tuvozdiasporaespaola-k7b.com\/wp-content\/uploads\/2023\/11\/Screenshot_20231128_153408_WhatsApp-885x1536.jpg 885w, https:\/\/xn--tuvozdiasporaespaola-k7b.com\/wp-content\/uploads\/2023\/11\/Screenshot_20231128_153408_WhatsApp.jpg 1080w\" sizes=\"(max-width: 590px) 100vw, 590px\" \/><figcaption class=\"wp-element-caption\">\u00abLas piedras eran demasiado pesadas para m\u00ed, solo podia gritar.\u00bb<br>La ni\u00f1a palestina herida, Marah Saad, de 13 a\u00f1os, revive los momentos en los que estuvo enterrada viva debajo de los escombros de su propia casa, despu\u00e9s de ser bombardeada por los aviones israel\u00edes hace unos dias.<\/figcaption><\/figure>\n<\/figure>\n\n\n\n<p>\u00abEsto tiene que parar. Muchos ni\u00f1os han perdido a sus padres; Muchos padres han perdido a sus hijos\u00bb, precis\u00f3.James Elder exigi\u00f3 que los ataques de las Fuerza de Defensa de Israel (FDI) deben cesar, puesto que \u00abest\u00e1n destruyendo las plantas desalinizadoras\u00bb utilizadas para el tratamiento de las aguas residuales. <\/p>\n\n\n\n<p>Adem\u00e1s, reiter\u00f3 que se necesita \u00abmaquinaria\u00bb para repararlas, as\u00ed como combustible para que operen.Por su parte, el portavoz de la Agencia de Naciones Unidas para los Refugiados de Palestina en Oriente Pr\u00f3ximo (UNRWA, por sus siglas en ingl\u00e9s), Mohamed Adnan Abu Hasna, confirm\u00f3 este martes que \u00abalgunas plantas desalinizadoras de agua recibieron combustible\u00bb.<\/p>\n\n\n\n<p>No obstante, insisti\u00f3 que \u00abse necesitan al menos 200 camiones diariamente para proporcionar suministros b\u00e1sicos de vida a la poblaci\u00f3n de Gaza. Los que han huido tienen mala salud y hay informes de brotes de enfermedades en los refugios\u00bb, concluy\u00f3.<\/p>\n\n\n\n<p>Aparte de todo esto Euro Med  Derechos Humanos ha denunciado que el  ej\u00e9rcito israel\u00ed ha estado reteniendo los cuerpos de decenas de palestinos asesinados durante su genocidio en la Franja de Gaza que se increment\u00f3 el 7 de octubre por tal motivo el Monitor Euro-Med de Derechos Humanos ha pedido en Ginebra la creaci\u00f3n de un comit\u00e9 internacional independiente de investigaci\u00f3n sobre sospechas de robo de \u00f3rganos.<\/p>\n\n\n\n<p>Euro-Med Monitor ha documentado la confiscaci\u00f3n por parte del ej\u00e9rcito israel\u00ed de decenas de cad\u00e1veres del complejo m\u00e9dico Al-Shifa y del hospital indonesio en el norte de la Franja de Gaza, y otros de las proximidades del llamado \u201ccorredor seguro\u201d (Salah al-Din Road) designada para personas desplazadas que se dirigen a las partes central y sur de la Franja.<\/p>\n\n\n\n<figure class=\"wp-block-embed is-type-rich is-provider-twitter wp-block-embed-twitter\"><div class=\"wp-block-embed__wrapper\">\n<blockquote class=\"twitter-tweet\" data-width=\"550\" data-dnt=\"true\"><p lang=\"es\" dir=\"ltr\"><a href=\"https:\/\/twitter.com\/hashtag\/ElMundo?src=hash&amp;ref_src=twsrc%5Etfw\">#ElMundo<\/a> l Una oeneg\u00e9 alerta de &quot;sospechas de robo de \u00f3rganos&quot; por parte del Ej\u00e9rcito israel\u00ed <a href=\"https:\/\/t.co\/pYQZw2q3no\">https:\/\/t.co\/pYQZw2q3no<\/a> <a href=\"https:\/\/t.co\/tzlzERQ7Hg\">pic.twitter.com\/tzlzERQ7Hg<\/a><\/p>&mdash; Diario El Mundo (@ElMundoSV) <a href=\"https:\/\/twitter.com\/ElMundoSV\/status\/1729315421231431907?ref_src=twsrc%5Etfw\">November 28, 2023<\/a><\/blockquote><script async src=\"https:\/\/platform.twitter.com\/widgets.js\" charset=\"utf-8\"><\/script>\n<\/div><\/figure>\n\n\n\n<p>Euro-Med Monitor plante\u00f3 preocupaciones sobre el robo de \u00f3rganos de los cad\u00e1veres, que cit\u00f3 informes de profesionales m\u00e9dicos en Gaza que examinaron r\u00e1pidamente algunos cuerpos despu\u00e9s de su liberaci\u00f3n. Estos profesionales m\u00e9dicos encontraron evidencia de robo de \u00f3rganos, incluida la falta de c\u00f3cleas y c\u00f3rneas, as\u00ed como de otros \u00f3rganos vitales como h\u00edgados, ri\u00f1ones y corazones.<\/p>\n\n\n\n<p>En los \u00faltimos a\u00f1os ha habido informes sobre el uso ilegal de cad\u00e1veres palestinos en poder de Israel, incluido el robo de \u00f3rganos y su uso en los laboratorios de las facultades de medicina de las universidades israel\u00edes.<\/p>\n\n\n\n<p>La doctora israel\u00ed Meira Weiss revel\u00f3 en su libro Over Their Dead Bodies  que \u00f3rganos extra\u00eddos de palestinos muertos fueron utilizados en investigaciones m\u00e9dicas en las facultades de medicina de las universidades israel\u00edes y fueron trasplantados a cuerpos de pacientes jud\u00edos-israel\u00edes. <\/p>\n\n\n\n<figure class=\"wp-block-gallery has-nested-images columns-default is-cropped wp-block-gallery-2 is-layout-flex wp-block-gallery-is-layout-flex\">\n<figure class=\"wp-block-image size-large\"><img decoding=\"async\" width=\"538\" height=\"1024\" data-id=\"4501\" src=\"https:\/\/xn--tuvozdiasporaespaola-k7b.com\/wp-content\/uploads\/2023\/11\/Screenshot_20231128_154446_Chrome-538x1024.jpg\" alt=\"\" class=\"wp-image-4501\" srcset=\"https:\/\/xn--tuvozdiasporaespaola-k7b.com\/wp-content\/uploads\/2023\/11\/Screenshot_20231128_154446_Chrome-538x1024.jpg 538w, https:\/\/xn--tuvozdiasporaespaola-k7b.com\/wp-content\/uploads\/2023\/11\/Screenshot_20231128_154446_Chrome-158x300.jpg 158w, https:\/\/xn--tuvozdiasporaespaola-k7b.com\/wp-content\/uploads\/2023\/11\/Screenshot_20231128_154446_Chrome-768x1463.jpg 768w, https:\/\/xn--tuvozdiasporaespaola-k7b.com\/wp-content\/uploads\/2023\/11\/Screenshot_20231128_154446_Chrome-806x1536.jpg 806w, https:\/\/xn--tuvozdiasporaespaola-k7b.com\/wp-content\/uploads\/2023\/11\/Screenshot_20231128_154446_Chrome-1075x2048.jpg 1075w, https:\/\/xn--tuvozdiasporaespaola-k7b.com\/wp-content\/uploads\/2023\/11\/Screenshot_20231128_154446_Chrome.jpg 1080w\" sizes=\"(max-width: 538px) 100vw, 538px\" \/><\/figure>\n<\/figure>\n\n\n\n<p>A\u00fan m\u00e1s preocupantes son las confesiones hechas por Yehuda Hess, ex director del Instituto Abu Kabir de Medicina Forense de Israel, sobre el robo de tejidos humanos, \u00f3rganos y piel de palestinos muertos durante un per\u00edodo de tiempo sin el conocimiento o aprobaci\u00f3n de sus familiares.Se cree que Israel es el mayor centro del comercio mundial ilegal de \u00f3rganos humanos, seg\u00fan una investigaci\u00f3n realizada en 2008 por la cadena estadounidense CNN, que tambi\u00e9n revel\u00f3 que Israel particip\u00f3 en el robo de \u00f3rganos de palestinos muertos para uso ilegal.<\/p>\n\n\n\n<p>Euro-Med Monitor confirm\u00f3 que Israel es el \u00fanico pa\u00eds que retiene sistem\u00e1ticamente los cad\u00e1veres de quienes mata, y est\u00e1 clasificado como uno de los mayores centros del mundo para el comercio ilegal de \u00f3rganos humanos con el pretexto de \u00abdisuasi\u00f3n por seguridad\u00bb y en total violaci\u00f3n de cartas y acuerdos internacionales.<\/p>\n\n\n\n<p>Fuentes,RT y  Agencias.<\/p>\n","protected":false},"excerpt":{"rendered":"<p>Por Jaime Rodrigo, Uruguay, Redacci\u00f3n Revista TU VOZ El portavoz del Fondo de las Naciones Unidas para la Infancia (Unicef), James Elder, describi\u00f3 este &#8230; <\/p>\n<p class=\"read-more-container\"><a title=\"Unicef: \u00abEl dolor y la tristeza se han arraigado en Gaza\u00bb\" class=\"read-more button\" href=\"https:\/\/xn--tuvozdiasporaespaola-k7b.com\/page\/2\/unicef-el-dolor-y-la-tristeza-se-han-arraigado-en-gaza\/#more-4499\" aria-label=\"M\u00e1s en Unicef: \u00abEl dolor y la tristeza se han arraigado en Gaza\u00bb\">Leer m\u00e1s<\/a><\/p>\n","protected":false},"author":222560522,"featured_media":4502,"comment_status":"open","ping_status":"open","sticky":false,"template":"","format":"standard","meta":{"footnotes":""},"categories":[121869],"tags":[],"class_list":["post-4499","post","type-post","status-publish","format-standard","has-post-thumbnail","hentry","category-internaciones","resize-featured-image"],"_links":{"self":[{"href":"https:\/\/xn--tuvozdiasporaespaola-k7b.com\/page\/2\/wp-json\/wp\/v2\/posts\/4499","targetHints":{"allow":["GET"]}}],"collection":[{"href":"https:\/\/xn--tuvozdiasporaespaola-k7b.com\/page\/2\/wp-json\/wp\/v2\/posts"}],"about":[{"href":"https:\/\/xn--tuvozdiasporaespaola-k7b.com\/page\/2\/wp-json\/wp\/v2\/types\/post"}],"author":[{"embeddable":true,"href":"https:\/\/xn--tuvozdiasporaespaola-k7b.com\/page\/2\/wp-json\/wp\/v2\/users\/222560522"}],"replies":[{"embeddable":true,"href":"https:\/\/xn--tuvozdiasporaespaola-k7b.com\/page\/2\/wp-json\/wp\/v2\/comments?post=4499"}],"version-history":[{"count":1,"href":"https:\/\/xn--tuvozdiasporaespaola-k7b.com\/page\/2\/wp-json\/wp\/v2\/posts\/4499\/revisions"}],"predecessor-version":[{"id":4503,"href":"https:\/\/xn--tuvozdiasporaespaola-k7b.com\/page\/2\/wp-json\/wp\/v2\/posts\/4499\/revisions\/4503"}],"wp:featuredmedia":[{"embeddable":true,"href":"https:\/\/xn--tuvozdiasporaespaola-k7b.com\/page\/2\/wp-json\/wp\/v2\/media\/4502"}],"wp:attachment":[{"href":"https:\/\/xn--tuvozdiasporaespaola-k7b.com\/page\/2\/wp-json\/wp\/v2\/media?parent=4499"}],"wp:term":[{"taxonomy":"category","embeddable":true,"href":"https:\/\/xn--tuvozdiasporaespaola-k7b.com\/page\/2\/wp-json\/wp\/v2\/categories?post=4499"},{"taxonomy":"post_tag","embeddable":true,"href":"https:\/\/xn--tuvozdiasporaespaola-k7b.com\/page\/2\/wp-json\/wp\/v2\/tags?post=4499"}],"curies":[{"name":"wp","href":"https:\/\/api.w.org\/{rel}","templated":true}]}}