{"id":4487,"date":"2023-11-24T21:24:17","date_gmt":"2023-11-25T00:24:17","guid":{"rendered":"https:\/\/xn--tuvozdiasporaespaola-k7b.com\/page\/2\/?p=4487"},"modified":"2023-11-24T23:04:06","modified_gmt":"2023-11-25T02:04:06","slug":"ione-belarra-sobre-la-salida-del-gobierno-y-la-autonomia-politica-de-podemos","status":"publish","type":"post","link":"https:\/\/xn--tuvozdiasporaespaola-k7b.com\/page\/2\/ione-belarra-sobre-la-salida-del-gobierno-y-la-autonomia-politica-de-podemos\/","title":{"rendered":"Ione Belarra sobre la salida del gobierno y la autonom\u00eda pol\u00edtica de Podemos"},"content":{"rendered":"\n<p>Ione Belarra,  Secretar\u00eda General de Podemos y Diputada en el Congreso se ha dirigido a la militancia de Podemos con una carta que transcribimos a continacion:<\/p>\n\n\n\n<p>\u00ab<em>Querida inscrita, querido inscrito, queride inscrite: Durante las \u00faltimas semanas hemos visto como se ha materializado todo lo que se ven\u00eda dando estos \u00faltimos a\u00f1os y que demuestra que el Partido Socialista no quer\u00eda gobernar con Podemos porque pensaba que la gente como nosotras no pod\u00eda formar parte de un Gobierno.<\/em><\/p>\n\n\n\n<p><em> Hace casi cuatro a\u00f1os conseguimos formar parte del primer Gobierno de Coalici\u00f3n de la democracia reciente, a pesar de que Pedro S\u00e1nchez dijo que no dormir\u00eda tranquilo con ministras y ministros de Podemos.<\/em><\/p>\n\n\n\n<p><em>Ahora, el PSOE, con la mediaci\u00f3n de Yolanda D\u00edaz, ha conseguido su objetivo de excluir a Podemos del Ejecutivo e ir a una investidura sin acuerdo program\u00e1tico con nosotras. Consideramos que esta situaci\u00f3n es consecuencia de que a lo largo de estos a\u00f1os, hemos hecho lo que dijimos que ven\u00edamos a hacer a las instituciones: iniciar las transformaciones profundas que necesita este pa\u00eds. <\/em><\/p>\n\n\n\n<p><em>Hemos demostrado que si puede haber cambios significativos cuando Podemos gobierna y lo hemos hecho empujando propuestas sociales ambiciosas como el tope al gas, la Ley de Vivienda o el Escudo Social.Cuando Podemos gobierna, las cosas cambian. <\/em><\/p>\n\n\n\n<p><em>En este sentido, somos conscientes de que el PSOE no puede permitirse que seamos constantemente el espejo permanente que les muestre que ellos no hacen todo lo que pueden hacer para llevar a cabo los grandes cambios sociales. <\/em><\/p>\n\n\n\n<p><em>Consideramos, que esta es la raz\u00f3n por la que no han querido que Podemos forme parte del Gobierno de Espa\u00f1a. En definitiva, hemos ido demasiado lejos. En esta nueva etapa para Podemos, defenderemos nuestro derecho a la autonom\u00eda para tener voz propia y la capacidad de decisi\u00f3n de votar consecuentemente con nuestros principios y valores.<\/em><\/p>\n\n\n\n<p><em>Soy consciente que la fuerza de Podemos es m\u00e1s limitada que antes, pero la gente puede estar segura de que los votos de los diputados y diputadas de Podemos en el Congreso ser\u00e1n decisivos para llevar a cabo las transformaciones que sigue necesitando este pa\u00eds\u00bb.<\/em><\/p>\n\n\n\n<figure class=\"wp-block-gallery has-nested-images columns-default is-cropped wp-block-gallery-1 is-layout-flex wp-block-gallery-is-layout-flex\">\n<figure class=\"wp-block-image size-large\"><img fetchpriority=\"high\" decoding=\"async\" width=\"1024\" height=\"576\" data-id=\"4490\" src=\"https:\/\/xn--tuvozdiasporaespaola-k7b.com\/wp-content\/uploads\/2023\/11\/633f07d7-6dd1-4328-a213-cbcff1805df1_16-9-discover-aspect-ratio_default_0_x2136y676-1024x576.jpg\" alt=\"\" class=\"wp-image-4490\" srcset=\"https:\/\/xn--tuvozdiasporaespaola-k7b.com\/wp-content\/uploads\/2023\/11\/633f07d7-6dd1-4328-a213-cbcff1805df1_16-9-discover-aspect-ratio_default_0_x2136y676-1024x576.jpg 1024w, https:\/\/xn--tuvozdiasporaespaola-k7b.com\/wp-content\/uploads\/2023\/11\/633f07d7-6dd1-4328-a213-cbcff1805df1_16-9-discover-aspect-ratio_default_0_x2136y676-300x169.jpg 300w, https:\/\/xn--tuvozdiasporaespaola-k7b.com\/wp-content\/uploads\/2023\/11\/633f07d7-6dd1-4328-a213-cbcff1805df1_16-9-discover-aspect-ratio_default_0_x2136y676-768x432.jpg 768w, https:\/\/xn--tuvozdiasporaespaola-k7b.com\/wp-content\/uploads\/2023\/11\/633f07d7-6dd1-4328-a213-cbcff1805df1_16-9-discover-aspect-ratio_default_0_x2136y676.jpg 1200w\" sizes=\"(max-width: 1024px) 100vw, 1024px\" \/><\/figure>\n<\/figure>\n\n\n\n<p><em>Ione Belarra, Secretaria General de Podemos.<\/em><\/p>\n","protected":false},"excerpt":{"rendered":"<p>Ione Belarra, Secretar\u00eda General de Podemos y Diputada en el Congreso se ha dirigido a la militancia de Podemos con una carta que transcribimos &#8230; <\/p>\n<p class=\"read-more-container\"><a title=\"Ione Belarra sobre la salida del gobierno y la autonom\u00eda pol\u00edtica de Podemos\" class=\"read-more button\" href=\"https:\/\/xn--tuvozdiasporaespaola-k7b.com\/page\/2\/ione-belarra-sobre-la-salida-del-gobierno-y-la-autonomia-politica-de-podemos\/#more-4487\" aria-label=\"M\u00e1s en Ione Belarra sobre la salida del gobierno y la autonom\u00eda pol\u00edtica de Podemos\">Leer m\u00e1s<\/a><\/p>\n","protected":false},"author":222560522,"featured_media":4492,"comment_status":"open","ping_status":"open","sticky":false,"template":"","format":"standard","meta":{"footnotes":""},"categories":[121850],"tags":[],"class_list":["post-4487","post","type-post","status-publish","format-standard","has-post-thumbnail","hentry","category-politica","resize-featured-image"],"_links":{"self":[{"href":"https:\/\/xn--tuvozdiasporaespaola-k7b.com\/page\/2\/wp-json\/wp\/v2\/posts\/4487","targetHints":{"allow":["GET"]}}],"collection":[{"href":"https:\/\/xn--tuvozdiasporaespaola-k7b.com\/page\/2\/wp-json\/wp\/v2\/posts"}],"about":[{"href":"https:\/\/xn--tuvozdiasporaespaola-k7b.com\/page\/2\/wp-json\/wp\/v2\/types\/post"}],"author":[{"embeddable":true,"href":"https:\/\/xn--tuvozdiasporaespaola-k7b.com\/page\/2\/wp-json\/wp\/v2\/users\/222560522"}],"replies":[{"embeddable":true,"href":"https:\/\/xn--tuvozdiasporaespaola-k7b.com\/page\/2\/wp-json\/wp\/v2\/comments?post=4487"}],"version-history":[{"count":2,"href":"https:\/\/xn--tuvozdiasporaespaola-k7b.com\/page\/2\/wp-json\/wp\/v2\/posts\/4487\/revisions"}],"predecessor-version":[{"id":4491,"href":"https:\/\/xn--tuvozdiasporaespaola-k7b.com\/page\/2\/wp-json\/wp\/v2\/posts\/4487\/revisions\/4491"}],"wp:featuredmedia":[{"embeddable":true,"href":"https:\/\/xn--tuvozdiasporaespaola-k7b.com\/page\/2\/wp-json\/wp\/v2\/media\/4492"}],"wp:attachment":[{"href":"https:\/\/xn--tuvozdiasporaespaola-k7b.com\/page\/2\/wp-json\/wp\/v2\/media?parent=4487"}],"wp:term":[{"taxonomy":"category","embeddable":true,"href":"https:\/\/xn--tuvozdiasporaespaola-k7b.com\/page\/2\/wp-json\/wp\/v2\/categories?post=4487"},{"taxonomy":"post_tag","embeddable":true,"href":"https:\/\/xn--tuvozdiasporaespaola-k7b.com\/page\/2\/wp-json\/wp\/v2\/tags?post=4487"}],"curies":[{"name":"wp","href":"https:\/\/api.w.org\/{rel}","templated":true}]}}