{"id":4476,"date":"2023-11-24T18:44:08","date_gmt":"2023-11-24T21:44:08","guid":{"rendered":"https:\/\/xn--tuvozdiasporaespaola-k7b.com\/page\/2\/?p=4476"},"modified":"2023-11-24T18:44:09","modified_gmt":"2023-11-24T21:44:09","slug":"sahara-la-postura-del-psoe-es-deleznable","status":"publish","type":"post","link":"https:\/\/xn--tuvozdiasporaespaola-k7b.com\/page\/2\/sahara-la-postura-del-psoe-es-deleznable\/","title":{"rendered":"S\u00c1HARA \u201cLA POSTURA DEL PSOE ES DELEZNABLE\u201d"},"content":{"rendered":"\n<p>Por Walter C. Medina<\/p>\n\n\n\n<p>ENTREVISTA A MOHAMED ALI ALI SALEM.<\/p>\n\n\n\n<p>Durante una entrevista concedida al programa radial \u201cCenizas de Babilonia. Di\u00e1spora Espa\u00f1ola\u201d, el poeta y <strong>Representante del Frente Polisario en Argentina por la Rep\u00fablica \u00c1rabe Saharaui, Mohamed Ali Ali Salem, sostuvo que la posici\u00f3n del Gobierno de Pedro S\u00e1nchez, respecto a la cuesti\u00f3n del S\u00e1hara Occidental, ha sido \u201cdeleznable\u201d.<\/strong><\/p>\n\n\n\n<figure class=\"wp-block-gallery has-nested-images columns-default is-cropped wp-block-gallery-1 is-layout-flex wp-block-gallery-is-layout-flex\">\n<figure class=\"wp-block-image size-large\"><img fetchpriority=\"high\" decoding=\"async\" width=\"400\" height=\"267\" data-id=\"4479\" src=\"https:\/\/xn--tuvozdiasporaespaola-k7b.com\/wp-content\/uploads\/2023\/11\/20230312-Mohamed-Ali-Ali-Salem-Republica-Arabe-Saharaui-Democratica-Diego-Martinez-400x267-1.jpg\" alt=\"\" class=\"wp-image-4479\" srcset=\"https:\/\/xn--tuvozdiasporaespaola-k7b.com\/wp-content\/uploads\/2023\/11\/20230312-Mohamed-Ali-Ali-Salem-Republica-Arabe-Saharaui-Democratica-Diego-Martinez-400x267-1.jpg 400w, https:\/\/xn--tuvozdiasporaespaola-k7b.com\/wp-content\/uploads\/2023\/11\/20230312-Mohamed-Ali-Ali-Salem-Republica-Arabe-Saharaui-Democratica-Diego-Martinez-400x267-1-300x200.jpg 300w\" sizes=\"(max-width: 400px) 100vw, 400px\" \/><\/figure>\n<\/figure>\n\n\n\n<p><strong>Hay una similitud con la agresi\u00f3n de Israel al pueblo palestino. La larga trayectoria en busca de la soluci\u00f3n, tanto de un pueblo como de otro. Los Acuerdos de Oslo, de 1993, para poner fin a la ocupaci\u00f3n de Israel a Palestina y los Acuerdos de Paz, de 1991, sobre la celebraci\u00f3n de un refer\u00e9ndum para la autodeterminaci\u00f3n del pueblo saharaui, han sido incumplidos tras m\u00e1s de treinta a\u00f1os en ambos casos. \u00bfExiste un paralelismo entre ambos procesos de descolonizaci\u00f3n? \u00bfQu\u00e9 conclusiones se sacan de esta coincidencia, y del papel fallido en ambos casos de las Naciones Unidas?<\/strong><\/p>\n\n\n\n<p>Coincidencia, obviamente las hay, y muchas. Son dos procesos de autodeterminaci\u00f3n e independencia. Obviamente como bien has dicho, la Conferencia de Oslo, y tambi\u00e9n la de Madrid, en el caso de Palestina, han sido dos cuestiones que han fallado estrepitosamente. Tambi\u00e9n el proceso de paz firmado en 1990 entre el Polisario y Marruecos, y que llev\u00f3, en 1991, a la entrada del plan de paz con el despliegue de cascos azules, la apertura de oficinas de la Misi\u00f3n de Naciones Unidas para la Generaci\u00f3n de un Refer\u00e9ndum. <\/p>\n\n\n\n<p>Naciones Unidas lleva treinta a\u00f1os sin poder cumplir sus mismas resoluciones. Y en todas ellas, que son 80, se reconoce el derecho del pueblo saharaui a la autodeterminaci\u00f3n. Pero qu\u00e9 sucede?, que en el tema del S\u00e1hara, la responsabilidad de descolonizar la sigue teniendo Espa\u00f1a, porque a efectos jur\u00eddicos y legales, sigue siendo la potencia administradora del Sahara Occidental, porque a\u00fan no se ha celebrado un refer\u00e9ndum que permita la descolonizaci\u00f3n de la Rep\u00fablica Saharaui. <\/p>\n\n\n\n<p>Tambi\u00e9n se asemejan el caso palestino y el caso saharaui, en que son dos Estados reconocidos por algunos pa\u00edses en el mundo. Aqu\u00ed hay una diferencia, en el pueblo saharaui todos nos encontramos unidos bajo el paraguas de la Rep\u00fablica Saharaui y del Frente Polisario. <\/p>\n\n\n\n<p>Y, como todos convergemos en la descolonizaci\u00f3n y en la independencia, y el Frente Polisario en el veh\u00edculo que nos puede llevar hacia ello, todos estamos unidos en el Frente Polisario. Lamentablemente nuestros hermanos de Palestina est\u00e1n divididos, y la divisi\u00f3n lleva a que el problema puede que sea m\u00e1s dif\u00edcil de resolver. <\/p>\n\n\n\n<p>El pueblo palestino tiene derecho a resistir y a defenderse y a luchar en leg\u00edtima defensa por tener su propia tierra. Con esto no quiero decir que el Frente Polisario o la Rep\u00fablica Saharaui legitimen el terrorismo. Uno de los pasos clave para la autodeterminaci\u00f3n, obtenida mediante refer\u00e9ndum, es contar con un censo en el que se incluyan saharauis que residen en el territorio, saharauis que se han exiliado, y se opte por excluir a aquellos que dicen que son marroqu\u00edes.<\/p>\n\n\n\n<figure class=\"wp-block-gallery has-nested-images columns-default is-cropped wp-block-gallery-2 is-layout-flex wp-block-gallery-is-layout-flex\">\n<figure class=\"wp-block-image size-large\"><img decoding=\"async\" width=\"1024\" height=\"756\" data-id=\"4481\" src=\"https:\/\/xn--tuvozdiasporaespaola-k7b.com\/wp-content\/uploads\/2023\/11\/Screenshot_20231124_182706_Gallery-1024x756.jpg\" alt=\"\" class=\"wp-image-4481\" srcset=\"https:\/\/xn--tuvozdiasporaespaola-k7b.com\/wp-content\/uploads\/2023\/11\/Screenshot_20231124_182706_Gallery-1024x756.jpg 1024w, https:\/\/xn--tuvozdiasporaespaola-k7b.com\/wp-content\/uploads\/2023\/11\/Screenshot_20231124_182706_Gallery-300x221.jpg 300w, https:\/\/xn--tuvozdiasporaespaola-k7b.com\/wp-content\/uploads\/2023\/11\/Screenshot_20231124_182706_Gallery-768x567.jpg 768w, https:\/\/xn--tuvozdiasporaespaola-k7b.com\/wp-content\/uploads\/2023\/11\/Screenshot_20231124_182706_Gallery.jpg 1080w\" sizes=\"(max-width: 1024px) 100vw, 1024px\" \/><\/figure>\n<figcaption class=\"blocks-gallery-caption wp-element-caption\">Acto de creaci\u00f3n en Argentina de la Asociaci\u00f3n del S\u00e1hara Libre, en Buenos Aires.<\/figcaption><\/figure>\n\n\n\n<p><strong>\u00bfCu\u00e1l es el entendimiento que existe con la ONU para evitar que Marruecos incluya en el censo a marroqu\u00edes que votar\u00edan en contra?<\/strong><\/p>\n\n\n\n<p>La segunda fase del plan de paz es el despliegue de cascos azules y apertura de oficinas, eso fue el 6 de septiembre de 1991. La segunda fase es configurar el cuerpo electoral teniendo como base el \u00faltimo censo de las autoridades espa\u00f1olas en 1974. <\/p>\n\n\n\n<p>Nada m\u00e1s entrar en vigor el cese el fuego y el plan de paz en general, Marruecos empez\u00f3 a crear trabas diciendo que hay cientos de miles de saharauis que viven en Marruecos. Se procedi\u00f3 a la identificaci\u00f3n de los que present\u00f3 Marruecos y el Frente Polisario, que estaban fuera del censo.<\/p>\n\n\n\n<p> En el 2000 se termin\u00f3 de configurar el cuerpo electoral por parte de Naciones Unidas, y present\u00f3 ese censo al Frente Polisario, a las autoridades saharauis y marroqu\u00edes. Nosotros lo hemos aceptado porque ten\u00edamos la seguridad de que todos los que est\u00e1n ah\u00ed son saharauis, y no nos cabe la menor duda de que los saharauis no son marroqu\u00edes y en ning\u00fan momento votar\u00edan por la integraci\u00f3n en Marruecos. <\/p>\n\n\n\n<p>El tema del censo est\u00e1 solucionado. Naciones Unidas ya ha cerrado esto en el 2000. Naciones Unidas vino para celebrar el refer\u00e9ndum, despliegue de cascos azules, y lleva treinta a\u00f1os. Marruecos ha querido dividir a la comunidad internacional con la confusa y poco confiable f\u00f3rmula de una concesi\u00f3n de autonom\u00eda en los territorios saharauis y otros pueblos, copiado en gran medida del estado de las autonom\u00edas de Espa\u00f1a. <\/p>\n\n\n\n<p><strong>\u00bfCu\u00e1les son las razones que les han llevado a rechazar dicha propuesta tan tajantemente?<\/strong><\/p>\n\n\n\n<p>En la construcci\u00f3n marroqu\u00ed no hay ninguna autonom\u00eda; no hay facultades o competencias en ninguna regi\u00f3n de Marruecos, Eso en primero lugar. En segundo, mediante Naciones Unidas lo que se espera es la descolonizaci\u00f3n del S\u00e1hara, no se espera otra soluci\u00f3n pol\u00edtica como han intentado estos \u00faltimos a\u00f1os decir. <\/p>\n\n\n\n<p>Naciones Unidas ha venido para la celebraci\u00f3n de un refer\u00e9ndum, para descolonizar el S\u00e1hara, no ha venido para buscar otra soluci\u00f3n. \u00bfQu\u00e9 hemos firmado nosotros con Naciones Unidas? Una sola cosa: El plan de paz firmado en 1990 y que ha entrado en vigor en 1991. Lo que vende Marruecos es una autonom\u00eda como la espa\u00f1ola, pero el r\u00e9gimen actual de Marruecos est\u00e1 a a\u00f1os luz de la monarqu\u00eda democr\u00e1tica espa\u00f1ola. Nosotros no somos mon\u00e1rquicos, somos republicanos. <\/p>\n\n\n\n<p>En estos momentos, la orientaci\u00f3n econ\u00f3mica de \u00c1frica est\u00e1 girando, de ser una colonia a ser un continente que est\u00e1 estableciendo ahora lasos con otras potencias como Rusia y China. Al mismo tiempo Estados Unidos est\u00e1 creando lasos de cooperaci\u00f3n con Marruecos e Israel y los Pa\u00edses \u00c1rabes.<\/p>\n\n\n\n<figure class=\"wp-block-gallery has-nested-images columns-default is-cropped wp-block-gallery-3 is-layout-flex wp-block-gallery-is-layout-flex\">\n<figure class=\"wp-block-image size-large\"><img decoding=\"async\" width=\"1024\" height=\"1024\" data-id=\"4483\" src=\"https:\/\/xn--tuvozdiasporaespaola-k7b.com\/wp-content\/uploads\/2023\/11\/IMG_20231123_191058_392-1-1024x1024.webp\" alt=\"\" class=\"wp-image-4483\" srcset=\"https:\/\/xn--tuvozdiasporaespaola-k7b.com\/wp-content\/uploads\/2023\/11\/IMG_20231123_191058_392-1-1024x1024.webp 1024w, https:\/\/xn--tuvozdiasporaespaola-k7b.com\/wp-content\/uploads\/2023\/11\/IMG_20231123_191058_392-1-300x300.webp 300w, https:\/\/xn--tuvozdiasporaespaola-k7b.com\/wp-content\/uploads\/2023\/11\/IMG_20231123_191058_392-1-150x150.webp 150w, https:\/\/xn--tuvozdiasporaespaola-k7b.com\/wp-content\/uploads\/2023\/11\/IMG_20231123_191058_392-1-768x768.webp 768w, https:\/\/xn--tuvozdiasporaespaola-k7b.com\/wp-content\/uploads\/2023\/11\/IMG_20231123_191058_392-1.webp 1080w\" sizes=\"(max-width: 1024px) 100vw, 1024px\" \/><figcaption class=\"wp-element-caption\">Podemos Argentina participando en el acto de Fundaci\u00f3n de la sociaci\u00f3n amigos del pueblo S\u00e1hara Libre.<\/figcaption><\/figure>\n<\/figure>\n\n\n\n<p> <strong>Si fuera independiente la Rep\u00fablica Democr\u00e1tica del S\u00e1hara, \u00bfcon qui\u00e9n se quedar\u00eda y establecer\u00eda lasos? \u00bfPodr\u00eda ser Europa, Estados unidos o los pa\u00edses africanos que se est\u00e1n asociando a los Bricks, como Rusia y China?<\/strong><\/p>\n\n\n\n<p>Deseamos por medios pac\u00edficos llegar a la independencia. Despu\u00e9s se van a celebrar elecciones libres con observadores internacionales, el Frente Polisario pasar\u00e1 a ser patrimonio de todo el mundo, nacer\u00e1n nuevos partidos, y desde ah\u00ed se va a decidir. Estamos obligados a tener relaciones econ\u00f3micas con Canarias, por ende con Espa\u00f1a. <\/p>\n\n\n\n<p>Y estamos obligados a relacionarnos con Am\u00e9rica Latina, dado el legado cultural que compartimos con Espa\u00f1a y con Am\u00e9rica latina. Seguramente haremos lo que el pueblo saharaui quiera, que es que el S\u00e1hara prospere y que haya buena vecindad, incluso con Marruecos <\/p>\n\n\n\n<p>\u00bf<strong>Es posible esta soluci\u00f3n sin que exista una verdadera o m\u00ednima democracia en Marruecos?<\/strong><\/p>\n\n\n\n<p>Es verdad que Marruecos es un r\u00e9gimen medieval terror\u00edfico. Una dictadura que sufre todo el pueblo marroqu\u00ed y lo sufrimos el pueblo saharaui, la parte ocupada. <\/p>\n\n\n\n<p>La guerra que dur\u00f3 casi 17 a\u00f1os es la que ha obligado a Marruecos a que acepte el plan de paz y el refer\u00e9ndum, Porque si Marruecos hubiera ganado la guerra no hubiera aceptado un refer\u00e9ndum de autodeterminaci\u00f3n y la intervenci\u00f3n de Naciones Unidas. Mantener o acabar con la monarqu\u00eda es una cuesti\u00f3n del pueblo marroqu\u00ed, y somos respetosos con todos los pueblos <\/p>\n\n\n\n<figure class=\"wp-block-gallery has-nested-images columns-default is-cropped wp-block-gallery-4 is-layout-flex wp-block-gallery-is-layout-flex\">\n<figure class=\"wp-block-image size-large\"><img loading=\"lazy\" decoding=\"async\" width=\"1024\" height=\"768\" data-id=\"4482\" src=\"https:\/\/xn--tuvozdiasporaespaola-k7b.com\/wp-content\/uploads\/2023\/11\/concentracion-favor-pueblo-saharaui-zaragoza_103-1024x768.webp\" alt=\"\" class=\"wp-image-4482\" srcset=\"https:\/\/xn--tuvozdiasporaespaola-k7b.com\/wp-content\/uploads\/2023\/11\/concentracion-favor-pueblo-saharaui-zaragoza_103-1024x768.webp 1024w, https:\/\/xn--tuvozdiasporaespaola-k7b.com\/wp-content\/uploads\/2023\/11\/concentracion-favor-pueblo-saharaui-zaragoza_103-300x225.webp 300w, https:\/\/xn--tuvozdiasporaespaola-k7b.com\/wp-content\/uploads\/2023\/11\/concentracion-favor-pueblo-saharaui-zaragoza_103-768x576.webp 768w, https:\/\/xn--tuvozdiasporaespaola-k7b.com\/wp-content\/uploads\/2023\/11\/concentracion-favor-pueblo-saharaui-zaragoza_103.webp 1200w\" sizes=\"(max-width: 1024px) 100vw, 1024px\" \/><\/figure>\n<\/figure>\n\n\n\n<p>\u00bf<strong>C\u00f3mo ve la posici\u00f3n del Gobierno del PSOE y ese cambio de actitud que tuvo con respecto al S\u00e1hara?<\/strong><\/p>\n\n\n\n<p>Es una postura deleznable, quebradiza, que no est\u00e1 a la altura de la responsabilidad hist\u00f3rica actual de Espa\u00f1a, ni est\u00e1 al nivel de las aspiraciones de los pueblos de Espa\u00f1a, y sobre todo viviendo de un partido que se dice de izquierdas. <\/p>\n\n\n\n<p>El PSOE, que estuvo en los campamentos encabezado por Felipe Gonz\u00e1les, en 1976, y que luego cambi\u00f3 de rumbo, no sabemos si es a cambio de prebendas o hay un chantaje de por medio,  A lo que no se ha atrevido Felipe Gonzales y Zapatero, se ha atrevido sin sonrojarse Pedro S\u00e1nchez. Es lamentable y es nefasto, no as\u00ed Podemos que siempre nos acompa\u00f1o en nuestras demandas. <\/p>\n\n\n\n<p>En  otro orden de cosas  <strong>el dia 22  tuvo lugar igualmente una  reuni\u00f3n, impulsada por la Federaci\u00f3n de Asociaciones Gallegas de la Rep\u00fablica Argentina, Podemos Argentina, la Internacional Antiimperialista de los Pueblos y Tuiza Argentina, compa\u00f1\u00eda de danza saharaui en la cual da inicio a la fundaci\u00f3n de  una nueva organizaci\u00f3n solidaria, la Asociaci\u00f3n S\u00e1hara Libre Argentina, ASLA<\/strong><\/p>\n\n\n\n<figure class=\"wp-block-gallery has-nested-images columns-default is-cropped wp-block-gallery-5 is-layout-flex wp-block-gallery-is-layout-flex\">\n<figure class=\"wp-block-image size-large\"><img loading=\"lazy\" decoding=\"async\" width=\"1024\" height=\"461\" data-id=\"4484\" src=\"https:\/\/xn--tuvozdiasporaespaola-k7b.com\/wp-content\/uploads\/2023\/11\/20231122_192655-1024x461.jpg\" alt=\"\" class=\"wp-image-4484\" srcset=\"https:\/\/xn--tuvozdiasporaespaola-k7b.com\/wp-content\/uploads\/2023\/11\/20231122_192655-1024x461.jpg 1024w, https:\/\/xn--tuvozdiasporaespaola-k7b.com\/wp-content\/uploads\/2023\/11\/20231122_192655-300x135.jpg 300w, https:\/\/xn--tuvozdiasporaespaola-k7b.com\/wp-content\/uploads\/2023\/11\/20231122_192655-768x346.jpg 768w, https:\/\/xn--tuvozdiasporaespaola-k7b.com\/wp-content\/uploads\/2023\/11\/20231122_192655-1536x691.jpg 1536w, https:\/\/xn--tuvozdiasporaespaola-k7b.com\/wp-content\/uploads\/2023\/11\/20231122_192655-2048x922.jpg 2048w\" sizes=\"(max-width: 1024px) 100vw, 1024px\" \/><\/figure>\n<\/figure>\n\n\n\n<p><strong>Con el Premio Nobel de la Paz, Adolfo P\u00e9rez Esquivel, como Presidente Honorario, personalidades solidarias con el pueblo saharaui , <\/strong>que tendr\u00e1 un Comit\u00e9 Ejecutivo <strong>presidido por la actriz y cantante argentina Lorena Lores. <\/strong><\/p>\n\n\n\n<p>En la reuni\u00f3n fundacional particip\u00f3 el Representante del Frente Polisario, Embajador Mohamed Al\u00ed Al\u00ed Salem, quien agradeci\u00f3 la iniciativa en nombre de su pueblo, para seguir impulsando el reconocimiento de Argentina a la Rep\u00fablica \u00c1rabe Saharaui Democr\u00e1tica, adem\u00e1s de visibilizar la lucha por la independencia y la autodeterminaci\u00f3n de la Rep\u00fablica \u00c1rabe Saharaui Democr\u00e1tica.<\/p>\n\n\n\n<p><div>                                            <\/div><\/p>\n","protected":false},"excerpt":{"rendered":"<p>Por Walter C. Medina ENTREVISTA A MOHAMED ALI ALI SALEM. Durante una entrevista concedida al programa radial \u201cCenizas de Babilonia. Di\u00e1spora Espa\u00f1ola\u201d, el poeta &#8230; <\/p>\n<p class=\"read-more-container\"><a title=\"S\u00c1HARA \u201cLA POSTURA DEL PSOE ES DELEZNABLE\u201d\" class=\"read-more button\" href=\"https:\/\/xn--tuvozdiasporaespaola-k7b.com\/page\/2\/sahara-la-postura-del-psoe-es-deleznable\/#more-4476\" aria-label=\"M\u00e1s en S\u00c1HARA \u201cLA POSTURA DEL PSOE ES DELEZNABLE\u201d\">Leer m\u00e1s<\/a><\/p>\n","protected":false},"author":222560522,"featured_media":4485,"comment_status":"open","ping_status":"open","sticky":false,"template":"","format":"standard","meta":{"footnotes":""},"categories":[121869,1771],"tags":[],"class_list":["post-4476","post","type-post","status-publish","format-standard","has-post-thumbnail","hentry","category-internaciones","category-sociales","resize-featured-image"],"_links":{"self":[{"href":"https:\/\/xn--tuvozdiasporaespaola-k7b.com\/page\/2\/wp-json\/wp\/v2\/posts\/4476","targetHints":{"allow":["GET"]}}],"collection":[{"href":"https:\/\/xn--tuvozdiasporaespaola-k7b.com\/page\/2\/wp-json\/wp\/v2\/posts"}],"about":[{"href":"https:\/\/xn--tuvozdiasporaespaola-k7b.com\/page\/2\/wp-json\/wp\/v2\/types\/post"}],"author":[{"embeddable":true,"href":"https:\/\/xn--tuvozdiasporaespaola-k7b.com\/page\/2\/wp-json\/wp\/v2\/users\/222560522"}],"replies":[{"embeddable":true,"href":"https:\/\/xn--tuvozdiasporaespaola-k7b.com\/page\/2\/wp-json\/wp\/v2\/comments?post=4476"}],"version-history":[{"count":2,"href":"https:\/\/xn--tuvozdiasporaespaola-k7b.com\/page\/2\/wp-json\/wp\/v2\/posts\/4476\/revisions"}],"predecessor-version":[{"id":4486,"href":"https:\/\/xn--tuvozdiasporaespaola-k7b.com\/page\/2\/wp-json\/wp\/v2\/posts\/4476\/revisions\/4486"}],"wp:featuredmedia":[{"embeddable":true,"href":"https:\/\/xn--tuvozdiasporaespaola-k7b.com\/page\/2\/wp-json\/wp\/v2\/media\/4485"}],"wp:attachment":[{"href":"https:\/\/xn--tuvozdiasporaespaola-k7b.com\/page\/2\/wp-json\/wp\/v2\/media?parent=4476"}],"wp:term":[{"taxonomy":"category","embeddable":true,"href":"https:\/\/xn--tuvozdiasporaespaola-k7b.com\/page\/2\/wp-json\/wp\/v2\/categories?post=4476"},{"taxonomy":"post_tag","embeddable":true,"href":"https:\/\/xn--tuvozdiasporaespaola-k7b.com\/page\/2\/wp-json\/wp\/v2\/tags?post=4476"}],"curies":[{"name":"wp","href":"https:\/\/api.w.org\/{rel}","templated":true}]}}