{"id":4473,"date":"2023-11-28T00:29:34","date_gmt":"2023-11-28T03:29:34","guid":{"rendered":"https:\/\/xn--tuvozdiasporaespaola-k7b.com\/page\/2\/?p=4473"},"modified":"2023-11-30T05:38:26","modified_gmt":"2023-11-30T08:38:26","slug":"en-espana-la-sombra-del-fascismo-es-muy-larga","status":"publish","type":"post","link":"https:\/\/xn--tuvozdiasporaespaola-k7b.com\/page\/2\/en-espana-la-sombra-del-fascismo-es-muy-larga\/","title":{"rendered":"\u00bb EN ESPA\u00d1A LA SOMBRA DEL FASCISMO ES MUY LARGA\u201d"},"content":{"rendered":"\n<p>Por Walter C. Medina.<\/p>\n\n\n\n<p>Entrevista a Eva Ma\u00f1ez<\/p>\n\n\n\n<p> La fotograf\u00eda le ha servido a Eva Ma\u00f1ez para expresar su compromiso con causas que ha hecho propias. Como si se tratara de un arma contra el olvido, con su c\u00e1mara ha conseguido retratar una Espa\u00f1a que algunos pretenden sepultar. Sus im\u00e1genes testimoniales explican por qu\u00e9 es fundamental mantener viva la memoria y vigente el recuerdo de quienes experimentaron en carne propia la brutalidad del franquismo.  <\/p>\n\n\n\n<figure class=\"wp-block-gallery has-nested-images columns-default is-cropped wp-block-gallery-1 is-layout-flex wp-block-gallery-is-layout-flex\">\n<figure class=\"wp-block-image size-large\"><img fetchpriority=\"high\" decoding=\"async\" width=\"674\" height=\"693\" data-id=\"4493\" src=\"https:\/\/xn--tuvozdiasporaespaola-k7b.com\/wp-content\/uploads\/2023\/11\/Screenshot_20231121_211220_Chrome.jpg\" alt=\"\" class=\"wp-image-4493\" srcset=\"https:\/\/xn--tuvozdiasporaespaola-k7b.com\/wp-content\/uploads\/2023\/11\/Screenshot_20231121_211220_Chrome.jpg 674w, https:\/\/xn--tuvozdiasporaespaola-k7b.com\/wp-content\/uploads\/2023\/11\/Screenshot_20231121_211220_Chrome-292x300.jpg 292w\" sizes=\"(max-width: 674px) 100vw, 674px\" \/><\/figure>\n<\/figure>\n\n\n\n<p> Entrevistada por Francisco L\u00f3pez y Miguel \u00c1ngel Ferris para el programa radiof\u00f3nico \u201cCenizas de Babilonia-Di\u00e1spora Espa\u00f1ola\u201d (AM830 Radio del Pueblo), Ma\u00f1ez se refiri\u00f3 a su mirada feminista, con la que, seg\u00fan sostuvo, \u201cIntento contar el mundo, siempre poniendo en valor los derechos humanos, que es la medida con la que tenemos que juzgar y valorar lo que nos acontece\u201d. <\/p>\n\n\n\n<p>En el Pa\u00eds Valenciano hemos pasado 24 a\u00f1os de derecha extrema que dej\u00f3 sus consecuencias. <\/p>\n\n\n\n<p>En pocos d\u00edas vas a aterrizar en un pa\u00eds en el que la Memoria Hist\u00f3rica ha sido trascendental, aunque el negacionismo haya ganado una importante batalla electoral recientemente.<\/p>\n\n\n\n<p><strong> \u00bfCu\u00e1l es el motivo de tu llegada en un momento tan dif\u00edcil para la recuperaci\u00f3n de esa Memoria Hist\u00f3rica?<\/strong><\/p>\n\n\n\n<p>Yo empiezo en el 2016 a documentar los procesos de exhumaciones en las fosas de Paterna; y gracias a la Ley de Memoria Democr\u00e1tica es en el 2016 cuando se puede comenzar a exhumar fosas de una manera cient\u00edfica, legal y p\u00fablica.<\/p>\n\n\n\n<p> Empiezo tambi\u00e9n a especializarme en este tema de la Memoria Democr\u00e1tica, de las fosas de los represaliados del franquismo. Tengo un trabajo que se llama \u201c<strong>Paterna la memoria del horror\u201d q<\/strong>ue se ha podido ver en Castell\u00f3n, en Valencia en el Instituto del Carmen, en la Fototeca Nacional de Cuba, en La Habana; y que pr\u00f3ximamente se podr\u00e1 ver en el Centro Cultural Parque de Espa\u00f1a, que est\u00e1 en Rosario. <\/p>\n\n\n\n<p>Es una entidad mixta, argentina-espa\u00f1ola; all\u00ed est\u00e1n celebrando desde la cultura los cuarenta a\u00f1os de democracia. La cultura siempre se plantea preguntas para que la gente piense. <\/p>\n\n\n\n<p>En medio de estas actividades para reflexionar, construir memoria y visibilizar el acceso a la cultura de todo el mundo, pues me han invitado a m\u00ed para hacer un di\u00e1logo entre las democracias espa\u00f1ola y argentina, y c\u00f3mo hemos tratado la Memoria en ambos pa\u00edses. <\/p>\n\n\n\n<figure class=\"wp-block-gallery has-nested-images columns-default is-cropped wp-block-gallery-2 is-layout-flex wp-block-gallery-is-layout-flex\">\n<figure class=\"wp-block-image size-large\"><img decoding=\"async\" width=\"677\" height=\"1024\" data-id=\"4494\" src=\"https:\/\/xn--tuvozdiasporaespaola-k7b.com\/wp-content\/uploads\/2023\/11\/1ce9c4df-7da4-4d58-869c-900886f146a9_source-aspect-ratio_50p_0-677x1024.webp\" alt=\"\" class=\"wp-image-4494\" srcset=\"https:\/\/xn--tuvozdiasporaespaola-k7b.com\/wp-content\/uploads\/2023\/11\/1ce9c4df-7da4-4d58-869c-900886f146a9_source-aspect-ratio_50p_0-677x1024.webp 677w, https:\/\/xn--tuvozdiasporaespaola-k7b.com\/wp-content\/uploads\/2023\/11\/1ce9c4df-7da4-4d58-869c-900886f146a9_source-aspect-ratio_50p_0-198x300.webp 198w, https:\/\/xn--tuvozdiasporaespaola-k7b.com\/wp-content\/uploads\/2023\/11\/1ce9c4df-7da4-4d58-869c-900886f146a9_source-aspect-ratio_50p_0-768x1161.webp 768w, https:\/\/xn--tuvozdiasporaespaola-k7b.com\/wp-content\/uploads\/2023\/11\/1ce9c4df-7da4-4d58-869c-900886f146a9_source-aspect-ratio_50p_0.webp 781w\" sizes=\"(max-width: 677px) 100vw, 677px\" \/><figcaption class=\"wp-element-caption\">Fosa comun documentada por Eva Ma\u00f1ez  en Paterna, Valencia <\/figcaption><\/figure>\n<\/figure>\n\n\n\n<p><strong>En este centro cultural de Rosario, que es un colegio que comparte con el Ministerio de Educaci\u00f3n Espa\u00f1ol, vas a llevar a cabo una exposici\u00f3n y unas charlas y talleres, \u00bfcu\u00e1l de estas actividades van a ser abiertas al p\u00fablico?<\/strong><\/p>\n\n\n\n<p>Van a ser todas abiertas. La exposici\u00f3n la inauguraremos el d\u00eda 7 a las 19 horas. Luego, el d\u00eda 8, habr\u00e1 una visita guiada, abierta al p\u00fablico y tambi\u00e9n a las 19 horas. Y los d\u00edas 11 y 12 habr\u00e1 taller con visionado de fotograf\u00edas, y una charla sobre la situaci\u00f3n en la que est\u00e1 la Memoria Democr\u00e1tica. <\/p>\n\n\n\n<p>Mi tema es la cuesti\u00f3n de g\u00e9nero, estoy especializada en ello; de modo que es la Memoria Democr\u00e1tica desde la mirada feminista. El 18, pero ya en Buenos Aires, y esta vez organizado por la querella argentina que, a trav\u00e9s de varios abogados y abogadas de Argentina, est\u00e1 intentando poner  una querella en los juzgados de ese pa\u00eds, para poder encausar a los victimarios de cr\u00edmenes de Lesa Humanidad. <\/p>\n\n\n\n<p>Estos abogados y abogadas han organizado una charla el d\u00eda 18 en Buenos Aires.<\/p>\n\n\n\n<p><strong>T\u00fa te has dedicado al fotoperiodismo, has viajado, has estado en distintos pa\u00edses en conflicto, pero existe un t\u00f3pico que es que los medios tienen que ser neutrales ante la realidad. \u00bfQu\u00e9 piensas t\u00fa de esto, habiendo elegido este perfil profesional?<\/strong><\/p>\n\n\n\n<p>Yo no creo que los medios tengan que ser neutrales. Los medios de comunicaci\u00f3n tienen que ser veraces, honestos; y tienen que ser una herramienta para la ciudadan\u00eda; tienen que garantizar el derecho que la ciudadan\u00eda tiene a la informaci\u00f3n. Los medios de comunicaci\u00f3n tienen que ayudar a fortalecer el Estado de Derecho y la democracia. <\/p>\n\n\n\n<p><strong>\u00bfCu\u00e1les han sido tus prioridades en el campo del fotoperiodismo cuando has asistido a estos conflictos?<\/strong><\/p>\n\n\n\n<p>Yo siempre tengo una mirada feminista. A m\u00ed lo que me define, aparte de ser m\u00e1s o menos de izquierdas, es un pensamiento feminista que es trasversal, y con esa mirada es como yo intento contar el mundo, siempre poniendo en valor los derechos humanos, que es la medida con la que tenemos que juzgar y valorar lo que nos acontece. <\/p>\n\n\n\n<p><strong>\u00bfQu\u00e9 aporta una perspectiva de g\u00e9nero y feminista a la denuncia de los cr\u00edmenes cometidos por el franquismo?<\/strong><\/p>\n\n\n\n<p>Pues es muy importante. Mi trabajo, el que van a ver en Argentina, se centra en Paterna; no por nada, simplemente porque a veces pones el foco en un sitio para contar algo m\u00e1s grande. <\/p>\n\n\n\n<p>Yo me entrevist\u00e9 con un centenar de mujeres, en la exposici\u00f3n y en el libro se pueden ver los testimonios de sesenta de ellas. Tambi\u00e9n se pueden ver en www.guardianasdelamemoria.com Ellas, con su propia voz cuentan su testimonio. <\/p>\n\n\n\n<p>Incluso mujeres que descendientes de fusilados y a las que yo les preguntaba c\u00f3mo hab\u00eda hecho su abuela para sobrevivir y para resistir cuarenta y cinco a\u00f1os de dictadura y cuarenta a\u00f1os m\u00e1s de democracia, sin haber hecho el duelo. <\/p>\n\n\n\n<p>All\u00ed empiezan a surgir muchas historias de resiliencia, de subsistencia, salen las historias de las mujeres que fueron represaliadas mediante la rapada de pelo y todo tipo de violencia; con violaciones, con el robo de los ni\u00f1os y un mont\u00f3n de vejaciones que no hab\u00edan sido contadas. <\/p>\n\n\n\n<p>Son tres generaciones; una primera que sufre la violencia, que no pod\u00edan decir nada porque nadie se iba a apiadar de ellas. Est\u00e1bamos en el franquismo y simplemente decir que hab\u00edan sido v\u00edctimas de violencia y de agresiones, de insultos, solamente iba a servir para significarlas, para se\u00f1alarlas m\u00e1s todav\u00eda. <\/p>\n\n\n\n<p>Estas mujeres solo tuvieron la opci\u00f3n de apretar los dientes y de resistir. Luego hay una segunda generaci\u00f3n que es la generaci\u00f3n del silencio; es la generaci\u00f3n de la gente a la que no le han contado nada, que no sabe nada, que ve a las mujeres enlutadas, gente a la que siempre le han dicho que no fuera a esas manifestaciones, que no se significara; siempre con el miedo por delante. <\/p>\n\n\n\n<p>Luego hay otra generaci\u00f3n de los que hemos nacido en democracia y que hacemos nuestra la memoria de ese abuelo fusilado o esa abuela que tuvo que resistir en la dictadura, porque necesitamos cerrar esas historia familiares para poder estar bien; pero tambi\u00e9n porque necesitamos cerrar esa \u00e9poca tan oscura de nuestra historia para poder crecer realmente como un pa\u00eds democr\u00e1tico. <\/p>\n\n\n\n<figure class=\"wp-block-gallery has-nested-images columns-default is-cropped wp-block-gallery-3 is-layout-flex wp-block-gallery-is-layout-flex\">\n<figure class=\"wp-block-image size-large\"><img decoding=\"async\" width=\"768\" height=\"512\" data-id=\"4496\" src=\"https:\/\/xn--tuvozdiasporaespaola-k7b.com\/wp-content\/uploads\/2023\/11\/VA_7752_NoticiaAmpliada.jpg\" alt=\"\" class=\"wp-image-4496\" srcset=\"https:\/\/xn--tuvozdiasporaespaola-k7b.com\/wp-content\/uploads\/2023\/11\/VA_7752_NoticiaAmpliada.jpg 768w, https:\/\/xn--tuvozdiasporaespaola-k7b.com\/wp-content\/uploads\/2023\/11\/VA_7752_NoticiaAmpliada-300x200.jpg 300w\" sizes=\"(max-width: 768px) 100vw, 768px\" \/><\/figure>\n<\/figure>\n\n\n\n<p><strong>Ya es el momento, ya toca hacer esa \u00e9pica de las mujeres, de poner valor las historias de sobrevivencia y de resistencia que las mujeres han estado llevando adelante. \u00bfCrees que la deuda con el olvido, la estigmatizaci\u00f3n y el desprecio que se vivi\u00f3 durante los cuarenta a\u00f1os de dictadura, y luego en los cuarenta a\u00f1os de democracia, se salda con la Ley de Memoria Democr\u00e1tica o crees que todav\u00eda falta mucho recorrido para que la gente conozca esta historia y no se vuelva a repetir, como ha sucedido aqu\u00ed en Argentina con el triunfo de Milei?<\/strong><\/p>\n\n\n\n<p>Yo creo que la sombra del fascismo en Espa\u00f1a es muy larga, y esa resaca del fascismo la seguimos sufriendo, sobre todo las mujeres. Instituciones como el Patronato de la Mujer, en donde se met\u00eda presas a mujeres simplemente por ser d\u00edscolas o por estar embarazadas sin estar casadas, siguieron funcionando en Espa\u00f1a hasta m\u00e1s all\u00e1 de 1986, por ejemplo. <\/p>\n\n\n\n<p>Muchas de las mujeres que pasaron por el Patronato le est\u00e1n pidiendo responsabilidades al Estado, porque hasta el d\u00eda del hoy a nadie le hab\u00eda preocupado lo que era el Patronato de la Mujer. <\/p>\n\n\n\n<p>Hoy en d\u00eda hay un n\u00famero ingente, no sabemos qu\u00e9 cantidad de ni\u00f1os que han sido robados desde el momento en que acab\u00f3 la guerra por todo un sistema que puso en marcha el franquismo y la falange para quitarle los ni\u00f1os a las mujeres rojas para evitar que se propagara lo que ellos llamaban \u201cel gen rojo\u201d, y as\u00ed estuvieron haciendo una eugenesia para evitar que las mujeres que hab\u00edan sido Republicanas pudieran procrear.<\/p>\n\n\n\n<p> Y les quitaban los ni\u00f1os a las mujeres que estaban en las c\u00e1rceles, les quitaron los ni\u00f1os a mujeres cuyos maridos hab\u00edan sido fusilados. A partir de ese momento se empez\u00f3 con toda una din\u00e1mica de robar beb\u00e9s  y les dec\u00edan a sus madres que sus hijos hab\u00edan muerto; y eso continu\u00f3 hasta el a\u00f1o \u201990. Hay una ley de beb\u00e9s robados que todav\u00eda est\u00e1 a la espera de ser aprobada. <\/p>\n\n\n\n<p>Es una verg\u00fcenza que en un Estado de Derecho sigan sucediendo estas cosas. Tenemos una Ley de Memoria Democr\u00e1tica que por fin nos ha permitido, al menos, abrir las fosas, aunque los abogados de Espa\u00f1a dicen que se trata de cr\u00edmenes que est\u00e1n prescriptos, cuando el derecho internacional dice que los cr\u00edmenes de lesa humanidad no prescriben. <\/p>\n\n\n\n<p>Los victimarios del franquismo siguen siendo aquellos militares que la semana pasada estaban diciendo que est\u00e1n dispuestos a dar un golpe de Estado. <\/p>\n\n\n\n<p>Menos mal que son cuatro y nos les hace caso nadie, pero aqu\u00ed la extrema derecha est\u00e1 saliendo a la calle y est\u00e1 amenazando.<\/p>\n\n\n\n<figure class=\"wp-block-gallery has-nested-images columns-default is-cropped wp-block-gallery-4 is-layout-flex wp-block-gallery-is-layout-flex\">\n<figure class=\"wp-block-image size-large\"><img loading=\"lazy\" decoding=\"async\" width=\"1024\" height=\"683\" data-id=\"4495\" src=\"https:\/\/xn--tuvozdiasporaespaola-k7b.com\/wp-content\/uploads\/2023\/11\/fosa127_forCrop-1024x683.jpg\" alt=\"\" class=\"wp-image-4495\" srcset=\"https:\/\/xn--tuvozdiasporaespaola-k7b.com\/wp-content\/uploads\/2023\/11\/fosa127_forCrop-1024x683.jpg 1024w, https:\/\/xn--tuvozdiasporaespaola-k7b.com\/wp-content\/uploads\/2023\/11\/fosa127_forCrop-300x200.jpg 300w, https:\/\/xn--tuvozdiasporaespaola-k7b.com\/wp-content\/uploads\/2023\/11\/fosa127_forCrop-768x512.jpg 768w, https:\/\/xn--tuvozdiasporaespaola-k7b.com\/wp-content\/uploads\/2023\/11\/fosa127_forCrop.jpg 1200w\" sizes=\"(max-width: 1024px) 100vw, 1024px\" \/><\/figure>\n<\/figure>\n\n\n\n<p><strong>Hay una connivencia entre el poder judicial, que se ha heredado del franquismo, la jerarqu\u00eda de la Iglesia Cat\u00f3lica que niega a las familias conocer las actas de nacimiento parroquiales, y luego las regiones de Valencia y Andaluc\u00eda, donde ha ganado la derecha con apoyo de la extrema derecha, quitan facilidades y ayudas para que se haga algo que debi\u00f3 de hacerse hace mucho tiempo. \u00bfCu\u00e1l tema quedar\u00eda desde tu criterio por rescatar del olvido forzado?<\/strong><\/p>\n\n\n\n<p>Lo que hay que decir es que la Ley de Memoria Democr\u00e1tica que empez\u00f3 en 2016 ha demostrado que con voluntad pol\u00edtica se puede hacer un mont\u00f3n. En la Comunidad Valenciana, con ocho a\u00f1os de un gobierno de izquierdas que tuvimos, el ochenta por ciento de las fosas de la Comunidad Valenciana fueron abiertas. <\/p>\n\n\n\n<p>Con una legislatura m\u00e1s, hubi\u00e9ramos dejado a la Comunidad Valenciana sin fosas. La Memoria Democr\u00e1tica no solamente deber\u00eda de ser abrir fosas. Un fallo que tiene esta ley es que no habla de victimarios; habla de v\u00edctimas, pero nunca de victimarios. <\/p>\n\n\n\n<p><strong>En Espa\u00f1a no hay un solo espacio de Memoria, no hay un museo de la Memoria, no hay un sitio en donde podamos ir con la gente joven a pasear, a recordar, a reflexionar; un espacio en donde hayan debates, eso no existe. \u00bfCu\u00e1l es la reacci\u00f3n emocional de la di\u00e1spora espa\u00f1ola, especialmente de quienes tuvieron familiares perseguidos o represaliados, a los relatos fotogr\u00e1ficos que vas trasladando de pa\u00eds en pa\u00eds a trav\u00e9s de esta muestra?<\/strong><\/p>\n\n\n\n<p>En La Habana me sorprendi\u00f3 que la gente se arrancara a llorar. En la inauguraci\u00f3n de la exposici\u00f3n hicimos una conferencia con dos descendientes de represaliados; fue muy emotivo y al mismo tiempo muy bonito. Yo creo que se trata de historias que hay que contar y que vale la pena hacer este di\u00e1logo de dignidades de resistencias.  <\/p>\n\n\n\n<p>Fotos de Eva Ma\u00f1ez.                                              <\/p>\n","protected":false},"excerpt":{"rendered":"<p>Por Walter C. Medina. Entrevista a Eva Ma\u00f1ez La fotograf\u00eda le ha servido a Eva Ma\u00f1ez para expresar su compromiso con causas que ha &#8230; <\/p>\n<p class=\"read-more-container\"><a title=\"\u00bb EN ESPA\u00d1A LA SOMBRA DEL FASCISMO ES MUY LARGA\u201d\" class=\"read-more button\" href=\"https:\/\/xn--tuvozdiasporaespaola-k7b.com\/page\/2\/en-espana-la-sombra-del-fascismo-es-muy-larga\/#more-4473\" aria-label=\"M\u00e1s en \u00bb EN ESPA\u00d1A LA SOMBRA DEL FASCISMO ES MUY LARGA\u201d\">Leer m\u00e1s<\/a><\/p>\n","protected":false},"author":222560522,"featured_media":4497,"comment_status":"open","ping_status":"open","sticky":false,"template":"","format":"standard","meta":{"footnotes":""},"categories":[121854,1771],"tags":[],"class_list":["post-4473","post","type-post","status-publish","format-standard","has-post-thumbnail","hentry","category-consejo-de-residentes-espanoles","category-sociales","resize-featured-image"],"_links":{"self":[{"href":"https:\/\/xn--tuvozdiasporaespaola-k7b.com\/page\/2\/wp-json\/wp\/v2\/posts\/4473","targetHints":{"allow":["GET"]}}],"collection":[{"href":"https:\/\/xn--tuvozdiasporaespaola-k7b.com\/page\/2\/wp-json\/wp\/v2\/posts"}],"about":[{"href":"https:\/\/xn--tuvozdiasporaespaola-k7b.com\/page\/2\/wp-json\/wp\/v2\/types\/post"}],"author":[{"embeddable":true,"href":"https:\/\/xn--tuvozdiasporaespaola-k7b.com\/page\/2\/wp-json\/wp\/v2\/users\/222560522"}],"replies":[{"embeddable":true,"href":"https:\/\/xn--tuvozdiasporaespaola-k7b.com\/page\/2\/wp-json\/wp\/v2\/comments?post=4473"}],"version-history":[{"count":3,"href":"https:\/\/xn--tuvozdiasporaespaola-k7b.com\/page\/2\/wp-json\/wp\/v2\/posts\/4473\/revisions"}],"predecessor-version":[{"id":4525,"href":"https:\/\/xn--tuvozdiasporaespaola-k7b.com\/page\/2\/wp-json\/wp\/v2\/posts\/4473\/revisions\/4525"}],"wp:featuredmedia":[{"embeddable":true,"href":"https:\/\/xn--tuvozdiasporaespaola-k7b.com\/page\/2\/wp-json\/wp\/v2\/media\/4497"}],"wp:attachment":[{"href":"https:\/\/xn--tuvozdiasporaespaola-k7b.com\/page\/2\/wp-json\/wp\/v2\/media?parent=4473"}],"wp:term":[{"taxonomy":"category","embeddable":true,"href":"https:\/\/xn--tuvozdiasporaespaola-k7b.com\/page\/2\/wp-json\/wp\/v2\/categories?post=4473"},{"taxonomy":"post_tag","embeddable":true,"href":"https:\/\/xn--tuvozdiasporaespaola-k7b.com\/page\/2\/wp-json\/wp\/v2\/tags?post=4473"}],"curies":[{"name":"wp","href":"https:\/\/api.w.org\/{rel}","templated":true}]}}