{"id":4464,"date":"2023-11-23T12:59:26","date_gmt":"2023-11-23T15:59:26","guid":{"rendered":"https:\/\/xn--tuvozdiasporaespaola-k7b.com\/page\/2\/?p=4464"},"modified":"2023-11-23T12:59:27","modified_gmt":"2023-11-23T15:59:27","slug":"de-orcos-y-trogloditas","status":"publish","type":"post","link":"https:\/\/xn--tuvozdiasporaespaola-k7b.com\/page\/2\/de-orcos-y-trogloditas\/","title":{"rendered":"DE ORCOS Y TROGLODITAS."},"content":{"rendered":"\n<p>Por Walter C. Medina. Redacci\u00f3n Revista TU VOZ,  Argentina. <\/p>\n\n\n\n<p>El ex presidente Mauricio Macri convoca a los j\u00f3venes votantes de Milei a pelear en las calles\u201cSi me vuelvo loco les puedo hacer mucho da\u00f1o\u201d, dijo en Septiembre de 2018 el por entonces presidente Mauricio Macri, actual titiritero de Javier Milei. <\/p>\n\n\n\n<p><strong>Esta vez, y expl\u00edcitamente amenazante, apunt\u00f3 a los argentinos que no votaron por La Libertad Avanza, a quienes adjetiv\u00f3 de \u201ctrogloditas\u201d y \u201corcos\u201d<\/strong>. \u201cLos j\u00f3venes no se van a quedar en casa, y los orcos van a tener que medir muy bien cuando quieran hacer desmanes en la calle\u201d, dijo respecto de las protestas sociales y las manifestaciones que, l\u00edcitamente, podr\u00edan darse en respuesta al brutal ajuste ya anunciado por el presidente electo, Javier Milei.<\/p>\n\n\n\n<p> \u201c<strong>El n\u00facleo revolucionario de La Libertad Avanza son j\u00f3venes que trabajan y reclaman la oportunidad de poder trabajar y ahorrar, y ellos est\u00e1n muy firmes\u201d, complet\u00f3 el ex presidente <\/strong>que en cuatro a\u00f1os, y tras haber prometido una \u201c<strong>Revoluci\u00f3n de la Alegr\u00eda\u201d y \u201cPobreza Cero\u201d, consigui\u00f3 elevar el porcentaje de pobres e indigentes al 40,8 por ciento<\/strong>.<\/p>\n\n\n\n<p>En la saga de \u201cEl Se\u00f1or de los Anillos\u201d, de John Ronald Reuel Tolkien, los orcos son soldados al servicio del mal. Siempre enojados, de aspecto desagradable, rechazan todo lo que tienen a su alrededor, incluso a ellos mismos. <\/p>\n\n\n\n<figure class=\"wp-block-gallery has-nested-images columns-default is-cropped wp-block-gallery-1 is-layout-flex wp-block-gallery-is-layout-flex\">\n<figure class=\"wp-block-image size-large\"><img fetchpriority=\"high\" decoding=\"async\" width=\"1024\" height=\"683\" data-id=\"4465\" src=\"https:\/\/xn--tuvozdiasporaespaola-k7b.com\/wp-content\/uploads\/2023\/11\/792404-whatsapp-20image-202023-11-23-20at-2012-04-58-1024x683.jpeg\" alt=\"\" class=\"wp-image-4465\" srcset=\"https:\/\/xn--tuvozdiasporaespaola-k7b.com\/wp-content\/uploads\/2023\/11\/792404-whatsapp-20image-202023-11-23-20at-2012-04-58-1024x683.jpeg 1024w, https:\/\/xn--tuvozdiasporaespaola-k7b.com\/wp-content\/uploads\/2023\/11\/792404-whatsapp-20image-202023-11-23-20at-2012-04-58-300x200.jpeg 300w, https:\/\/xn--tuvozdiasporaespaola-k7b.com\/wp-content\/uploads\/2023\/11\/792404-whatsapp-20image-202023-11-23-20at-2012-04-58-768x512.jpeg 768w, https:\/\/xn--tuvozdiasporaespaola-k7b.com\/wp-content\/uploads\/2023\/11\/792404-whatsapp-20image-202023-11-23-20at-2012-04-58.jpeg 1200w\" sizes=\"(max-width: 1024px) 100vw, 1024px\" \/><figcaption class=\"wp-element-caption\">Milei y Macri,  generadores del caos y la persecuci\u00f3n en Argentina <\/figcaption><\/figure>\n<\/figure>\n\n\n\n<p>Esclavos y siempre comandados por un superior, no soportan la luz del sol y viven para matar a sus enemigos. Macri habla de \u201clos orcos\u201d para referirse a los grupos pol\u00edticos, sociales y gremiales que, evidentemente, presentar\u00e1n resistencia a los brutales ajustes que ya anunci\u00f3 Milei y que dejar\u00e1n a cientos de miles de trabajadores en la calle.<\/p>\n\n\n\n<p>La amenaza de Macri, dem\u00e1s est\u00e1 decir, es de una irresponsabilidad digna de un cobarde que no asistir\u00e1 a la batalla a la que convoca. Por su parte los libertarios, ansiosos por participar de una gesta que consideran \u201chist\u00f3rica\u201d, no demorar\u00e1n en comprender que los orcos contra los que pelea defienden unos intereses que tambi\u00e9n lo ata\u00f1en. <\/p>\n\n\n\n<p>Un libertario sin trabajo se transformar\u00e1 en un orco doblemente indignado al comprender la estafa de la que ha sido objeto; al darse cuenta que \u201cla casta\u201d no eran sino esos millones de argentinos que ya comienzan padecer los terribles s\u00edntomas del nuevo experimento neoliberal llevado a cabo por los fundamentalistas del mercado, esos Macris que ver\u00e1n engrosar sus cuentas off shore mientras sus soldaditos pelean una causa tan est\u00fapida como sus defensores.       <\/p>\n","protected":false},"excerpt":{"rendered":"<p>Por Walter C. Medina. Redacci\u00f3n Revista TU VOZ, Argentina. El ex presidente Mauricio Macri convoca a los j\u00f3venes votantes de Milei a pelear en &#8230; <\/p>\n<p class=\"read-more-container\"><a title=\"DE ORCOS Y TROGLODITAS.\" class=\"read-more button\" href=\"https:\/\/xn--tuvozdiasporaespaola-k7b.com\/page\/2\/de-orcos-y-trogloditas\/#more-4464\" aria-label=\"M\u00e1s en DE ORCOS Y TROGLODITAS.\">Leer m\u00e1s<\/a><\/p>\n","protected":false},"author":222560522,"featured_media":4466,"comment_status":"open","ping_status":"open","sticky":false,"template":"","format":"standard","meta":{"footnotes":""},"categories":[121868,121850],"tags":[],"class_list":["post-4464","post","type-post","status-publish","format-standard","has-post-thumbnail","hentry","category-latinoamerica","category-politica","resize-featured-image"],"_links":{"self":[{"href":"https:\/\/xn--tuvozdiasporaespaola-k7b.com\/page\/2\/wp-json\/wp\/v2\/posts\/4464","targetHints":{"allow":["GET"]}}],"collection":[{"href":"https:\/\/xn--tuvozdiasporaespaola-k7b.com\/page\/2\/wp-json\/wp\/v2\/posts"}],"about":[{"href":"https:\/\/xn--tuvozdiasporaespaola-k7b.com\/page\/2\/wp-json\/wp\/v2\/types\/post"}],"author":[{"embeddable":true,"href":"https:\/\/xn--tuvozdiasporaespaola-k7b.com\/page\/2\/wp-json\/wp\/v2\/users\/222560522"}],"replies":[{"embeddable":true,"href":"https:\/\/xn--tuvozdiasporaespaola-k7b.com\/page\/2\/wp-json\/wp\/v2\/comments?post=4464"}],"version-history":[{"count":1,"href":"https:\/\/xn--tuvozdiasporaespaola-k7b.com\/page\/2\/wp-json\/wp\/v2\/posts\/4464\/revisions"}],"predecessor-version":[{"id":4467,"href":"https:\/\/xn--tuvozdiasporaespaola-k7b.com\/page\/2\/wp-json\/wp\/v2\/posts\/4464\/revisions\/4467"}],"wp:featuredmedia":[{"embeddable":true,"href":"https:\/\/xn--tuvozdiasporaespaola-k7b.com\/page\/2\/wp-json\/wp\/v2\/media\/4466"}],"wp:attachment":[{"href":"https:\/\/xn--tuvozdiasporaespaola-k7b.com\/page\/2\/wp-json\/wp\/v2\/media?parent=4464"}],"wp:term":[{"taxonomy":"category","embeddable":true,"href":"https:\/\/xn--tuvozdiasporaespaola-k7b.com\/page\/2\/wp-json\/wp\/v2\/categories?post=4464"},{"taxonomy":"post_tag","embeddable":true,"href":"https:\/\/xn--tuvozdiasporaespaola-k7b.com\/page\/2\/wp-json\/wp\/v2\/tags?post=4464"}],"curies":[{"name":"wp","href":"https:\/\/api.w.org\/{rel}","templated":true}]}}