{"id":4462,"date":"2023-11-23T13:05:02","date_gmt":"2023-11-23T16:05:02","guid":{"rendered":"https:\/\/xn--tuvozdiasporaespaola-k7b.com\/page\/2\/?p=4462"},"modified":"2023-11-23T13:06:29","modified_gmt":"2023-11-23T16:06:29","slug":"milei-y-la-incomodidad-del-pueblo-argentino","status":"publish","type":"post","link":"https:\/\/xn--tuvozdiasporaespaola-k7b.com\/page\/2\/milei-y-la-incomodidad-del-pueblo-argentino\/","title":{"rendered":"MILEI Y LA INCOMODIDAD DEL PUEBLO ARGENTINO."},"content":{"rendered":"\n<p>Por Jes\u00fas Ariel Rivero. Redacci\u00f3n de Revista TU VOZ,  Rosario, Argentina. <\/p>\n\n\n\n<figure class=\"wp-block-gallery has-nested-images columns-default is-cropped wp-block-gallery-1 is-layout-flex wp-block-gallery-is-layout-flex\">\n<figure class=\"wp-block-image size-large is-style-rounded\"><img fetchpriority=\"high\" decoding=\"async\" width=\"1024\" height=\"1009\" data-id=\"4470\" src=\"https:\/\/xn--tuvozdiasporaespaola-k7b.com\/wp-content\/uploads\/2023\/11\/Screenshot_20231123_130355_Gallery-1024x1009.jpg\" alt=\"\" class=\"wp-image-4470\" srcset=\"https:\/\/xn--tuvozdiasporaespaola-k7b.com\/wp-content\/uploads\/2023\/11\/Screenshot_20231123_130355_Gallery-1024x1009.jpg 1024w, https:\/\/xn--tuvozdiasporaespaola-k7b.com\/wp-content\/uploads\/2023\/11\/Screenshot_20231123_130355_Gallery-300x296.jpg 300w, https:\/\/xn--tuvozdiasporaespaola-k7b.com\/wp-content\/uploads\/2023\/11\/Screenshot_20231123_130355_Gallery-768x757.jpg 768w, https:\/\/xn--tuvozdiasporaespaola-k7b.com\/wp-content\/uploads\/2023\/11\/Screenshot_20231123_130355_Gallery.jpg 1080w\" sizes=\"(max-width: 1024px) 100vw, 1024px\" \/><\/figure>\n<\/figure>\n\n\n\n<p>Javier Milei el candidato de la extrema derecha se ha impuesto en las elecciones argentinas por m\u00e1s del 11% de los votos, un hecho in\u00e9dito desde el retorno de la democracia.<\/p>\n\n\n\n<p>En este sentido, Argentina vive una conmoci\u00f3n pol\u00edtica social de car\u00e1cter hist\u00f3rico con el triunfo de la extrema derecha por primera vez desde el fin de la dictadura c\u00edvico-militar-eclesiastica.<\/p>\n\n\n\n<p>El liberal Javier Milei que derroto al candidato de Uni\u00f3n x la Patria Sergio Tom\u00e1s Massa, por mas del 11 % de los votos es un fervor seguidor de los postulados de la escuela austr\u00edaca, quien lo acompa\u00f1a como vicepresidente es Victoria Villarruel, una portavoz de los militares del genocidio perpetrado por la \u00faltima dictadura militar que asol\u00f3 a la Argentina entre 1976 y 1983.<\/p>\n\n\n\n<figure class=\"wp-block-gallery has-nested-images columns-default is-cropped wp-block-gallery-2 is-layout-flex wp-block-gallery-is-layout-flex\">\n<figure class=\"wp-block-image size-large\"><img decoding=\"async\" width=\"925\" height=\"458\" data-id=\"4469\" src=\"https:\/\/xn--tuvozdiasporaespaola-k7b.com\/wp-content\/uploads\/2023\/11\/FireShot-Capture-006-Milei-presidente-y-recorte-de-fondos_-\u00bfque-va-a-pasar-con-la-economia_-www.latecla.info_.png\" alt=\"\" class=\"wp-image-4469\" srcset=\"https:\/\/xn--tuvozdiasporaespaola-k7b.com\/wp-content\/uploads\/2023\/11\/FireShot-Capture-006-Milei-presidente-y-recorte-de-fondos_-\u00bfque-va-a-pasar-con-la-economia_-www.latecla.info_.png 925w, https:\/\/xn--tuvozdiasporaespaola-k7b.com\/wp-content\/uploads\/2023\/11\/FireShot-Capture-006-Milei-presidente-y-recorte-de-fondos_-\u00bfque-va-a-pasar-con-la-economia_-www.latecla.info_-300x149.png 300w, https:\/\/xn--tuvozdiasporaespaola-k7b.com\/wp-content\/uploads\/2023\/11\/FireShot-Capture-006-Milei-presidente-y-recorte-de-fondos_-\u00bfque-va-a-pasar-con-la-economia_-www.latecla.info_-768x380.png 768w\" sizes=\"(max-width: 925px) 100vw, 925px\" \/><figcaption class=\"wp-element-caption\">El reparto y la privatizaci\u00f3n del estado por la ultraderecha de Milei-Macri<\/figcaption><\/figure>\n<\/figure>\n\n\n\n<p>De esta manera, la extrema derecha Argentina capitalizo el boto bronco contra un gobierno que incumpli\u00f3 muchas de sus promesas de campa\u00f1a que apuntaban a la recuperaci\u00f3n de las condiciones de las mayor\u00edas populares tras el Gobierno de Mauricio Macri, que dej\u00f3 un pa\u00eds endeudado con el FMI (Fondo Monetario Internacional)  por un valor de 57.000.000.000 de d\u00f3lares, el mismo que llevo a Javier Milei a la presidencia y al mismo al poder.<\/p>\n\n\n\n<p>Sin embargo el dato novedoso e in\u00e9dito es que por primera vez desde la salida de la dictadura, triunfa en una elecci\u00f3n nacional el espacio pol\u00edtico que hizo su campa\u00f1a electoral reivindicando los cr\u00edmenes de lesa humanidad y negando los 30.000 desaparecidos durante la \u00faltima dictadura c\u00edvico-militar-eclesi\u00e1stica. <\/p>\n\n\n\n<p>Este espacio pol\u00edtico financiado por los poderes empresariales-concentrados que reivindica la dictadura c\u00edvico-militar-eclesi\u00e1stica con un plan econ\u00f3mico plagiado al estilo Mart\u00ednez de Hoz, es consecuente y afirma su apoyo a las pol\u00edticas econ\u00f3micas neoliberales llevadas a cabo por el ministro de econom\u00eda del gobierno de Carlos Menem, Domingo Caballo.<\/p>\n\n\n\n<p>En su programa est\u00e1 cerrar el BCRA (Banco Central de la Rep\u00fablica Argentina), dolarizar la econom\u00eda, privatizar empresas p\u00fablicas y sobre todo eliminar una serie de derechos hist\u00f3ricos a nivel global como son privatizar la educaci\u00f3n y la salud.<\/p>\n\n\n\n<figure class=\"wp-block-gallery has-nested-images columns-default is-cropped wp-block-gallery-3 is-layout-flex wp-block-gallery-is-layout-flex\">\n<figure class=\"wp-block-image size-large\"><img decoding=\"async\" width=\"791\" height=\"445\" data-id=\"4468\" src=\"https:\/\/xn--tuvozdiasporaespaola-k7b.com\/wp-content\/uploads\/2023\/11\/Jubilados.jpg\" alt=\"\" class=\"wp-image-4468\" srcset=\"https:\/\/xn--tuvozdiasporaespaola-k7b.com\/wp-content\/uploads\/2023\/11\/Jubilados.jpg 791w, https:\/\/xn--tuvozdiasporaespaola-k7b.com\/wp-content\/uploads\/2023\/11\/Jubilados-300x169.jpg 300w, https:\/\/xn--tuvozdiasporaespaola-k7b.com\/wp-content\/uploads\/2023\/11\/Jubilados-768x432.jpg 768w\" sizes=\"(max-width: 791px) 100vw, 791px\" \/><\/figure>\n<\/figure>\n\n\n\n<p>En lo que respecta a la geopol\u00edtica Milei ha acu\u00f1ado un discurso, en consonancia con las extremas derechas en el mundo, con una salvedad notoria, caracter\u00edstica de su personalidad, la excentricidad, similar a Donald Trump.Tambi\u00e9n es expl\u00edcita su admiraci\u00f3n por Margaret Thatcher, planteando una postura contraria a la tradici\u00f3n diplom\u00e1tica Argentina con respecto a las Islas Malvinas y del Atl\u00e1ntico Sur, al se\u00f1alar que apoyaba el derecho a la autodeterminaci\u00f3n de los Kelpers, colonos brit\u00e1nicos de las Islas Malvinas. <\/p>\n\n\n\n<p>Hasta lleg\u00f3 a cuestionar los art\u00edculos 14 y 14 bis de la Constituci\u00f3n Nacional, que protegen el derecho al trabajo y la vivienda.Todo result\u00f3 poco para la agenda de Javier Milei a lo largo de estos a\u00f1os, alimentado por el mainstream televisivo y las redes sociales sobre todo que lo fueron instalando como posible.<\/p>\n\n\n\n<p>Un nuevo momento hist\u00f3rico comienza en la Argentina y la posibilidad de una reconfiguraci\u00f3n del r\u00e9gimen pol\u00edtico. Es un interrogante si va a poder llevar a la pr\u00e1ctica sus propuestas pol\u00edticas. En lo que concierne a la historia global (molar)  estamos cerca de ver una repetici\u00f3n de la historia, es decir que aqu\u00ed tambi\u00e9n podr\u00eda aplicar el teorema de Baglini.<\/p>\n\n\n\n<p>En lo que concierne a la historia particular, tambi\u00e9n puede haber una repetici\u00f3n de la historia, es decir, una resistencia del Pueblo argentino, que no queda solo en resistencia, al contrario es un movimiento que transforma. <\/p>\n","protected":false},"excerpt":{"rendered":"<p>Por Jes\u00fas Ariel Rivero. Redacci\u00f3n de Revista TU VOZ, Rosario, Argentina. Javier Milei el candidato de la extrema derecha se ha impuesto en las &#8230; <\/p>\n<p class=\"read-more-container\"><a title=\"MILEI Y LA INCOMODIDAD DEL PUEBLO ARGENTINO.\" class=\"read-more button\" href=\"https:\/\/xn--tuvozdiasporaespaola-k7b.com\/page\/2\/milei-y-la-incomodidad-del-pueblo-argentino\/#more-4462\" aria-label=\"M\u00e1s en MILEI Y LA INCOMODIDAD DEL PUEBLO ARGENTINO.\">Leer m\u00e1s<\/a><\/p>\n","protected":false},"author":222560522,"featured_media":4472,"comment_status":"open","ping_status":"open","sticky":false,"template":"","format":"standard","meta":{"footnotes":""},"categories":[121868,121850],"tags":[],"class_list":["post-4462","post","type-post","status-publish","format-standard","has-post-thumbnail","hentry","category-latinoamerica","category-politica","resize-featured-image"],"_links":{"self":[{"href":"https:\/\/xn--tuvozdiasporaespaola-k7b.com\/page\/2\/wp-json\/wp\/v2\/posts\/4462","targetHints":{"allow":["GET"]}}],"collection":[{"href":"https:\/\/xn--tuvozdiasporaespaola-k7b.com\/page\/2\/wp-json\/wp\/v2\/posts"}],"about":[{"href":"https:\/\/xn--tuvozdiasporaespaola-k7b.com\/page\/2\/wp-json\/wp\/v2\/types\/post"}],"author":[{"embeddable":true,"href":"https:\/\/xn--tuvozdiasporaespaola-k7b.com\/page\/2\/wp-json\/wp\/v2\/users\/222560522"}],"replies":[{"embeddable":true,"href":"https:\/\/xn--tuvozdiasporaespaola-k7b.com\/page\/2\/wp-json\/wp\/v2\/comments?post=4462"}],"version-history":[{"count":3,"href":"https:\/\/xn--tuvozdiasporaespaola-k7b.com\/page\/2\/wp-json\/wp\/v2\/posts\/4462\/revisions"}],"predecessor-version":[{"id":4524,"href":"https:\/\/xn--tuvozdiasporaespaola-k7b.com\/page\/2\/wp-json\/wp\/v2\/posts\/4462\/revisions\/4524"}],"wp:featuredmedia":[{"embeddable":true,"href":"https:\/\/xn--tuvozdiasporaespaola-k7b.com\/page\/2\/wp-json\/wp\/v2\/media\/4472"}],"wp:attachment":[{"href":"https:\/\/xn--tuvozdiasporaespaola-k7b.com\/page\/2\/wp-json\/wp\/v2\/media?parent=4462"}],"wp:term":[{"taxonomy":"category","embeddable":true,"href":"https:\/\/xn--tuvozdiasporaespaola-k7b.com\/page\/2\/wp-json\/wp\/v2\/categories?post=4462"},{"taxonomy":"post_tag","embeddable":true,"href":"https:\/\/xn--tuvozdiasporaespaola-k7b.com\/page\/2\/wp-json\/wp\/v2\/tags?post=4462"}],"curies":[{"name":"wp","href":"https:\/\/api.w.org\/{rel}","templated":true}]}}