{"id":4455,"date":"2023-11-23T01:08:35","date_gmt":"2023-11-23T04:08:35","guid":{"rendered":"https:\/\/xn--tuvozdiasporaespaola-k7b.com\/page\/2\/?p=4455"},"modified":"2023-11-23T01:10:12","modified_gmt":"2023-11-23T04:10:12","slug":"idiocracia-el-poder-de-los-idiotas","status":"publish","type":"post","link":"https:\/\/xn--tuvozdiasporaespaola-k7b.com\/page\/2\/idiocracia-el-poder-de-los-idiotas\/","title":{"rendered":"Idiocracia, el poder de los idiotas"},"content":{"rendered":"\n<p>Por Walter C. Medina.   Revista TU VOZ,  Argentina. <\/p>\n\n\n\n<p>En estos tiempos por los que atraviesa Argentina y la elecci\u00f3n de Milei decid\u00ed volver a transcribir este art\u00edculo del a\u00f1o 2018 que publique en  Nueva Tribuna en Espa\u00f1a, del cual tambi\u00e9n soy columnista ante ciertas reflexiones sobre personas que son elegidas para gobernar nuestra amada naci\u00f3n. <\/p>\n\n\n\n<p>Las figuras que ilustran la pol\u00edtica actual parecen darle sentido al temor que manifestaba el abuelo del cantor y poeta argentino Facundo Cabral<\/p>\n\n\n\n<p>Mi abuelo era un hombre muy valiente; s\u00f3lo le ten\u00eda miedo a los idiotas. Le pregunt\u00e9 por qu\u00e9, y me respondi\u00f3: Porque son muchos. Y al ser mayor\u00eda, eligen hasta el presidente\u201d.<\/p>\n\n\n\n<figure class=\"wp-block-gallery has-nested-images columns-default is-cropped wp-block-gallery-1 is-layout-flex wp-block-gallery-is-layout-flex\">\n<figure class=\"wp-block-image size-full\"><img fetchpriority=\"high\" decoding=\"async\" width=\"550\" height=\"427\" data-id=\"4460\" src=\"https:\/\/xn--tuvozdiasporaespaola-k7b.com\/wp-content\/uploads\/2023\/11\/2018032412314854856-1.jpg\" alt=\"\" class=\"wp-image-4460\" srcset=\"https:\/\/xn--tuvozdiasporaespaola-k7b.com\/wp-content\/uploads\/2023\/11\/2018032412314854856-1.jpg 550w, https:\/\/xn--tuvozdiasporaespaola-k7b.com\/wp-content\/uploads\/2023\/11\/2018032412314854856-1-300x233.jpg 300w\" sizes=\"(max-width: 550px) 100vw, 550px\" \/><\/figure>\n<\/figure>\n\n\n\n<p> Facundo Cabral Como si se tratase de una profec\u00eda cumplida, los idiotas a los que \u00e9ste tem\u00eda parecen m\u00e1s dispuestos que nunca a votar en elecciones en las que se inclinan por candidatos incapaces de gesticular m\u00e1s de dos palabras seguidas, sin que una de ellas sea falsa y la otra inexistente.<\/p>\n\n\n\n<p> Los idiotas votan en contra de sus propios intereses; aunque -debido a su condici\u00f3n- nunca podr\u00e1n saberlo. Sin embargo no es esto lo relevante de sus aportes a la idiocracia que han parido, sino el hecho de sentirse bien representados con el idiota que han logrado colocar en el poder.<\/p>\n\n\n\n<figure class=\"wp-block-pullquote\"><blockquote><p>.\u201cMi abuelo era un hombre muy valiente; s\u00f3lo le ten\u00eda miedo a los idiotas. Le pregunt\u00e9 por qu\u00e9, y me respondi\u00f3: Porque son muchos. Y al ser mayor\u00eda, eligen hasta el presidente\u201d. <\/p><cite>Facundo Cabral<\/cite><\/blockquote><\/figure>\n\n\n\n<p> La democracia, en mano de sus elegidos, ha dejado de existir para darle paso al sistema que mejor le sienta al idiota elector: La idiocracia.La idiotez se ha llevado por delante todo obst\u00e1culo que la raz\u00f3n hubiera podido imponerle. <\/p>\n\n\n\n<p>Basta escuchar el relato de quienes hoy ocupan el poder para ejemplificar esta suerte de revoluci\u00f3n de la idiotez que con alegr\u00eda aplaude la facci\u00f3n mayoritaria de una sociedad carente de todo raciocinio; una sociedad aletargada, dependiente de criterios ajenos, basureada por las decisiones de grandes corporaciones, y cuya cultura se ha degradado hasta reducirse a su m\u00ednima expresi\u00f3n. <\/p>\n\n\n\n<p>Para ejemplificarlo mejor s\u00f3lo restar\u00eda el repaso de los discursos (o intentos de discurso) ensayados por l\u00edderes mundiales de las actuales democracias; material de archivo que quiz\u00e1s podr\u00eda ser de gran utilidad en un futuro cercano, si es que alg\u00fan idiota llegara a preguntarse \u201c\u00bfqu\u00e9 fue lo que le sucedi\u00f3 a la Humanidad?\u201d.<\/p>\n\n\n\n<figure class=\"wp-block-embed is-type-video is-provider-youtube wp-block-embed-youtube wp-embed-aspect-16-9 wp-has-aspect-ratio\"><div class=\"wp-block-embed__wrapper\">\n<iframe title=\"Javier Milei revienta el Banco Central para su cumplea\u00f1os- 22\/10\/18\" width=\"1110\" height=\"624\" src=\"https:\/\/www.youtube.com\/embed\/syjZ8sVdMCs?feature=oembed\" frameborder=\"0\" allow=\"accelerometer; autoplay; clipboard-write; encrypted-media; gyroscope; picture-in-picture; web-share\" allowfullscreen><\/iframe>\n<\/div><figcaption class=\"wp-element-caption\">Milei  presidente electo de Argentina. <\/figcaption><\/figure>\n\n\n\n<p>Estudios cient\u00edficos demuestran que al haber desarrollado tanto el ser humano el control de la naturaleza y las enfermedades, se ha interrumpido lo que Darwin dio en llamar \u201cselecci\u00f3n natural\u201d. <\/p>\n\n\n\n<p>Esto significa que individuos que se hubieran extinguido hace miles de a\u00f1os por no adecuarse al medio, sobreviven, campan a sus anchas, se reproducen y, de esta manera, perpet\u00faan su legado de idiotez.  <\/p>\n\n\n\n<p>Puede que nos encontremos ante una mayor\u00eda de idiotas que vota a conciencia, y que ha logrando convertir en presidente de su pa\u00eds al m\u00e1ximo exponente de todos los idiotas.   De no haber sido por las referencias directas a marcas aut\u00f3ctonas, programas de televisi\u00f3n y fen\u00f3menos culturales propios, la pel\u00edcula \u201cIdiocracia\u201d, estrenada en 2006, bien podr\u00eda haber cobrado relevancia universal. <\/p>\n\n\n\n<p>A\u00fan as\u00ed, la s\u00e1tira futurista y \u00e1cida -dirigida por Mike Judge- no deja de ser perturbadoramente prof\u00e9tica, ya que el mundo que describe est\u00e1 habitado por idiotas, gobernado por idiotas, y condenado a un apocalipsis que se producir\u00e1 por el accionar de esa idiotez que caracteriza a la humanidad del a\u00f1o 2503. <\/p>\n\n\n\n<p>Sin embargo no hizo falta esperar 500 a\u00f1os para encontrar un sinf\u00edn de similitudes entre el mundo imaginario de Judge y el actual. La llegada de Donald Trump al gobierno de los Estados Unidos adelant\u00f3 la profec\u00eda. En el film, el presidente es una estrella de la lucha libre y actor porno. <\/p>\n\n\n\n<p>Por todos es sabido que Trump disfruta de presentarse en los combates de pro-wrestling y que su campa\u00f1a estuvo basada en el show y el entretenimiento, y en su man\u00eda por autoproclamarse \u201cgran follador\u201d; auto-descripci\u00f3n que logr\u00f3 conquistar el voto del macho idiota americano.<\/p>\n\n\n\n<figure class=\"wp-block-embed is-type-video is-provider-youtube wp-block-embed-youtube wp-embed-aspect-4-3 wp-has-aspect-ratio\"><div class=\"wp-block-embed__wrapper\">\n<iframe title=\"Showmatch 2009 - Macri y su doble cantaron un tema de Queen\" width=\"1110\" height=\"833\" src=\"https:\/\/www.youtube.com\/embed\/myBai9fNjrM?feature=oembed\" frameborder=\"0\" allow=\"accelerometer; autoplay; clipboard-write; encrypted-media; gyroscope; picture-in-picture; web-share\" allowfullscreen><\/iframe>\n<\/div><figcaption class=\"wp-element-caption\">Mauricio Macri Expresidente de Argentina <\/figcaption><\/figure>\n\n\n\n<p>De \u201cIdiocracia\u201d se desprende el documental \u201cNuestros cerebros en peligro\u201d, en el que se recogen los testimonios de cient\u00edficos de diversos pa\u00edses que han investigado el d\u00e9ficit de inteligencia que afecta a la raza humana. Quiz\u00e1s como resultado de este d\u00e9ficit -cient\u00edficamente comprobado- nos encontramos hoy con una sociedad que no s\u00f3lo aplaude las incongruencias de sus representantes, sino que las reproduce como grandes m\u00e1ximas. <\/p>\n\n\n\n<p>Una sociedad embrutecida para la cual la pol\u00edtica y el reality show que miran por tv, mientras comen papas fritas, son la misma cosa; una sociedad dirigida por aut\u00e9nticos payasos que desde sus sillones presidenciales desaf\u00edan al sentido com\u00fan, y convierten la realidad en un espect\u00e1culo circense que el idiota elector aplaudir\u00e1 con alegr\u00eda, ignorando que ser\u00e1 su propia idiotez la que acabe, finalmente, por provocar el apocalipsis.<\/p>\n\n\n\n<p><\/p>\n","protected":false},"excerpt":{"rendered":"<p>Por Walter C. Medina. Revista TU VOZ, Argentina. En estos tiempos por los que atraviesa Argentina y la elecci\u00f3n de Milei decid\u00ed volver a &#8230; <\/p>\n<p class=\"read-more-container\"><a title=\"Idiocracia, el poder de los idiotas\" class=\"read-more button\" href=\"https:\/\/xn--tuvozdiasporaespaola-k7b.com\/page\/2\/idiocracia-el-poder-de-los-idiotas\/#more-4455\" aria-label=\"M\u00e1s en Idiocracia, el poder de los idiotas\">Leer m\u00e1s<\/a><\/p>\n","protected":false},"author":222560522,"featured_media":4457,"comment_status":"open","ping_status":"open","sticky":false,"template":"","format":"standard","meta":{"footnotes":""},"categories":[121868,121850],"tags":[],"class_list":["post-4455","post","type-post","status-publish","format-standard","has-post-thumbnail","hentry","category-latinoamerica","category-politica","resize-featured-image"],"_links":{"self":[{"href":"https:\/\/xn--tuvozdiasporaespaola-k7b.com\/page\/2\/wp-json\/wp\/v2\/posts\/4455","targetHints":{"allow":["GET"]}}],"collection":[{"href":"https:\/\/xn--tuvozdiasporaespaola-k7b.com\/page\/2\/wp-json\/wp\/v2\/posts"}],"about":[{"href":"https:\/\/xn--tuvozdiasporaespaola-k7b.com\/page\/2\/wp-json\/wp\/v2\/types\/post"}],"author":[{"embeddable":true,"href":"https:\/\/xn--tuvozdiasporaespaola-k7b.com\/page\/2\/wp-json\/wp\/v2\/users\/222560522"}],"replies":[{"embeddable":true,"href":"https:\/\/xn--tuvozdiasporaespaola-k7b.com\/page\/2\/wp-json\/wp\/v2\/comments?post=4455"}],"version-history":[{"count":3,"href":"https:\/\/xn--tuvozdiasporaespaola-k7b.com\/page\/2\/wp-json\/wp\/v2\/posts\/4455\/revisions"}],"predecessor-version":[{"id":4461,"href":"https:\/\/xn--tuvozdiasporaespaola-k7b.com\/page\/2\/wp-json\/wp\/v2\/posts\/4455\/revisions\/4461"}],"wp:featuredmedia":[{"embeddable":true,"href":"https:\/\/xn--tuvozdiasporaespaola-k7b.com\/page\/2\/wp-json\/wp\/v2\/media\/4457"}],"wp:attachment":[{"href":"https:\/\/xn--tuvozdiasporaespaola-k7b.com\/page\/2\/wp-json\/wp\/v2\/media?parent=4455"}],"wp:term":[{"taxonomy":"category","embeddable":true,"href":"https:\/\/xn--tuvozdiasporaespaola-k7b.com\/page\/2\/wp-json\/wp\/v2\/categories?post=4455"},{"taxonomy":"post_tag","embeddable":true,"href":"https:\/\/xn--tuvozdiasporaespaola-k7b.com\/page\/2\/wp-json\/wp\/v2\/tags?post=4455"}],"curies":[{"name":"wp","href":"https:\/\/api.w.org\/{rel}","templated":true}]}}