{"id":4446,"date":"2023-11-21T14:50:21","date_gmt":"2023-11-21T17:50:21","guid":{"rendered":"https:\/\/xn--tuvozdiasporaespaola-k7b.com\/page\/2\/?p=4446"},"modified":"2023-11-21T14:50:21","modified_gmt":"2023-11-21T17:50:21","slug":"de-presidentes-electos-y-soberanias","status":"publish","type":"post","link":"https:\/\/xn--tuvozdiasporaespaola-k7b.com\/page\/2\/de-presidentes-electos-y-soberanias\/","title":{"rendered":"DE PRESIDENTES ELECTOS Y SOBERAN\u00cdAS"},"content":{"rendered":"\n<p>Por Walter C. Medina, Redacci\u00f3n TU VOZ,  Argentina <\/p>\n\n\n\n<p>Finalmente sucedi\u00f3 eso con lo que millones de argentinos asoci\u00e1bamos a una de las pesadillas m\u00e1s temidas. Milei presidente. Asistir a este hecho hist\u00f3rico es un desaf\u00edo en s\u00ed mismo para quienes consideramos que la Patria es el hogar sagrado en el que habitamos; la casa com\u00fan en la que dirimimos diferencias y limamos asperezas, siempre  dentro del marco democr\u00e1tico que supimos conseguir. <\/p>\n\n\n\n<p>Por primera vez en la historia de la democracia celebramos un D\u00eda de la Soberan\u00eda con un flamante presidente electo dispuesto a entregarla, a rematarla al mejor postor.  <strong>Por primera vez en cuarenta a\u00f1os la democracia elije a quien no pudo responder a una simple pregunta: \u201c\u00bfUsted cree en el sistema democr\u00e1tico?\u201d.<\/strong><\/p>\n\n\n\n<figure class=\"wp-block-gallery has-nested-images columns-default is-cropped wp-block-gallery-1 is-layout-flex wp-block-gallery-is-layout-flex\">\n<figure class=\"wp-block-image size-large\"><img fetchpriority=\"high\" decoding=\"async\" width=\"1024\" height=\"683\" data-id=\"4452\" src=\"https:\/\/xn--tuvozdiasporaespaola-k7b.com\/wp-content\/uploads\/2023\/11\/2918-la-represion-en-la-juventud-un-hecho-en-el-capitalismo-1024x683.png\" alt=\"\" class=\"wp-image-4452\" srcset=\"https:\/\/xn--tuvozdiasporaespaola-k7b.com\/wp-content\/uploads\/2023\/11\/2918-la-represion-en-la-juventud-un-hecho-en-el-capitalismo-1024x683.png 1024w, https:\/\/xn--tuvozdiasporaespaola-k7b.com\/wp-content\/uploads\/2023\/11\/2918-la-represion-en-la-juventud-un-hecho-en-el-capitalismo-300x200.png 300w, https:\/\/xn--tuvozdiasporaespaola-k7b.com\/wp-content\/uploads\/2023\/11\/2918-la-represion-en-la-juventud-un-hecho-en-el-capitalismo-768x512.png 768w, https:\/\/xn--tuvozdiasporaespaola-k7b.com\/wp-content\/uploads\/2023\/11\/2918-la-represion-en-la-juventud-un-hecho-en-el-capitalismo.png 1170w\" sizes=\"(max-width: 1024px) 100vw, 1024px\" \/><\/figure>\n<\/figure>\n\n\n\n<p>Argentina comienza una nueva etapa en la que, de la mano del populismo de derechas, ser\u00e1 un laboratorio fascista \u201c<strong>en el que la crueldad y la estupidez ser\u00e1n celebradas, y perseguidos los cuadros pol\u00edticos populares\u201d, tal como afirma Sandra Ruso en su columna \u201cLos Pueblos se Equivocan\u201d<\/strong>, publicada ayer en el diario P\u00e1gina 12.<\/p>\n\n\n\n<p>Como si se tratara de un d\u00e9j\u00e1 v\u00fa, el ultraderechista que en campa\u00f1a <strong>no dud\u00f3 en amenazar a \u201clos zurdos de mierda\u201d <\/strong>con que iban a correr, ya adelant\u00f3 una serie de medidas privatizadoras que s\u00f3lo podr\u00e1 implementar a fuerza de represi\u00f3n. <\/p>\n\n\n\n<p>Para esta tarea, <strong>el ultraderechista electo presidente cuenta con quien ser\u00e1 su aliado; el Jefe de Gobierno porte\u00f1o Jorge Macri, primo de ese otro Macri que, seg\u00fan aseguraba Milei hasta hace diez d\u00edas atr\u00e1s, representaba a esa \u201ccasta de delincuentes\u201d que \u00e9l ven\u00eda a combatir, pero que sin embargo ha acabado por convertirse en su titiritero<\/strong>. <\/p>\n\n\n\n<figure class=\"wp-block-gallery has-nested-images columns-default is-cropped wp-block-gallery-2 is-layout-flex wp-block-gallery-is-layout-flex\">\n<figure class=\"wp-block-image size-large\"><img decoding=\"async\" width=\"1024\" height=\"680\" data-id=\"4451\" src=\"https:\/\/xn--tuvozdiasporaespaola-k7b.com\/wp-content\/uploads\/2023\/11\/7d3501d9ede9833e0305a8526de9e4d5-1024x680.jpg\" alt=\"\" class=\"wp-image-4451\" srcset=\"https:\/\/xn--tuvozdiasporaespaola-k7b.com\/wp-content\/uploads\/2023\/11\/7d3501d9ede9833e0305a8526de9e4d5-1024x680.jpg 1024w, https:\/\/xn--tuvozdiasporaespaola-k7b.com\/wp-content\/uploads\/2023\/11\/7d3501d9ede9833e0305a8526de9e4d5-300x199.jpg 300w, https:\/\/xn--tuvozdiasporaespaola-k7b.com\/wp-content\/uploads\/2023\/11\/7d3501d9ede9833e0305a8526de9e4d5-768x510.jpg 768w, https:\/\/xn--tuvozdiasporaespaola-k7b.com\/wp-content\/uploads\/2023\/11\/7d3501d9ede9833e0305a8526de9e4d5.jpg 1300w\" sizes=\"(max-width: 1024px) 100vw, 1024px\" \/><\/figure>\n<\/figure>\n\n\n\n<p>\u201c<strong>El Estado se encargar\u00e1 de la seguridad y la Justicia. Cuando hay un delito se lo reprime. Ayer dije que fuera de la ley, nada. Ac\u00e1 la ley se va a cumplir\u201d, <\/strong>dijo Milei refiri\u00e9ndose a la reacci\u00f3n popular y al derecho a manifestarse, como \u201c<strong>delito\u201d.   \u201cLas protestas contra las medidas de ajuste ser\u00e1n tratadas como delito y, por ende, reprimidas\u201d<\/strong>.<\/p>\n\n\n\n<p>En el D\u00eda de la Soberan\u00eda, con la complicidad de los medios de comunicaci\u00f3n hegem\u00f3nicos, con la amnesia colectiva, el odio reprimido y la voluntad manifiesta de meterse un tiro en el propio pie de esa porci\u00f3n gigante del electorado que le dio <strong>el triunfo, Milei, el admirador de Margaret Thatcher, el tipo que define a su propia moneda como \u201cexcremento\u201d, ya exhibe su totalitarismo con total impunidad, confiado \u2013quiz\u00e1s- en la fortaleza de los hilos de los que tira su titiritero. <\/strong>     <\/p>\n","protected":false},"excerpt":{"rendered":"<p>Por Walter C. Medina, Redacci\u00f3n TU VOZ, Argentina Finalmente sucedi\u00f3 eso con lo que millones de argentinos asoci\u00e1bamos a una de las pesadillas m\u00e1s &#8230; <\/p>\n<p class=\"read-more-container\"><a title=\"DE PRESIDENTES ELECTOS Y SOBERAN\u00cdAS\" class=\"read-more button\" href=\"https:\/\/xn--tuvozdiasporaespaola-k7b.com\/page\/2\/de-presidentes-electos-y-soberanias\/#more-4446\" aria-label=\"M\u00e1s en DE PRESIDENTES ELECTOS Y SOBERAN\u00cdAS\">Leer m\u00e1s<\/a><\/p>\n","protected":false},"author":222560522,"featured_media":4453,"comment_status":"open","ping_status":"open","sticky":false,"template":"","format":"standard","meta":{"footnotes":""},"categories":[121868,121850],"tags":[],"class_list":["post-4446","post","type-post","status-publish","format-standard","has-post-thumbnail","hentry","category-latinoamerica","category-politica","resize-featured-image"],"_links":{"self":[{"href":"https:\/\/xn--tuvozdiasporaespaola-k7b.com\/page\/2\/wp-json\/wp\/v2\/posts\/4446","targetHints":{"allow":["GET"]}}],"collection":[{"href":"https:\/\/xn--tuvozdiasporaespaola-k7b.com\/page\/2\/wp-json\/wp\/v2\/posts"}],"about":[{"href":"https:\/\/xn--tuvozdiasporaespaola-k7b.com\/page\/2\/wp-json\/wp\/v2\/types\/post"}],"author":[{"embeddable":true,"href":"https:\/\/xn--tuvozdiasporaespaola-k7b.com\/page\/2\/wp-json\/wp\/v2\/users\/222560522"}],"replies":[{"embeddable":true,"href":"https:\/\/xn--tuvozdiasporaespaola-k7b.com\/page\/2\/wp-json\/wp\/v2\/comments?post=4446"}],"version-history":[{"count":2,"href":"https:\/\/xn--tuvozdiasporaespaola-k7b.com\/page\/2\/wp-json\/wp\/v2\/posts\/4446\/revisions"}],"predecessor-version":[{"id":4454,"href":"https:\/\/xn--tuvozdiasporaespaola-k7b.com\/page\/2\/wp-json\/wp\/v2\/posts\/4446\/revisions\/4454"}],"wp:featuredmedia":[{"embeddable":true,"href":"https:\/\/xn--tuvozdiasporaespaola-k7b.com\/page\/2\/wp-json\/wp\/v2\/media\/4453"}],"wp:attachment":[{"href":"https:\/\/xn--tuvozdiasporaespaola-k7b.com\/page\/2\/wp-json\/wp\/v2\/media?parent=4446"}],"wp:term":[{"taxonomy":"category","embeddable":true,"href":"https:\/\/xn--tuvozdiasporaespaola-k7b.com\/page\/2\/wp-json\/wp\/v2\/categories?post=4446"},{"taxonomy":"post_tag","embeddable":true,"href":"https:\/\/xn--tuvozdiasporaespaola-k7b.com\/page\/2\/wp-json\/wp\/v2\/tags?post=4446"}],"curies":[{"name":"wp","href":"https:\/\/api.w.org\/{rel}","templated":true}]}}